{"id":1002,"date":"2010-06-04T22:39:04","date_gmt":"2010-06-04T21:39:04","guid":{"rendered":"http:\/\/bassdu.mine.nu\/?p=1002"},"modified":"2010-06-05T14:08:06","modified_gmt":"2010-06-05T13:08:06","slug":"steme-ale-daciei","status":"publish","type":"post","link":"http:\/\/bassdu.mine.bz\/?p=1002","title":{"rendered":"Steme ale Daciei"},"content":{"rendered":"<p><a href=\"http:\/\/bassdu.mine.nu\/images\/2010\/06\/stema-Daciei1.jpg\"><img loading=\"lazy\" decoding=\"async\" class=\"aligncenter size-full wp-image-1010\" title=\"stema Daciei\" src=\"http:\/\/bassdu.mine.nu\/images\/2010\/06\/stema-Daciei1.jpg\" alt=\"\" width=\"289\" height=\"300\" \/><\/a><\/p>\n<p>Stema Daciei, dup\u0103 descrierea lui Miron Costin<\/p>\n<p><a href=\"http:\/\/bassdu.mine.nu\/images\/2010\/06\/stema-Daciei.jpg\"><\/a><a href=\"http:\/\/bassdu.mine.nu\/images\/2010\/06\/stema-Daciei-reunite2.jpeg\"><img loading=\"lazy\" decoding=\"async\" class=\"aligncenter size-full wp-image-1005\" title=\"stema Daciei reunite\" src=\"http:\/\/bassdu.mine.nu\/images\/2010\/06\/stema-Daciei-reunite2.jpeg\" alt=\"\" width=\"800\" height=\"450\" srcset=\"http:\/\/bassdu.mine.bz\/images\/2010\/06\/stema-Daciei-reunite2.jpeg 800w, http:\/\/bassdu.mine.bz\/images\/2010\/06\/stema-Daciei-reunite2-300x168.jpg 300w\" sizes=\"(max-width: 800px) 100vw, 800px\" \/><\/a><\/p>\n<p>Stema Daciei Unificate (Mihai Viteazul zis DACUS MALUS \u00een coresponden\u0163a cancelariilor europene), cu leii ce \u201durc\u0103\u201d Kogaionul (1600)<\/p>\n<p><a href=\"http:\/\/bassdu.mine.nu\/images\/2010\/06\/stema-1881-1.jpeg\"><img loading=\"lazy\" decoding=\"async\" class=\"aligncenter size-full wp-image-1009\" title=\"stema 1881\" src=\"http:\/\/bassdu.mine.nu\/images\/2010\/06\/stema-1881-1.jpeg\" alt=\"\" width=\"819\" height=\"599\" srcset=\"http:\/\/bassdu.mine.bz\/images\/2010\/06\/stema-1881-1.jpeg 819w, http:\/\/bassdu.mine.bz\/images\/2010\/06\/stema-1881-1-300x219.jpg 300w\" sizes=\"(max-width: 819px) 100vw, 819px\" \/><\/a>Stema Rom\u00e2niei din 1881<\/p>\n<p><a href=\"http:\/\/bassdu.mine.nu\/images\/2010\/06\/stema-Rom\u00e2niei-Mari.jpeg\"><img loading=\"lazy\" decoding=\"async\" class=\"aligncenter size-full wp-image-1007\" title=\"stema Rom\u00e2niei Mari\" src=\"http:\/\/bassdu.mine.nu\/images\/2010\/06\/stema-Rom\u00e2niei-Mari.jpeg\" alt=\"\" width=\"819\" height=\"599\" srcset=\"http:\/\/bassdu.mine.bz\/images\/2010\/06\/stema-Rom\u00e2niei-Mari.jpeg 819w, http:\/\/bassdu.mine.bz\/images\/2010\/06\/stema-Rom\u00e2niei-Mari-300x219.jpg 300w\" sizes=\"(max-width: 819px) 100vw, 819px\" \/><\/a>Stema Rom\u00e2niei Mari 1918<\/p>\n","protected":false},"excerpt":{"rendered":"<p>Stema Daciei, dup\u0103 descrierea lui Miron Costin Stema Daciei Unificate (Mihai Viteazul zis DACUS MALUS \u00een coresponden\u0163a cancelariilor europene), cu leii ce \u201durc\u0103\u201d Kogaionul (1600) Stema Rom\u00e2niei din 1881 Stema Rom\u00e2niei Mari 1918<\/p>\n","protected":false},"author":2,"featured_media":0,"comment_status":"open","ping_status":"open","sticky":false,"template":"","format":"standard","meta":{"footnotes":""},"categories":[1],"tags":[],"jetpack_featured_media_url":"","_links":{"self":[{"href":"http:\/\/bassdu.mine.bz\/index.php?rest_route=\/wp\/v2\/posts\/1002"}],"collection":[{"href":"http:\/\/bassdu.mine.bz\/index.php?rest_route=\/wp\/v2\/posts"}],"about":[{"href":"http:\/\/bassdu.mine.bz\/index.php?rest_route=\/wp\/v2\/types\/post"}],"author":[{"embeddable":true,"href":"http:\/\/bassdu.mine.bz\/index.php?rest_route=\/wp\/v2\/users\/2"}],"replies":[{"embeddable":true,"href":"http:\/\/bassdu.mine.bz\/index.php?rest_route=%2Fwp%2Fv2%2Fcomments&post=1002"}],"version-history":[{"count":5,"href":"http:\/\/bassdu.mine.bz\/index.php?rest_route=\/wp\/v2\/posts\/1002\/revisions"}],"predecessor-version":[{"id":1013,"href":"http:\/\/bassdu.mine.bz\/index.php?rest_route=\/wp\/v2\/posts\/1002\/revisions\/1013"}],"wp:attachment":[{"href":"http:\/\/bassdu.mine.bz\/index.php?rest_route=%2Fwp%2Fv2%2Fmedia&parent=1002"}],"wp:term":[{"taxonomy":"category","embeddable":true,"href":"http:\/\/bassdu.mine.bz\/index.php?rest_route=%2Fwp%2Fv2%2Fcategories&post=1002"},{"taxonomy":"post_tag","embeddable":true,"href":"http:\/\/bassdu.mine.bz\/index.php?rest_route=%2Fwp%2Fv2%2Ftags&post=1002"}],"curies":[{"name":"wp","href":"https:\/\/api.w.org\/{rel}","templated":true}]}}