{"id":1182,"date":"2010-09-07T21:21:05","date_gmt":"2010-09-07T20:21:05","guid":{"rendered":"http:\/\/bassdu.mine.nu\/?p=1182"},"modified":"2010-09-07T21:40:41","modified_gmt":"2010-09-07T20:40:41","slug":"%e2%80%9dminerii%e2%80%9d-si-%e2%80%9dciobanii%e2%80%9d-de-la-editura-dacica","status":"publish","type":"post","link":"http:\/\/bassdu.mine.bz\/?p=1182","title":{"rendered":"\u201dMinerii\u201d \u015fi \u201dCiobanii\u201d de la Editura Dacica"},"content":{"rendered":"<p>Iat\u0103 comentariul meu care a declan\u015fat \u201dscandalul\u201d cu Editura Dacica (sau Dacic\u0103 !?!?):<\/p>\n<p><strong>Am c\u00e2teva propuneri :<br \/>\n1. S? scrie?i cu diacritice.<br \/>\n2. S? c?uta?i \u201dleg?tura\u201d cu to?i cei ce au la suflet DACIA, ignor\u00e2nd  eventual ceea ce nu v? \u201dconvinge\u201d. Izolarea dictat? de prea mult spirit  \u201d?tiin?ific\u201d, este de \u00een?eles \u00een Academia rom\u00e2n?, unde unii sunt  convin?i c? ne tragem din \u2026 cumani ?i \u00eempotriva c?rora nu a?i avut  \u201dreac?ii violente\u201d. Aten?ie c? \u00eencep\u00e2nd s? combate?i pe Bucurescu, sau  S?vescu, f?r? a-l judeca pe Djuvara, pute?i termina prin a-l  combate pe  \u2026 Eminescu.<br \/>\nPersonal am r?mas cu un gust amar, de c\u00e2nd a?i ie?it din Mi?carea  Vrtual? DACIA, pe motiv c? nu face?i politic?. ?i politica poate ajuta  dacicanii !!!  Ce dacicani suntem dac? nu vrem DACIA cu tot ce avea mai  bun  ??? Mult mai important mi se pare combaterea lui Traian, dec\u00e2t a  Bucurescului.  Trebuie s? form?m un front comun, ci nu \u201ds? ne d?m la  gioale\u201d !  Eminescu dorea dacizarea Rom\u00e2niei ?i nu cred c? exist?  dacican s? \u201dv\u00e2slesc? \u00eempotriv?\u201d.  Fiecare s? fac? ce ?tie ?i s? caute  \u201dpunctele de \u00eent\u00e2lnire\u201d !<br \/>\nEu v? stimez pentru activitatea profesional? ?i a? dori s? primi?i  aceste sfaturi de \u2026 marketing.  Nu uita?i c? traim \u00eentr-o Rom\u00e2nie  manelizat? ! Editura Dacic? poate deveni un punct de \u201dagregare\u201d.<br \/>\nTO?I CEI CE AU LA SUFLET DACIA, TREBUIE S? STEA DE ACEIA?I PARTE !<\/strong><\/p>\n<p>Se pricepe dintr-o ochiad\u0103, de ce am solicitat folosirea diacriticelor (chestiunea nr.1). Deoarece comentariile cu diacritice, devin de ne\u00een\u0163eles.<\/p>\n<p>\u00cen ceea ce prive\u015fte chestiunea a 2-a, nu cred s\u0103 fi gre\u015fit, PROPUN\u00c2ND s\u0103 &#8230; nu ne mai cert\u0103m \u00eentre noi, c\u00e2nd ALTELE sunt pericolele !<\/p>\n<p>R\u0103spunsurile \u201dgazdei\u201d, au degenerat p\u00e2n\u0103 la niveluri greu de imaginat !<\/p>\n<p>Fapt este c\u0103 MI S-A INTERZIS S\u0102 COMENTEZ, \u00ceN TIMP CE SUNT \u00ceN CONTINUARE VICTIMA COMENTARIILOR LIPSITE DE BUN SIM\u0162 !!! D-na Pe\u0163an nu a auzit de DREPTUL LA REPLIC\u0102, atunci c\u00e2nd se discut\u0103 despre CINEVA !?!?\u00a0 A DISCUTA \u00ceN &#8230; LIPS\u0102, ESTE O CHESTIE CARE SE CHIAM\u0102 <strong>B\u00c2RF\u0102<\/strong> ! &#8230; care poate deveni \u015fi &#8230; ilegal\u0103 !<\/p>\n<p>Men\u0163ionez c\u0103 r\u0103spunsurile mele nu au fost jignitoare, ci educate \u015fi la \u201dobiect.\u201d<\/p>\n<p>Iat\u0103 un alt comentariu referitor la rom\u00e2nii din Diaspora, <strong>aprobat de d-na (?) Aurora Pe\u0163an :<\/strong><\/p>\n<p><strong><br \/>\n<\/strong><\/p>\n<p><strong>Vor veni in vizita cu masini inchiriate,tragind foamea citeva luni numai  ptr a demonstra ca o duc bine dincolo\u2026.De fapt, vin acasa de sarbatori  ca sa manince si ei bine o data sau de doua ori pe an !<\/strong><\/p>\n<p><strong><br \/>\n<\/strong><br \/>\n<strong><em>\u201dCiobanul\u201d marcjura<\/em> (nu pierde\u0163i postarea anterioar\u0103) <\/strong>a \u00eencercat s\u0103 \u201d<em>dreag\u0103 busuiocul<\/em>\u201d oarecum, umpl\u00e2nd o pagin\u0103 cu <em>citate din care nu pricepe nimic<\/em>, \u0163in\u00e2nd cont de ce este capabil s\u0103 \u201d<strong>regurgiteze<\/strong>\u201d !\u00a0 A stat el ce-a stat \u015fi a \u00eemp\u0103r\u0163it emigran\u0163ii \u00een 3 categorii,<strong> dup\u0103 ce ieri eram to\u0163i din Diaspora, o ap\u0103 \u015fi un p\u0103m\u00e2nt (vezi postarea anterioar\u0103) <\/strong>plas\u00e2ndu-m\u0103 bine\u00een\u0163eles pe mine \u00een &#8230; cea mai mizerabil\u0103, <em>deoarece stau aici \u015fi promit c\u0103 o s\u0103 m\u0103 \u00eentorc<\/em>, ca babele ce se  roag\u0103 Domnului s\u0103 moar\u0103 m\u00e2ine. \u0162in s\u0103 precizez c\u0103 <strong>stimez categoria ciobanilor, a c\u0103ror br\u00e2nz\u0103 o m\u0103n\u00e2nc zilnic,<\/strong> dar nu-i suf\u0103r pe <strong>CEILAL\u0162I<\/strong>, dintre care unii au ajuns \u015fi <strong>europarlamentari<\/strong>, iar al\u0163ii nu sunt altceva dec\u00e2t &#8230; <strong>\u201dMINERI\u201d <\/strong>(<em>scuze adev\u0103ra\u0163ilor mineri, ce nu se las\u0103 &#8230; manipula\u0163i !)<\/em><\/p>\n<p><strong>Eu am motive serioase s\u0103 stau (temporar) AICI, iar dac\u0103 o s\u0103 m\u0103 obliga\u0163i s\u0103 vi le spun, &#8230; o s\u0103 v\u0103 sim\u0163i\u0163i de tot r&#8230;..l !!!<\/strong><\/p>\n<p>Nu \u015ftiu ce se poate replica unor astfel de sub-oameni<strong>, \u00een mod civilizat !?!?<\/strong><\/p>\n<p>Nu \u015ftiu \u201d<strong>ce are \u00een cap<\/strong>\u201d un administrator al unei Edituri, care \u201d<strong>valideaz\u0103<\/strong>\u201d astfel de opinii !?!?<\/p>\n<p>Eu \u201dv-am citit\u201dadev\u0103rata fa\u0163\u0103, d-n\u0103 <strong>Pe\u0163an<\/strong> !!!<\/p>\n<p>Acum \u00een\u0163eleg de ce nu comenta\u0163i teoriile fantasmagorice ale d-lui <strong>Djuvara<\/strong>, care ne vrea urma\u015fii unor c\u0103ru\u0163a\u015fi (<em>CUMANII<\/em>) ce au intrat \u00een <strong>Istorie<\/strong>, numai deoarece &#8230; <em>s-au catolicizat \u00een Pannonia<\/em> &#8230; \u015fi asta pentru pu\u0163in timp. Acum \u00een\u0163eleg de ce nu-i explica\u0163i d-lui<strong> Djuvara<\/strong> \u015fi &#8230;&#8230;lui\u00a0<strong> Patapievici<\/strong>, c\u0103<strong> Bessarabia<\/strong> nu vine de la <em>Basarab<\/em>, ci de la numele<strong> TRIBULUI DAC al BESSILOR <\/strong>!<\/p>\n<p><strong>Noi nu avem ADN de turci, d-le Djuvara, &#8230; poate dumneata, &#8230; dar nu \u015fi NOI !!! <\/strong> Probabil c\u0103 d-na Pe\u0163an, vrea s\u0103 intre \u00een gra\u0163iile unor astfel de <strong>MI\u015eTO_rnici<\/strong> (sau<strong> i_SCORNI_ci<\/strong>), pentru un loc\u015for \u00een<strong> Academie<\/strong>.\u00a0 Iat\u0103 un probabil motiv pentru <em>A NU R\u0102SPUNDE LA CEREREA MEA,<\/em> formulat\u0103 \u00een mod prietenesc.<\/p>\n<p>Eu hot\u0103r\u00e2sem s\u0103 ajut cu bani Editura, din banii mei de \u201dvenetic\u201d, dar bine am f\u0103cut c\u0103 \u201dv-am testat\u201d !\u00a0\u00a0 Trebuia s\u0103 m\u0103 l\u0103muresc &#8230; \u015fi ce l\u0103mureal\u0103 am avut !?!?<\/p>\n<p>Pe dumneavoastr\u0103 v\u0103 doare \u00een cot de Dacia, a\u015fa cum o demonstra\u0163i batjocorind oameni \u201dcare cred\u201d \u015fi nu v\u0103 intereseaz\u0103 dec\u00e2t &#8230; profitul de pe seama acestui brand .\u00a0 De ce pe de-o parte \u201d<em>bate\u0163i \u015faua<\/em>\u201d cu <strong>T\u0103bli\u0163ele de la Sinaia<\/strong>, iar pe de alta refuza\u0163i s\u0103 v\u0103 angaja\u0163i la traducerea lor (nu gratis, ci retribuit\u0103 de unul &#8211;<strong>S\u0103vescu<\/strong>&#8211; pe care-l \u201d<em>lua\u0163i peste picior<\/em>\u201d) ???<\/p>\n<p>Este ultima oar\u0103 c\u0103 m\u0103 \u201denervez\u201ddin cauza<strong> duduii<\/strong> cu<span style=\"text-decoration: underline;\"> <\/span><strong><span style=\"text-decoration: underline;\">nume \u015fi apuc\u0103turi de cruci\u015f\u0103tor sovietic<\/span> !<\/strong><\/p>\n<p><strong>Drum bun \u015fi cale b\u0103tut\u0103 ! \u015ei nu v\u0103 face\u0163i vise, pentru c\u0103 Academia este &#8230; de restructurat\u00a0 !<\/strong><\/p>\n","protected":false},"excerpt":{"rendered":"<p>Iat\u0103 comentariul meu care a declan\u015fat \u201dscandalul\u201d cu Editura Dacica (sau Dacic\u0103 !?!?): Am c\u00e2teva propuneri : 1. S? scrie?i cu diacritice. 2. S? c?uta?i \u201dleg?tura\u201d cu to?i cei ce au la suflet DACIA, ignor\u00e2nd eventual ceea ce nu v? \u201dconvinge\u201d. Izolarea dictat? de prea mult spirit \u201d?tiin?ific\u201d, este de \u00een?eles \u00een Academia rom\u00e2n?, unde [&hellip;]<\/p>\n","protected":false},"author":2,"featured_media":0,"comment_status":"open","ping_status":"open","sticky":false,"template":"","format":"standard","meta":{"footnotes":""},"categories":[1],"tags":[],"jetpack_featured_media_url":"","_links":{"self":[{"href":"http:\/\/bassdu.mine.bz\/index.php?rest_route=\/wp\/v2\/posts\/1182"}],"collection":[{"href":"http:\/\/bassdu.mine.bz\/index.php?rest_route=\/wp\/v2\/posts"}],"about":[{"href":"http:\/\/bassdu.mine.bz\/index.php?rest_route=\/wp\/v2\/types\/post"}],"author":[{"embeddable":true,"href":"http:\/\/bassdu.mine.bz\/index.php?rest_route=\/wp\/v2\/users\/2"}],"replies":[{"embeddable":true,"href":"http:\/\/bassdu.mine.bz\/index.php?rest_route=%2Fwp%2Fv2%2Fcomments&post=1182"}],"version-history":[{"count":9,"href":"http:\/\/bassdu.mine.bz\/index.php?rest_route=\/wp\/v2\/posts\/1182\/revisions"}],"predecessor-version":[{"id":1188,"href":"http:\/\/bassdu.mine.bz\/index.php?rest_route=\/wp\/v2\/posts\/1182\/revisions\/1188"}],"wp:attachment":[{"href":"http:\/\/bassdu.mine.bz\/index.php?rest_route=%2Fwp%2Fv2%2Fmedia&parent=1182"}],"wp:term":[{"taxonomy":"category","embeddable":true,"href":"http:\/\/bassdu.mine.bz\/index.php?rest_route=%2Fwp%2Fv2%2Fcategories&post=1182"},{"taxonomy":"post_tag","embeddable":true,"href":"http:\/\/bassdu.mine.bz\/index.php?rest_route=%2Fwp%2Fv2%2Ftags&post=1182"}],"curies":[{"name":"wp","href":"https:\/\/api.w.org\/{rel}","templated":true}]}}