{"id":1337,"date":"2010-11-27T11:48:11","date_gmt":"2010-11-27T10:48:11","guid":{"rendered":"http:\/\/bassdu.mine.nu\/?p=1337"},"modified":"2010-11-27T20:49:59","modified_gmt":"2010-11-27T19:49:59","slug":"miscarea-legionara","status":"publish","type":"post","link":"http:\/\/bassdu.mine.bz\/?p=1337","title":{"rendered":"Mi\u015fcarea Legionar\u0103"},"content":{"rendered":"<p><!-- p { margin-bottom: 0.21cm; } --><span style=\"font-size: medium;\"><strong>Mi\u015fcarea Legionar\u0103<\/strong><\/span><\/p>\n<p>Dup\u0103 ce ne-am l\u0103murit asupra<strong> Monarhiei<\/strong>, s\u0103 \u00eencerc\u0103m s\u0103 pricepem c\u00e2te ceva despre mi\u015fcarea <em>(\u015fi ei !?)<\/em> lui <strong>Corneliu Zelea Codreanu<\/strong>, mai ales c\u0103 mul\u0163i aderen\u0163i la <strong>Mi\u015fcarea DACI<\/strong>A, se salut\u0103 cu TLC (<em>Tr\u0103iasc\u0103 Legiunea \u015fi C\u0103pitanul <\/em>!)<\/p>\n<p><strong>Ce avem \u00een comun \u015fi ce ne &#8230; separ\u0103?<\/strong><\/p>\n<p>\u00cen primul r\u00e2nd, avem \u00een comun numele de <strong>\u201eMi\u015fcare\u201d<\/strong>. Apoi, interesul comun \u00een promovarea <strong>Tradi\u0163iilor \u015fi Obiceiurilor<\/strong>, inclusiv a celor <strong>religioase<\/strong>, lupta \u00eempotriva <strong>Globaliz\u0103rii<\/strong>, a <strong>corup\u0163iei<\/strong>, a \u00ee<strong>nstr\u0103in\u0103rii <\/strong><strong> resurselor na\u0163ionale<\/strong>, a denatur\u0103rii <strong>Istoriei \u015fi Limbii<\/strong> rom\u00e2ne\u015fti, a aservirii <strong>Interesului Na\u0163ional, <\/strong>intereselor altor popoare \u015fi grupuri de Putere, etc.<\/p>\n<p>Este actual acest mesaj al <em><strong>C\u0103pitanului<\/strong><\/em> :<\/p>\n<p>\u201e<em>Scrie\u0163i pe steagurile voastre: streinii ne-au cople\u015fit. Presa \u00eenstr\u0103inata ne otr\u0103ve\u015fte. Politicianismul ne omoar\u0103. Suna\u0163i din tr\u00e2mbi\u0163e alarma. Suna\u0163i din toate puterile.<\/em> <em>\u00cen clipa c\u00e2nd du\u015fmanii ne cople\u015fesc \u015fi politicienii ne v\u00e2nd, striga\u0163i cu \u00eenfrigurare ca pe potecile mun\u0163ilor \u00een ceasuri de furtun\u0103:<\/em> Patria! Patria! Patria!<\/p>\n<p>Remarcabile sunt Taberele de munc\u0103 ale tinerilor legionari \u00eentre r\u0103zboaie, unde se realizau diverse obiective de interes na\u0163ional \u015fi se cultivau (printre altele) dragostea de <strong>Patrie<\/strong> \u015fi fa\u0163\u0103 de to\u0163i <strong>fra\u0163ii d<\/strong><strong>e<\/strong><strong> un s\u00e2nge cu noi <\/strong> ( \u201e,<em>Vom lupta \u00eempreun\u0103 pentru Neamul nostru \u00eentreg din Pind \u015fi p\u00e2n\u0103 dincolo de Nistru <\/em><em>\u201d).<\/em><\/p>\n<p>La un moment dat, au avut \u015fi un jurnal <strong>\u201eDacia No<\/strong><strong>u\u0103<\/strong><strong>\u201d<\/strong>, de\u015fi nu v\u0103d motivul, ei indentific\u00e2ndu-se \u00een <strong>LEGIUNI<\/strong>, folosind <strong>SALUTUL ROMAN<\/strong> \u015fi a\u015ftept\u00e2nd \u201er\u0103s\u0103ritul soarelui\u201d de la &#8230; <strong>ROMA<\/strong>, \u015fi <strong>Berlin<\/strong>, ci nu de la&#8230; R\u0103s\u0103rit ( <em>a\u015fa cum afirma Codreanu<\/em> ), \u00een timp ce noi sus\u0163inem c\u0103 <strong>NU SUNTEM URMA\u015eII ROMEI<\/strong> !?!?  M\u0103 \u00eentreb dac\u0103 anumi\u0163i&#8230; <strong>\u201edacicani\u201d<\/strong>, cunosc acest&#8230; \u201edetaliu\u201d ? \u00cen acela\u015fi context, desi promotori ai <strong>Ortodoxiei<\/strong>, foloseau <strong>CRUCEA CELTIC\u0102.<\/strong><\/p>\n<p style=\"text-align: center;\"><a href=\"http:\/\/bassdu.mine.nu\/images\/2010\/11\/noua_dreapta-svg2.png\"><img loading=\"lazy\" decoding=\"async\" class=\"size-full wp-image-1338 aligncenter\" title=\"noua_dreapta-svg2\" src=\"http:\/\/bassdu.mine.nu\/images\/2010\/11\/noua_dreapta-svg2.png\" alt=\"\" width=\"248\" height=\"243\" srcset=\"http:\/\/bassdu.mine.bz\/images\/2010\/11\/noua_dreapta-svg2.png 413w, http:\/\/bassdu.mine.bz\/images\/2010\/11\/noua_dreapta-svg2-300x294.png 300w\" sizes=\"(max-width: 248px) 100vw, 248px\" \/><\/a><\/p>\n<p>Dac\u0103 tot trebuie s\u0103 <em>\u201ene \u00eentoarcem\u201d<\/em> \u00een Trecut, eu cred c\u0103 este mai indicat\u0103 aceast\u0103 cruce dacic\u0103, ce demonstreaz\u0103 c\u0103 noi eram cre\u015ftini, \u00eenainte de apari\u0163ia &#8230; <strong>CRE\u015eTINISMULUI<\/strong> !<\/p>\n<p style=\"text-align: center;\"><a href=\"http:\/\/bassdu.mine.nu\/images\/2010\/11\/soare-dacic-1.jpeg\"><img loading=\"lazy\" decoding=\"async\" class=\"size-full wp-image-1339 aligncenter\" title=\"soare dacic 1\" src=\"http:\/\/bassdu.mine.nu\/images\/2010\/11\/soare-dacic-1.jpeg\" alt=\"\" width=\"160\" height=\"160\" srcset=\"http:\/\/bassdu.mine.bz\/images\/2010\/11\/soare-dacic-1.jpeg 160w, http:\/\/bassdu.mine.bz\/images\/2010\/11\/soare-dacic-1-150x150.jpg 150w\" sizes=\"(max-width: 160px) 100vw, 160px\" \/><\/a><\/p>\n<p>Cred de asemenea c\u0103 implicarea <strong>Bisericii<\/strong> \u00een <strong>Politic\u0103<\/strong> \u015fi<strong> invers<\/strong>, este <em>d\u0103un\u0103toare ambelor.<\/em> Biserica trebuie s\u0103 stea departe de <strong>\u201emanipul\u0103ri\u201d<\/strong> ce nu au nimic \u00een comun cu <strong>Spiritul<\/strong>, ci cu <strong>Lupta pentru Putere !<\/strong> <em>Din p\u0103cate trecutul, dar \u015fi prezentul, infirm\u0103 aceast\u0103 Tez\u0103 !<\/em><\/p>\n<p>Ceea ce nu ne place, este \u00eens\u0103 <em>educa\u0163ia  militar\u0103<\/em>, ce este \u00een contradic\u0163ie cu <em>spiritul nostru pacific<\/em>, dar \u015fi cu declara\u0163iile C\u0103pitanului :<\/p>\n<p>\u201e<em>Niciodat\u0103 Mi\u015fcarea Legionar\u0103, pentru a birui, nu va recurge la ideea de complot sau lovitur\u0103 de stat.\u201d<\/em><\/p>\n<p>&#8230; Horia Sima, nu a \u0163inut cont de aceast\u0103 Linie Directoare !?<\/p>\n<p>Realitatea este c\u0103, <strong>Mi\u015fcarea Legionar\u0103<\/strong> a activat \u00een <strong>vremurile tulburi<\/strong> dintre cele dou\u0103 r\u0103zboaie, cu tot caruselul de <strong>contradic\u0163ii<\/strong> specifice acelei perioade. F\u0103cea parte din <strong>SISTEM<\/strong>, lupt\u00e2nd pentru <strong>PUTERE<\/strong> \u015fi trec\u00e2nd astfel, de la o pozi\u0163ie la alta, de multe ori <strong>contradictorii<\/strong>. Astfel au devenit din monarhi\u015fti, anti-monarhi\u015fti, atunci c\u00e2nd <strong>Carol al II-lea<\/strong> a ordonat executarea lui Codreanu ( <em>m\u0103 \u201eamuz\u0103\u201d ast\u0103zi, aceia care se declar\u0103 monarhi\u015fti \u015fi legionari !?<\/em> ). Au devenit anti-Antonescu, pe care l-au instalat la putere, c\u00e2nd au declan\u015fat <strong>R<\/strong><strong>ebeliunea Legi<\/strong><strong>o<\/strong><strong>n<\/strong><strong>a<\/strong><strong>r<\/strong><strong>\u0103.<\/strong> Acest <em>e<\/em><em>pi<\/em><em>s<\/em><em>od s\u00e2ngeros<\/em>, a l\u0103sat urme ad\u00e2nci \u00een prezent, fiind noi obliga\u0163i azi, s\u0103 avem \u00een <strong>Bucure\u015fti<\/strong> un monument al <strong>Holocaustului,<\/strong> chiar dac\u0103 persecu\u0163ia evreilor, nu a avut \u00een Rom\u00e2nia amploarea \u015fi caracterul de mas\u0103 din alte \u0163\u0103ri, fiind noi <em>\u201e<\/em><em>d<\/em><em>e a<\/em><em>l<\/em><em>t\u0103 s<\/em><em>p<\/em><em>ec<\/em><em>i<\/em><em>e\u201d<\/em>. Este adev\u0103rat c\u0103 mul\u0163i speculeaz\u0103 pe aceast\u0103 tem\u0103. <em>Persecu\u0163ia evreilor a existat, crimel<\/em><em>e <\/em><em>au ex<\/em><em>i<\/em><em>s<\/em><em>t<\/em><em>at, <\/em><em>c<\/em><em>hi<\/em><em>a<\/em><em>r dac<\/em><em>\u0103 n<\/em><em>ume<\/em><em>r<\/em><em>ice\u015fte, mult <\/em><em>i<\/em><em>nferi<\/em><em>o<\/em><em>are celor v<\/em><em>e<\/em><em>hicu<\/em><em>la<\/em><em>te<\/em>. Cu toate astea eu personal, sunt \u00eempotriva Monumentului, fiind acesta \u201d<strong>o p<\/strong><strong>at<\/strong><strong>\u0103 <\/strong><strong>ned<\/strong><strong>r<\/strong><strong>eapt\u0103 p<\/strong><strong>e <\/strong><strong>Obrazul Pat<\/strong><strong>r<\/strong><strong>iei<\/strong>\u201d, ba chiar  un motiv de perpetuare a <em>\u201einamici\u0163<\/em><em>i<\/em><em>e<\/em><em>i <\/em><em>celor dou\u0103 <\/em><em>p<\/em><em>opoare\u201d<\/em>.<\/p>\n<p>Monumentul trebuie \u201es\u0103dit\u201d \u00een<strong> Con\u015ftii<\/strong><strong>n<\/strong><strong>\u0163e<\/strong> \u015fi atunci va fi &#8230; <strong>efici<\/strong><strong>e<\/strong><strong>nt<\/strong> !<\/p>\n<p><em>N<\/em><em>o<\/em><em>i <\/em><em>c<\/em><em>o<\/em><em>mb<\/em><em>atem ant<\/em><em>i<\/em><em>s<\/em><em>emit<\/em><em>i<\/em><em>s<\/em><em>mul<\/em>, dar nu ne vom re\u0163ine \u00een a combate ac\u0163iunile guvernan\u0163ilor <strong>I<\/strong><strong>s<\/strong><strong>rae<\/strong><strong>lului<\/strong>, sau grupurilor de putere acolo colocate, contrare <strong>Sp<\/strong><strong>iritu<\/strong><strong>lui \u201eM<\/strong><strong>i\u015fc\u0103ri<\/strong><strong>i <\/strong><strong>DACIA\u201d<\/strong>.<em> <\/em><em>N<\/em><em>oi <\/em><em>p<\/em><em>ute<\/em><em>m <\/em><em>c<\/em><em>r<\/em><em>itica <\/em><em>ac<\/em><em>\u0163i<\/em><em>u<\/em><em>nile <\/em><em>guver<\/em><em>na<\/em><em>n\u0163i<\/em><em>l<\/em><em>or <\/em><em>israeliani, f\u0103r\u0103 a fi ant<\/em><em>i<\/em><em>semi\u0163<\/em><em>i, <\/em><em>dup\u0103 c<\/em><em>u<\/em><em>m put<\/em><em>e<\/em><em>m c<\/em><em>r<\/em><em>i<\/em><em>t<\/em><em>i<\/em><em>c<\/em><em>a <\/em><em>pe <\/em><em>Obama, f\u0103r\u0103 s<\/em><em>\u0103 <\/em><em>f<\/em><em>i<\/em><em>m <\/em><em>a<\/em><em>nti-amer<\/em><em>ica<\/em><em>ni, dar \u015fi p<\/em><em>e <\/em><em>B<\/em><em>\u0103s<\/em><em>e<\/em><em>sc<\/em><em>u, f\u0103r\u0103 s\u0103 fim &#8230; anti-ro<\/em><em>m<\/em><em>\u00e2ni !!!<\/em><\/p>\n<p>O alt\u0103 pozi\u0163ie contrastant\u0103, este atitudinea legionarilor fa\u0163\u0103 de <strong>politica de prietenie cu vecinii<\/strong> Rom\u00e2niei, promovat\u0103 de <strong>Nicolae Titulescu<\/strong>, de dou\u0103 ori <em>Pre\u015fedinte al Ligii Na\u0163iunilor. <\/em>Am convingerea c\u0103 Rom\u00e2nia nu ar fi suferit <strong>Marea Tragedie a Dezmembr\u0103rii,<\/strong> cu un diplomat de talia sa. <strong>Mi\u015fcarea legionar\u0103<\/strong> a fost contrar\u0103 <strong>alian\u0163elor regionale<\/strong> promovate de acesta, contribuind la <em>\u201eurcarea \u00eentr-o c\u0103ru\u0163\u0103\u201d du\u015fman\u0103 Interesului Na\u0163ional !<\/em> Un adev\u0103rat<strong> partid na\u0163ionalist<\/strong>, nu se ghideaz\u0103 dup\u0103<strong> Ideologii<\/strong> (<em>azi moarte<\/em>!), z\u0103d\u0103rnicind eforturile seculare ale <strong>\u00centregirii Neamului !!!<\/strong><\/p>\n<p>O vorb\u0103 rom\u00e2neasc\u0103 zice c\u0103 : <em>\u201ete faci frate cu necuratul, pentru a trece Puntea !\u201d<\/em>. Din p\u0103cate s-a ajuns la : <em>\u201e am c\u0103zut din lac \u00een pu\u0163 !\u201d<\/em>.<\/p>\n<p>Noi ne propunem crearea unui <strong>Spa\u0163iu de la Baltic\u0103 la Mediteran\u0103,<\/strong> care s\u0103 se interpun\u0103 <strong>Vestului<\/strong> \u015fi <strong>Estului.<\/strong> \u00cen acest scop, consider\u0103m <strong>urgent\u0103<\/strong> \u00eenceperea unui <strong>dialog <\/strong>constructiv cu <strong>vecinii<\/strong> no\u015ftri, mai apropia\u0163i, sau mai \u00eendep\u0103rta\u0163i, cotribuind astfel la asigurarea<strong> p\u0103cii, neutralit\u0103\u0163ii \u015fi \u00een\u0163elegerii \u00een Zon\u0103.<\/strong> Dorim ca <strong>DACIA<\/strong> s\u0103 pacifice popoarele balcanice antagoniste, pentru c\u0103, la urma urmelor, <em>suntem mai fra\u0163i dec\u00e2t se poate crede azi !<\/em><\/p>\n<p>Multe ar mai fi de scris, dar citirea <strong>Principiilor \u015fi Obiectivelor \u201eMi\u015fc\u0103rii DACIA\u201d<\/strong>, poate l\u0103muri ceea ce este de l\u0103murit.<\/p>\n<p>Ceea ce este demn de apreciat la <strong>mi\u015fc\u0103rile de dreapta <\/strong>de azi, este dorin\u0163a de <strong>implicare<\/strong>, motiv pentru care suntem gata s\u0103 deschidem un dialog, inclusiv cu liderii acestor partide \u015fi mi\u015fc\u0103ri, cu scopul de a \u201ecorecta\u201d anumite excese \u015fi de a converge, bine\u00een\u0163eles, convin\u015fi fiind c\u0103 o linie ca a noastr\u0103 poate avea urm\u0103rile dorite de to\u0163i ! Aceast\u0103 dorin\u0163\u0103 de dialog, o exprim\u0103m \u015fi celorlalte organiza\u0163ii : <strong>liberale, social-democrate, <\/strong><strong>ecologiste, <\/strong><strong>etnice,<\/strong> etc., pentru c\u0103 suntem convin\u015fi de juste\u0163ea Principiilor \u015fi Obiectivelor noastre \u015fi de necesitatea de a stabili <strong>Unitatea de Ac\u0163iune,<\/strong> condi\u0163ie esen\u0163ial\u0103 a unei <em><strong>Mari Schimb\u0103ri \u00een Spa\u0163iul Carpato-Dun\u0103reano-Pontic !<\/strong><\/em> A trecut vremea celor de <em>dreapta, centru, sau st\u00e2nga<\/em> \u015fi a venit vremea celor ce <strong>\u201ezboar\u0103 pe deasupra\u201d<\/strong> !<\/p>\n<p><strong>Prezentul<\/strong> ne \u201epropune\u201d <strong>Probleme noi<\/strong>, ce necesit\u0103 <strong>grabnic\u0103 rezolvare <\/strong>!<\/p>\n<p><em>A\u015fa c\u0103 invit\u0103m pe to\u0163i s\u0103 priveasc\u0103 mai pu\u0163in \u00cenapoi \u015fi mai mult &#8230; \u00cenainte !<\/em><\/p>\n","protected":false},"excerpt":{"rendered":"<p>Mi\u015fcarea Legionar\u0103 Dup\u0103 ce ne-am l\u0103murit asupra Monarhiei, s\u0103 \u00eencerc\u0103m s\u0103 pricepem c\u00e2te ceva despre mi\u015fcarea (\u015fi ei !?) lui Corneliu Zelea Codreanu, mai ales c\u0103 mul\u0163i aderen\u0163i la Mi\u015fcarea DACIA, se salut\u0103 cu TLC (Tr\u0103iasc\u0103 Legiunea \u015fi C\u0103pitanul !) Ce avem \u00een comun \u015fi ce ne &#8230; separ\u0103? \u00cen primul r\u00e2nd, avem \u00een comun [&hellip;]<\/p>\n","protected":false},"author":2,"featured_media":0,"comment_status":"open","ping_status":"open","sticky":false,"template":"","format":"standard","meta":{"footnotes":""},"categories":[73],"tags":[467,468,210,466,390,295],"jetpack_featured_media_url":"","_links":{"self":[{"href":"http:\/\/bassdu.mine.bz\/index.php?rest_route=\/wp\/v2\/posts\/1337"}],"collection":[{"href":"http:\/\/bassdu.mine.bz\/index.php?rest_route=\/wp\/v2\/posts"}],"about":[{"href":"http:\/\/bassdu.mine.bz\/index.php?rest_route=\/wp\/v2\/types\/post"}],"author":[{"embeddable":true,"href":"http:\/\/bassdu.mine.bz\/index.php?rest_route=\/wp\/v2\/users\/2"}],"replies":[{"embeddable":true,"href":"http:\/\/bassdu.mine.bz\/index.php?rest_route=%2Fwp%2Fv2%2Fcomments&post=1337"}],"version-history":[{"count":8,"href":"http:\/\/bassdu.mine.bz\/index.php?rest_route=\/wp\/v2\/posts\/1337\/revisions"}],"predecessor-version":[{"id":1346,"href":"http:\/\/bassdu.mine.bz\/index.php?rest_route=\/wp\/v2\/posts\/1337\/revisions\/1346"}],"wp:attachment":[{"href":"http:\/\/bassdu.mine.bz\/index.php?rest_route=%2Fwp%2Fv2%2Fmedia&parent=1337"}],"wp:term":[{"taxonomy":"category","embeddable":true,"href":"http:\/\/bassdu.mine.bz\/index.php?rest_route=%2Fwp%2Fv2%2Fcategories&post=1337"},{"taxonomy":"post_tag","embeddable":true,"href":"http:\/\/bassdu.mine.bz\/index.php?rest_route=%2Fwp%2Fv2%2Ftags&post=1337"}],"curies":[{"name":"wp","href":"https:\/\/api.w.org\/{rel}","templated":true}]}}