{"id":1425,"date":"2011-01-06T21:27:22","date_gmt":"2011-01-06T20:27:22","guid":{"rendered":"http:\/\/bassdu.mine.nu\/?p=1425"},"modified":"2011-01-06T21:27:22","modified_gmt":"2011-01-06T20:27:22","slug":"la-multi-ani-dacia","status":"publish","type":"post","link":"http:\/\/bassdu.mine.bz\/?p=1425","title":{"rendered":"La Mul\u0163i Ani DACIA !"},"content":{"rendered":"<p><!-- p { margin-bottom: 0.21cm; } -->Mesaj de An Nou<\/p>\n<p>Urez tuturor aderen\u0163ilor la \u201eMi\u015fcarea DACIA\u201d un An Nou cu s\u0103n\u0103tate \u015fi c\u00e2t mai multe bucurii !<\/p>\n<p>V\u0103 aduc la cuno\u015ftin\u0163\u0103 c\u0103 procesul de \u201erafinare\u201d a membrilor este \u00een plin\u0103 desf\u0103\u015furare, mul\u0163i p\u0103r\u0103sindu-ne din diverse motive, fiind \u00eenlocui\u0163i de \u201efor\u0163e proaspete\u201d, \u00een a\u015fa fel c\u0103 pentru moment suntem numerice\u015fte&#8230; stabili.<\/p>\n<p>Eu consider aceast\u0103 situa\u0163ie normal\u0103, \u00een condi\u0163iile \u00een care mul\u0163i sunt angrena\u0163i \u00een rezolvarea problemelor de zi cu zi, sau chiar sunt pe pozi\u0163ii de favoare \u00een actualul Sistem. Ceea ce vreau s\u0103 garantez tuturor, este c\u0103 \u00een DACIA viitoare, nimeni nu este de prisos \u015fi nu vor fi victime colaterale, chiar dac\u0103 via\u0163a noastr\u0103 va suferi o drastic\u0103 schimbare de rut\u0103 !<\/p>\n<p>Tuturor le reamintesc importan\u0163a Proiectului nostru, \u00een care fiecare este invitat s\u0103-\u015fi aduc\u0103 aportul dup\u0103 Capacit\u0103\u0163i \u015fi Posibilit\u0103\u0163i. Nu ne punem deocamdat\u0103 problema liderilor, fiind noi \u00een stadiul de difuzare a Mesajului \u015fi l\u0103rgire a Particip\u0103rii, a\u015fa c\u0103 to\u0163i pot aduce un aport substan\u0163ial, fie c\u0103 sunt \u201eo\u015fteni\u201d, fie c\u0103 sunt&#8230; \u201emare\u015fali\u201d. Ca s\u0103-l parafrazez pe Napoleon, pot afirma c\u0103 fiecare o\u015ftean are \u00een \u201etraist\u0103\u201d un baston de mare\u015fal ! Fiecare aderent trebuie deja s\u0103-\u015fi imagineze DACIA de m\u00e2ine \u015fi contribu\u0163ia pe care o poate aduce pentru realizarea ei, f\u0103r\u0103 alt\u0103 motiva\u0163ie \u00een afar\u0103 de Iubirea de Patrie \u015fi ai ei locuitori !<\/p>\n<p>Proiectul DACIA este ambi\u0163ios, dar este bine definit, are la baz\u0103 studii \u015fi analize Competente, poart\u0103 Principii \u015fi Obiective fatibile \u015fi nu are nimic violent sau imoral. Mesajul nostru este de Pace, ci nu de R\u0103zbunare, este de Iubire, ci nu de Ur\u0103, iar dac\u0103 mai critic\u0103m pe ici, pe colea \u015fi anume \u00een punctele esen\u0163iale, o facem Justific\u00e2nd, propun\u00e2nd Solu\u0163ii, ci nu arunc\u00e2nd invective !<\/p>\n<p>Scepticilor le garantez c\u0103 vom \u201eexploda\u201d, \u00een ciuda aparen\u0163elor \u015fi &#8230; \u201ebeznei mediatice\u201d!<\/p>\n<p>Eu am \u00eencercat s\u0103 ating punctele principale ale Noii Ideologii, pentru c\u0103 lansarea \u201eMi\u015fc\u0103rii DACIA\u201d \u00een via\u0163a politic\u0103. se va produce numai c\u00e2nd vom avea Cadrul Complet. Cine vrea s\u0103 priceap\u0103 mai mult, are posibilitatea s\u0103 judece inclusiv mesajele mele pe blog, Vimeo \u015fi Youtube, care completeaz\u0103 activitatea de pe Facebook. Bine\u00een\u0163eles c\u0103 nu tot ce am \u201eprodus\u201d eu este relevant, sau complet, de aceea v\u0103 a\u015ftept cu dezbateri. Bine\u00een\u0163eles c\u0103 odat\u0103 \u201edescoperit\u0103 oala\u201d, parcursul poate suferi mari reorient\u0103ri, chiar \u015fi \u00een cadrul unei conserv\u0103ri ale Principiilor \u015fi Obiectivelor ! Ceea ce propunem noi, nu sunt lozinci, sau vechi ideologii (chiar dac\u0103 anumite aspecte pot fi par\u0163ial \u00eencadrate) \u015fi va trece mult\u0103 ap\u0103 pe Dun\u0103re, p\u00e2n\u0103 vom atinge \u0163elurile noastre. Noi nu propunem Solu\u0163ii pe termen scurt, ci \u201ecu b\u0103taie lung\u0103\u201d !<\/p>\n<p>Reamintesc rolul meu de \u201earunc\u0103tor de s\u0103m\u00e2n\u0163\u0103\u201d \u015fi \u201epaznic al Principiilor \u015fi Obiectivelor\u201d, dup\u0103 care m\u0103 voi limita la rolul de \u201eo\u015ftean\u201d, c\u00e2nd \u201eMi\u015fcarea DACIA\u201d va ajunge la Tribunal.<\/p>\n<p>A\u015fa s\u0103 ne ajute Dumnezeu !<\/p>\n","protected":false},"excerpt":{"rendered":"<p>Mesaj de An Nou Urez tuturor aderen\u0163ilor la \u201eMi\u015fcarea DACIA\u201d un An Nou cu s\u0103n\u0103tate \u015fi c\u00e2t mai multe bucurii ! V\u0103 aduc la cuno\u015ftin\u0163\u0103 c\u0103 procesul de \u201erafinare\u201d a membrilor este \u00een plin\u0103 desf\u0103\u015furare, mul\u0163i p\u0103r\u0103sindu-ne din diverse motive, fiind \u00eenlocui\u0163i de \u201efor\u0163e proaspete\u201d, \u00een a\u015fa fel c\u0103 pentru moment suntem numerice\u015fte&#8230; stabili. Eu [&hellip;]<\/p>\n","protected":false},"author":2,"featured_media":0,"comment_status":"open","ping_status":"open","sticky":false,"template":"","format":"standard","meta":{"footnotes":""},"categories":[73],"tags":[45,210,390,295,503],"jetpack_featured_media_url":"","_links":{"self":[{"href":"http:\/\/bassdu.mine.bz\/index.php?rest_route=\/wp\/v2\/posts\/1425"}],"collection":[{"href":"http:\/\/bassdu.mine.bz\/index.php?rest_route=\/wp\/v2\/posts"}],"about":[{"href":"http:\/\/bassdu.mine.bz\/index.php?rest_route=\/wp\/v2\/types\/post"}],"author":[{"embeddable":true,"href":"http:\/\/bassdu.mine.bz\/index.php?rest_route=\/wp\/v2\/users\/2"}],"replies":[{"embeddable":true,"href":"http:\/\/bassdu.mine.bz\/index.php?rest_route=%2Fwp%2Fv2%2Fcomments&post=1425"}],"version-history":[{"count":1,"href":"http:\/\/bassdu.mine.bz\/index.php?rest_route=\/wp\/v2\/posts\/1425\/revisions"}],"predecessor-version":[{"id":1426,"href":"http:\/\/bassdu.mine.bz\/index.php?rest_route=\/wp\/v2\/posts\/1425\/revisions\/1426"}],"wp:attachment":[{"href":"http:\/\/bassdu.mine.bz\/index.php?rest_route=%2Fwp%2Fv2%2Fmedia&parent=1425"}],"wp:term":[{"taxonomy":"category","embeddable":true,"href":"http:\/\/bassdu.mine.bz\/index.php?rest_route=%2Fwp%2Fv2%2Fcategories&post=1425"},{"taxonomy":"post_tag","embeddable":true,"href":"http:\/\/bassdu.mine.bz\/index.php?rest_route=%2Fwp%2Fv2%2Ftags&post=1425"}],"curies":[{"name":"wp","href":"https:\/\/api.w.org\/{rel}","templated":true}]}}