{"id":1433,"date":"2011-01-16T00:38:01","date_gmt":"2011-01-15T23:38:01","guid":{"rendered":"http:\/\/bassdu.mine.nu\/?p=1433"},"modified":"2011-01-16T13:08:22","modified_gmt":"2011-01-16T12:08:22","slug":"intalnirea-din-19-august-2011-a-membrilor-%e2%80%9emiscarii-dacia%e2%80%9d-i","status":"publish","type":"post","link":"http:\/\/bassdu.mine.bz\/?p=1433","title":{"rendered":"\u00cent\u00e2lnirea din 19 August 2011 a membrilor \u201eMi\u015fc\u0103rii DACIA\u201d -I-"},"content":{"rendered":"<p><!-- p { margin-bottom: 0.21cm; } -->Nota nr. 1 referitoare la \u00cent\u00e2lnire<\/p>\n<p><strong>Loca\u0163ia \u015fi Scopul \u00cent\u00e2lnirii<\/strong><\/p>\n<p>Loca\u0163ia \u00cent\u00e2lnirii se va stabili \u00een timp util, \u00een func\u0163ie \u015fi de propunerile ce vor parveni \u00een acest sens. Ideal ar fi \u00een prejama Osiei Lumii (Sinaia, Bu\u015fteni, Omul, Cruce Caraiman, etc.).<\/p>\n<p>Scopul \u00cent\u00e2lnirii, este preg\u0103tirea \u00eenregistr\u0103rii ca forma\u0163iune politic\u0103 a \u201eMi\u015fc\u0103rii DACIA\u201d. Totodat\u0103 se vor adopta m\u0103suri organizative, pentru crearea de filiale \u00een Patrie \u015fi oriunde \u00een Lume bate o inim\u0103 de rom\u00e2n.<\/p>\n<p>De asemenea, se vor pune bazele grupurilor specializate pentru toate domeniile de interes, \u00een vederea detalierii Principiilor \u015fi Obiectivelor. Vor trebui create \u201egrupuri de lucru specializate\u201d pentru domeniile : Legisla\u0163ie, Industrie, Agricultur\u0103, Educa\u0163ie, S\u0103n\u0103tate, Cultur\u0103, Transporturi, Energie, Turism, Securitate \u015fi Ap\u0103rare Na\u0163ional\u0103, Financiar, Politic\u0103 Extern\u0103, etc.<\/p>\n<p>\u00centr-o Not\u0103 viitoare o s\u0103 \u00eencerc s\u0103 conturez, cum vrem noi s\u0103 arate DACIA de m\u00e2ine (p\u0103rerile mele, pe care sunte\u0163i ruga\u0163i s\u0103 le discuta\u0163i, sau chiar s\u0103 combate\u0163i) \u015fi cum vrem s\u0103 ac\u0163ion\u0103m.<\/p>\n<p>Vreau s\u0103 atrag aten\u0163ia c\u0103 se va admite orice comentariu, cu o singur\u0103 condi\u0163ie : respectarea regulilor de BUN-SIM\u0162 !<\/p>\n","protected":false},"excerpt":{"rendered":"<p>Nota nr. 1 referitoare la \u00cent\u00e2lnire Loca\u0163ia \u015fi Scopul \u00cent\u00e2lnirii Loca\u0163ia \u00cent\u00e2lnirii se va stabili \u00een timp util, \u00een func\u0163ie \u015fi de propunerile ce vor parveni \u00een acest sens. Ideal ar fi \u00een prejama Osiei Lumii (Sinaia, Bu\u015fteni, Omul, Cruce Caraiman, etc.). Scopul \u00cent\u00e2lnirii, este preg\u0103tirea \u00eenregistr\u0103rii ca forma\u0163iune politic\u0103 a \u201eMi\u015fc\u0103rii DACIA\u201d. Totodat\u0103 se [&hellip;]<\/p>\n","protected":false},"author":2,"featured_media":0,"comment_status":"open","ping_status":"open","sticky":false,"template":"","format":"standard","meta":{"footnotes":""},"categories":[73],"tags":[210],"jetpack_featured_media_url":"","_links":{"self":[{"href":"http:\/\/bassdu.mine.bz\/index.php?rest_route=\/wp\/v2\/posts\/1433"}],"collection":[{"href":"http:\/\/bassdu.mine.bz\/index.php?rest_route=\/wp\/v2\/posts"}],"about":[{"href":"http:\/\/bassdu.mine.bz\/index.php?rest_route=\/wp\/v2\/types\/post"}],"author":[{"embeddable":true,"href":"http:\/\/bassdu.mine.bz\/index.php?rest_route=\/wp\/v2\/users\/2"}],"replies":[{"embeddable":true,"href":"http:\/\/bassdu.mine.bz\/index.php?rest_route=%2Fwp%2Fv2%2Fcomments&post=1433"}],"version-history":[{"count":3,"href":"http:\/\/bassdu.mine.bz\/index.php?rest_route=\/wp\/v2\/posts\/1433\/revisions"}],"predecessor-version":[{"id":1435,"href":"http:\/\/bassdu.mine.bz\/index.php?rest_route=\/wp\/v2\/posts\/1433\/revisions\/1435"}],"wp:attachment":[{"href":"http:\/\/bassdu.mine.bz\/index.php?rest_route=%2Fwp%2Fv2%2Fmedia&parent=1433"}],"wp:term":[{"taxonomy":"category","embeddable":true,"href":"http:\/\/bassdu.mine.bz\/index.php?rest_route=%2Fwp%2Fv2%2Fcategories&post=1433"},{"taxonomy":"post_tag","embeddable":true,"href":"http:\/\/bassdu.mine.bz\/index.php?rest_route=%2Fwp%2Fv2%2Ftags&post=1433"}],"curies":[{"name":"wp","href":"https:\/\/api.w.org\/{rel}","templated":true}]}}