{"id":1456,"date":"2011-01-20T11:52:44","date_gmt":"2011-01-20T10:52:44","guid":{"rendered":"http:\/\/bassdu.mine.nu\/?p=1456"},"modified":"2011-01-20T11:52:44","modified_gmt":"2011-01-20T10:52:44","slug":"%e2%80%9emiscarea-dacia%e2%80%9d-si-diaspora-ii","status":"publish","type":"post","link":"http:\/\/bassdu.mine.bz\/?p=1456","title":{"rendered":"\u201eMi\u015fcarea DACIA\u201d \u015fi&#8230; Diaspora (II)"},"content":{"rendered":"<p><!-- p { margin-bottom: 0.21cm; } --><strong><\/strong><\/p>\n<p><strong>Asocia\u0163ii ale rom\u00e2nilor din Italia<\/strong><\/p>\n<p>Precizez de la bun \u00eenceput, c\u0103 demersul meu, nu se vrea sem\u0103n\u0103tor de alte z\u00e2zanii \u00een comunitatea rom\u00e2nilor din Italia, ba din contr\u0103 ! Mai ales c\u0103 mul\u0163i dintre cei viza\u0163i, sunt aderen\u0163i, mai mult sau mai pu\u0163in activi, ai <strong>\u201eMi\u015fc\u0103rii DACIA\u201d<\/strong>.<\/p>\n<p>Ceea ce trebuie \u00een\u0163eles, este c\u0103 ceea ce voi scrie, se \u00eencadreaz\u0103 \u00een<strong> Principiile \u015fi Obiectivele<\/strong> mi\u015fc\u0103rii noastre.<\/p>\n<p>\u00cen Italia activeaz\u0103 \u00een momentul de fa\u0163\u0103 o mul\u0163ime de <strong>Asocia\u0163ii<\/strong>, apolitice prin defini\u0163ie.<\/p>\n<p>Acestea sunt mai mult sau mai pu\u0163in active, fiind rodul unor ini\u0163iative private, de multe ori familiare, sau \u201eclientelare\u201d, adic\u0103 sus\u0163inute \u201edin afar\u0103\u201d, cu scopuri preponderent politice. Astfel se explic\u0103 \u201es\u0103p\u0103turile reciproce\u201d, la care asist\u0103m zilnic \u015fi care aduc daune importante imaginii Rom\u00e2niei \u015fi rom\u00e2nilor din Italia. <strong>Lipsa de coordonare<\/strong> a acestor Asocia\u0163ii \u015fi (de multe ori) incompeten\u0163a ini\u0163iatorilor, produc efectul de \u201edispersie \u00een anonimat\u201d. \u00cencerc\u0103rile de a se <strong>\u201eda o singur\u0103 voce a asocia\u0163ionismului\u201d<\/strong>, s-au poticnit tocmai din cauza existen\u0163ei mai multor &#8230; <strong>\u201etutori\u201d<\/strong>, nedispu\u015fi s\u0103 stea \u201ela aceia\u015fi mas\u0103\u201d. Avem unele asocia\u0163ii care exist\u0103 sub \u201epatronajul\u201d bisericii catolice, a diverse partide italiene, sau rom\u00e2ne\u015fti \u015fi care &#8230; <strong>\u201enu pot mi\u015fca \u00een front\u201d<\/strong> ! Pu\u0163ine sunt acelea cu adev\u0103rat <strong>active \u015fi independente <\/strong>!<\/p>\n<p><strong>DEPARTAMENTUL PENTRU ROM\u00c2NII DE PRETUTINDENI<\/strong>, se str\u0103duie\u015fte (<em>\u00een limitele Sistemului<\/em>) s\u0103 r\u0103spund\u0103 diverselor solicit\u0103ri primite, comi\u0163\u00e2nd \u00eens\u0103 o mare<strong> gre\u015feal\u0103 de fond<\/strong>.<\/p>\n<p>Este greu de imaginat un Departament eficient, c\u00e2nd se \u201edialogheaz\u0103\u201d cu o multitudine de <strong>Asocia\u0163ii<\/strong>.<\/p>\n<p>Solu\u0163ia ar fi s\u0103 se dialogheze cu un unic Subiect. Ader\u00e2nd la acest principiu, <strong>DPRP<\/strong> ar trebui s\u0103 solicite realizarea acestui Subiect, care s-ar putea numi <strong>\u201eForul Asocia\u0163iilor Rom\u00e2ne\u015fti din Italia\u201d<\/strong>, nume deja lansat cu ani \u00een urm\u0103, dec\u0103zut din cauza unor lupte intestine pentru \u201eputere\u201d, dar mai ales \u00eencerc\u0103rilor de \u201ealiniere\u201d venite din afara Comunit\u0103\u0163ii.<\/p>\n<p>Men\u0163ionez c\u0103 \u00een Italia sunt prezen\u0163i mul\u0163i <strong>oameni de cultur\u0103, art\u0103, \u015ftiin\u0163\u0103, <\/strong><strong>medici, etc<\/strong>., ce ar avea calit\u0103\u0163ile necesare <strong>gestion\u0103rii<\/strong> unor<strong> contribu\u0163ii statale<\/strong>, distribuibile pe <strong>criterii calitative \u015fi de eficien\u0163\u0103<\/strong>, <em>f\u0103r\u0103 interferen\u0163e politice, religioase, sau de alt\u0103 natur\u0103.<\/em><\/p>\n<p><em><strong>Imaginea proast\u0103 a Rom\u00e2niei \u015fi a rom\u00e2nilor din Italia, se datoreaz\u0103 \u015fi activit\u0103\u0163ii necorespunz\u0103toare a Asocia\u0163iilor. Iat\u0103 de ce \u00eembun\u0103t\u0103\u0163irea activit\u0103\u0163ii acestora, este de IMPORTAN\u0162\u0102 STRATEGIC\u0102 pentru PATRIE \u015fi nimeni nu trebuie s\u0103 \u201ese joace cu focul\u201d !!!<\/strong><\/em><\/p>\n<p><strong>Sugerez<\/strong> totodat\u0103 DPRP, s\u0103 acorde o mai mare aten\u0163ie celor de un s\u00e2nge cu noi, care se afl\u0103 <strong>\u201emai aproape de cas\u0103\u201d<\/strong> \u015fi care au nevoie de ajutoare substan\u0163iale pentru <strong>p\u0103strarea, <\/strong><strong>sau reafirmarea<\/strong> <strong>fiin\u0163ei na\u0163ionale<\/strong>, ei fiind <strong>\u201e<\/strong><strong>pleca\u0163i<\/strong><strong> f\u0103r\u0103 voie\u201d<\/strong>, spre deosebire de ceilal\u0163i. Ceva, ceva, s-a f\u0103cut \u00een ultimul timp, dar este loc de mult mai bine.<\/p>\n<p><strong>Este mult mai important s\u0103 se duc\u0103 manuale rom\u00e2ne\u015fti \u00een Timoc, dec\u00e2t s\u0103 se finan\u0163eze concerte de manele <\/strong><strong>aiurea <\/strong><strong>!!!<\/strong><\/p>\n<p>Sper ca <strong>Apelul meu la Unitate<\/strong> s\u0103 fie recep\u0163ionat at\u00e2t de <strong>Asocia\u0163ii<\/strong>, c\u00e2t \u015fi de <strong>DPRP.<\/strong><\/p>\n","protected":false},"excerpt":{"rendered":"<p>Asocia\u0163ii ale rom\u00e2nilor din Italia Precizez de la bun \u00eenceput, c\u0103 demersul meu, nu se vrea sem\u0103n\u0103tor de alte z\u00e2zanii \u00een comunitatea rom\u00e2nilor din Italia, ba din contr\u0103 ! Mai ales c\u0103 mul\u0163i dintre cei viza\u0163i, sunt aderen\u0163i, mai mult sau mai pu\u0163in activi, ai \u201eMi\u015fc\u0103rii DACIA\u201d. Ceea ce trebuie \u00een\u0163eles, este c\u0103 ceea ce [&hellip;]<\/p>\n","protected":false},"author":2,"featured_media":0,"comment_status":"open","ping_status":"open","sticky":false,"template":"","format":"standard","meta":{"footnotes":""},"categories":[73],"tags":[526,527,210,390,295],"jetpack_featured_media_url":"","_links":{"self":[{"href":"http:\/\/bassdu.mine.bz\/index.php?rest_route=\/wp\/v2\/posts\/1456"}],"collection":[{"href":"http:\/\/bassdu.mine.bz\/index.php?rest_route=\/wp\/v2\/posts"}],"about":[{"href":"http:\/\/bassdu.mine.bz\/index.php?rest_route=\/wp\/v2\/types\/post"}],"author":[{"embeddable":true,"href":"http:\/\/bassdu.mine.bz\/index.php?rest_route=\/wp\/v2\/users\/2"}],"replies":[{"embeddable":true,"href":"http:\/\/bassdu.mine.bz\/index.php?rest_route=%2Fwp%2Fv2%2Fcomments&post=1456"}],"version-history":[{"count":1,"href":"http:\/\/bassdu.mine.bz\/index.php?rest_route=\/wp\/v2\/posts\/1456\/revisions"}],"predecessor-version":[{"id":1457,"href":"http:\/\/bassdu.mine.bz\/index.php?rest_route=\/wp\/v2\/posts\/1456\/revisions\/1457"}],"wp:attachment":[{"href":"http:\/\/bassdu.mine.bz\/index.php?rest_route=%2Fwp%2Fv2%2Fmedia&parent=1456"}],"wp:term":[{"taxonomy":"category","embeddable":true,"href":"http:\/\/bassdu.mine.bz\/index.php?rest_route=%2Fwp%2Fv2%2Fcategories&post=1456"},{"taxonomy":"post_tag","embeddable":true,"href":"http:\/\/bassdu.mine.bz\/index.php?rest_route=%2Fwp%2Fv2%2Ftags&post=1456"}],"curies":[{"name":"wp","href":"https:\/\/api.w.org\/{rel}","templated":true}]}}