{"id":1463,"date":"2011-01-24T16:22:20","date_gmt":"2011-01-24T15:22:20","guid":{"rendered":"http:\/\/bassdu.mine.nu\/?p=1463"},"modified":"2011-01-24T16:24:06","modified_gmt":"2011-01-24T15:24:06","slug":"nota-nr-5-referitoare-la-intalnire","status":"publish","type":"post","link":"http:\/\/bassdu.mine.bz\/?p=1463","title":{"rendered":"Nota nr.5 referitoare la \u00cent\u00e2lnire"},"content":{"rendered":"<p><!-- p { margin-bottom: 0.21cm; } --><strong>Dare de seam\u0103 s\u0103pt\u0103m\u00e2nal\u0103<\/strong><\/p>\n<p>Dup\u0103 o s\u0103pt\u0103m\u00e2n\u0103 de la lansarea<strong> Evenimentului : \u201e\u00cent\u00e2lnire a membrilor grupului fb Mi\u015fcarea  DACIA\u201d <\/strong>din 19 August ac., suntem \u00een urm\u0103toarea situa\u0163ie :<\/p>\n<p>22persoane \u015fi-au confirmat <strong>prezen\u0163a<\/strong>, 62 <strong>PROBABIL<\/strong> vor participa, 117 <strong>SIGUR NU<\/strong>, iar un rest de 1179 ner\u0103spunz\u00e2nd la invita\u0163ie.<\/p>\n<p><strong>\u00cen primul r\u00e2nd, mul\u0163umesc celor ce s-au exprimat !<\/strong><\/p>\n<p>\u00centr-un grup r\u0103sp\u00e2ndit \u00een toat\u0103 Lumea, este normal ca mul\u0163i s\u0103 nu poat\u0103 fi prezen\u0163i fizic la un <strong>Eveniment <\/strong>ca acesta, mai ales c\u0103 nu s-a stabilit \u00eenc\u0103 <strong>loca\u0163ia exact\u0103<\/strong>. Aceasta se va stabili \u00een func\u0163ie de  gradul de participare. Astfel, putem s\u0103 ne imagin\u0103m \u00eenchirierea unui local cultural de prestigiu, sau a unei s\u0103li de sport, \u00een cazul unei afluen\u0163e semnificative. <strong>Cert este c\u0103 nu suntem \u00een aceast\u0103 situa\u0163ie deocamdat\u0103 \u015fi de aceea cer tuturor celor interesa\u0163i s\u0103 DIFUZEZE mesajul nostru \u00een r\u00e2ndul prietenilor, rudelor \u015fi colegilor. <\/strong><\/p>\n<p>Invit cu aceast\u0103 ocazie pe to\u0163i, <strong>\u201es\u0103-\u015fi cristalizeze ideile\u201d<\/strong>, \u00een sensul c\u0103, cine nu \u00eemp\u0103rt\u0103\u015fe\u015fte ideile noastre,( m\u0103car temporar ) s\u0103 <strong>\u201eapese pe butonul de ie\u015fire <\/strong><strong>din mi\u015fcare<\/strong><strong>\u201d<\/strong>, pentru a avea o <strong>\u201eimagine mai clar\u0103\u201d<\/strong> a stadiului \u00een care ne afl\u0103m ! Mul\u0163i au f\u0103cut-o \u015fi le mul\u0163umesc !<\/p>\n<p>Constat de asemenea c\u0103 mul\u0163i, <strong>\u201e<\/strong><strong>\u00eenc\u0103 nu \u015ftiu unde au intrat\u201d<\/strong>, neinform\u00e2ndu-se din materialele noastre <strong>scrise \u015fi video<\/strong>, ce se g\u0103sesc \u00een rubricile : <span style=\"text-decoration: underline;\"><strong>LEG\u0102TURI, VIDEO, FOTO \u015eI EVENIMENTE.<\/strong><\/span><\/p>\n<p>Cine vrea s\u0103 priceap\u0103 \u201eunde a intrat\u201d, nu trebuie s\u0103 se mul\u0163umeasc\u0103 de <strong>informa\u0163ii generice<\/strong>, sau <strong>par\u0163iale<\/strong>, deoarece noi construim aici o <strong>IDEOLOGIE<\/strong> \u015fi \u00eencerc\u0103m s\u0103 cre\u0103m <strong>O VIZIUNE COMPLEX\u0102<\/strong>.<\/p>\n<p>Repet c\u0103 acest grup nu este <strong>\u201econtemplativ\u201d<\/strong>, ci <strong>\u201ecreativ\u201d<\/strong>, cu inten\u0163ii de<strong> \u201eactivism\u201d<\/strong> \u015fi se bazeaz\u0103 pe <strong>ACCEPTAREA UNEI VIZIUNI NOI ASUPRA SOCIET\u0102\u0162II VIITOARE DIN DACIA \u015eI DIN LUME !!!<\/strong><\/p>\n<p>Cine crede c\u0103 Viitorul Rom\u00e2niei poate fi \u00eencredin\u0163at unor ideologii vechi, sau unor partide \u201eistorice\u201d, &#8230; <strong>pierde timpul aici !!!<\/strong><\/p>\n<p>Nu vreau s\u0103 jignesc pe nimeni, ci numai s\u0103 exprim clar opiniile mele, ca <strong>administrator<\/strong> al acestui grup, ce dore\u015fte (EXCLUSIV) gruparea celor ce g\u00e2ndesc (APROXIMATIV) ca mine.<\/p>\n<p>Mai important dec\u00e2t aspectul NUMERIC, este acela&#8230; CALITATIV, ce se oglinde\u015fte \u00een <strong>CUNOA\u015eTEREA \u015eI APROBAREA Principiilor \u015fi Obiectivelor \u201eMi\u015fc\u0103rii DACIA\u201d.<\/strong> Apoi fiecare \u00ee\u015fi va aduce contribu\u0163ia dorit\u0103 la dezvolt\u0103ri \u015fi detalieri, \u00een func\u0163ie de COMPETEN\u0162E.<\/p>\n<p>A\u015fa cum am mai spus, mi\u015fcarea noastr\u0103 este ca o <strong>Oaste<\/strong>, ce are nevoie de <strong>GENERALI<\/strong> (<em> <\/em><em>ce vor fi desemna\u0163i \u00een viitor)<\/em> \u015fi de <strong>O\u015eTENI<\/strong> (<em>noi TO\u0162I, \u00een momentul actual<\/em>).<\/p>\n<p><strong>V\u0103 asigur c\u0103 punerea \u00een practic\u0103 a unui proiect ca al nostru, nu este \u201eo joac\u0103 de copii\u201d \u015fi necesit\u0103 o PARTICIPARE ACTIV\u0102 !<\/strong><\/p>\n<p>Este adev\u0103rat c\u0103 \u201efiltrele\u201d Facebook-ului sunt largi \u015fi c\u0103 noi avem unele mai \u201epreten\u0163ioase\u201d \u015fi de aceea vom \u201er\u0103m\u00e2ne aici\u201d, p\u00e2n\u0103 se vor avea premizele \u201eunui salt calitativ\u201d (Portal DACIA).<\/p>\n<p>V\u0103 mul\u0163umesc pentru aten\u0163ie !<\/p>\n","protected":false},"excerpt":{"rendered":"<p>Dare de seam\u0103 s\u0103pt\u0103m\u00e2nal\u0103 Dup\u0103 o s\u0103pt\u0103m\u00e2n\u0103 de la lansarea Evenimentului : \u201e\u00cent\u00e2lnire a membrilor grupului fb Mi\u015fcarea DACIA\u201d din 19 August ac., suntem \u00een urm\u0103toarea situa\u0163ie : 22persoane \u015fi-au confirmat prezen\u0163a, 62 PROBABIL vor participa, 117 SIGUR NU, iar un rest de 1179 ner\u0103spunz\u00e2nd la invita\u0163ie. \u00cen primul r\u00e2nd, mul\u0163umesc celor ce s-au exprimat [&hellip;]<\/p>\n","protected":false},"author":2,"featured_media":0,"comment_status":"open","ping_status":"open","sticky":false,"template":"","format":"standard","meta":{"footnotes":""},"categories":[73],"tags":[210,390,295],"jetpack_featured_media_url":"","_links":{"self":[{"href":"http:\/\/bassdu.mine.bz\/index.php?rest_route=\/wp\/v2\/posts\/1463"}],"collection":[{"href":"http:\/\/bassdu.mine.bz\/index.php?rest_route=\/wp\/v2\/posts"}],"about":[{"href":"http:\/\/bassdu.mine.bz\/index.php?rest_route=\/wp\/v2\/types\/post"}],"author":[{"embeddable":true,"href":"http:\/\/bassdu.mine.bz\/index.php?rest_route=\/wp\/v2\/users\/2"}],"replies":[{"embeddable":true,"href":"http:\/\/bassdu.mine.bz\/index.php?rest_route=%2Fwp%2Fv2%2Fcomments&post=1463"}],"version-history":[{"count":2,"href":"http:\/\/bassdu.mine.bz\/index.php?rest_route=\/wp\/v2\/posts\/1463\/revisions"}],"predecessor-version":[{"id":1465,"href":"http:\/\/bassdu.mine.bz\/index.php?rest_route=\/wp\/v2\/posts\/1463\/revisions\/1465"}],"wp:attachment":[{"href":"http:\/\/bassdu.mine.bz\/index.php?rest_route=%2Fwp%2Fv2%2Fmedia&parent=1463"}],"wp:term":[{"taxonomy":"category","embeddable":true,"href":"http:\/\/bassdu.mine.bz\/index.php?rest_route=%2Fwp%2Fv2%2Fcategories&post=1463"},{"taxonomy":"post_tag","embeddable":true,"href":"http:\/\/bassdu.mine.bz\/index.php?rest_route=%2Fwp%2Fv2%2Ftags&post=1463"}],"curies":[{"name":"wp","href":"https:\/\/api.w.org\/{rel}","templated":true}]}}