{"id":1467,"date":"2011-01-24T23:01:00","date_gmt":"2011-01-24T22:01:00","guid":{"rendered":"http:\/\/bassdu.mine.nu\/?p=1467"},"modified":"2011-01-24T23:01:00","modified_gmt":"2011-01-24T22:01:00","slug":"viziunea-mea-despre-protoistoria-spatiului-carpato-dunareano-pontic","status":"publish","type":"post","link":"http:\/\/bassdu.mine.bz\/?p=1467","title":{"rendered":"Viziunea mea despre protoistoria Spa\u0163iului Carpato-Dun\u0103reano-Pontic"},"content":{"rendered":"<p style=\"text-align: center;\"><strong>Partea \u00eent\u00e2i<\/strong><\/p>\n<p>Dup\u0103 doi ani de \u201es\u0103p\u0103turi\u201d \u00een istoria veche a neamului rom\u00e2nesc, f\u0103r\u0103 a avea preten\u0163ia de a \u201eda sentin\u0163e definitive\u201d, vreau s\u0103 exprim p\u0103rerea mea personal\u0103 asupra acestui argument. Men\u0163ionez c\u0103 nu o fac cu ur\u0103 \u015fi consider problemele na\u0163ionale ale rom\u00e2nilor, ale vecinilor \u015fi cona\u0163ionalilor no\u015ftri de alt\u0103 etnie&#8230; rezolvibile !<\/p>\n<p>\u00cen ultimul timp am cercetat acest domeniu, c\u0103ut\u00e2nd s\u0103 citesc \u015fi ceea ce scriu&#8230; vecinii no\u015ftri.<\/p>\n<p>De cur\u00e2nd am aflat de <a href=\"http:\/\/aleximreh.wordpress.com\/category\/history\/old-europe\/\"><span style=\"text-decoration: underline;\"><strong>aici<\/strong><\/span><\/a>, c\u0103 maghiarii sunt \u201eburicul p\u0103m\u00e2ntului\u201d \u00een Europa, fiind ceea ce eu credeam c\u0103 suntem&#8230; noi !?<\/p>\n<p>Men\u0163ionez c\u0103 Alex Imreh, nu face altceva, dec\u00e2t s\u0103 propun\u0103 teme, nu s\u0103 \u015fi ia atitudine, a\u015fa cum \u201ene-am \u00een\u0163eles\u201d acum c\u00e2teva minute, deci \u201ee una brava persona\u201d (propune printre al\u0163ii \u015fi pe Cue\u015fdean \u015fi pe Gabriel Gheorghe) !<\/p>\n<p>Am aflat c\u0103 maghiarii ar fi la originea etruscilor \u015fi a tuturor popoarelor europene, a scrierii runice Huno-Maghiare, \u00eentemeietorii primelor a\u015fez\u0103ri omene\u015fti din Spa\u0163iul Carpato-Dun\u0103reano-Pontic acum mai bine de 7 milenii, etc.<\/p>\n<p>Acelea\u015fi teorii, le-am g\u0103sit \u015fi la vecinii no\u015ftri din sud, care se m\u00e2ndresc de descenden\u0163a&#8230; tracic\u0103, de alfabetizarea \u015fi cre\u015ftinarea rom\u00e2nilor, etc. De ace\u015ftia m\u0103 voi ocupa mai t\u00e2rziu (dac\u0103 o s\u0103 m\u0103 ocup !?).<\/p>\n<p>Revenind la maghiari, ace\u015ftia justific\u0103 scrierea lor runic\u0103 primordial\u0103, cu dovezi g\u0103site (unde altcumva ?) \u00een&#8230; Transilvania, dar \u015fi Muntenia \u015fi Moldova, dup\u0103 cum se poate vedea din notele din finalul articolului. Se constat\u0103 c\u0103 scrierea era \u201ede la dreapta la st\u00e2nga\u201d \u015fi de \u201ejos \u00een sus\u201d \u015fi explic\u0103 trecerea la actuala \u201er\u00e2nduial\u0103 invers\u0103\u201d, prin necesitatea de a asigura \u201ecursivitatea scrierii\u201d, c\u00e2nd aceasta a devenit&#8230; frecvent\u0103.<\/p>\n<p>Pentru afirmarea primordialit\u0103\u0163ii lor \u00een acest spa\u0163iu, aduc dovezile celebrei Marija Gimbutas, ce considera \u201eleag\u0103nul civiliza\u0163iei europene\u201d \u015fi nu numai, tocmai acest spa\u0163iu, unde sunt diverse probe (T\u0103rt\u0103ria, Vadu R\u0103u, Lepenski Vir, Cucuteni, etc.)<\/p>\n<p>Aflu chiar c\u0103 au existat \u015fi probabil exist\u0103 \u00eenc\u0103 \u201ecercet\u0103tori\u201d maghiari, care vor s\u0103 \u201ere\u00eenvie\u201dvechea scriere runic\u0103 Huno-Maghiar\u0103, ce era mai adaptat\u0103 foneticii lor dec\u00e2t actuala.<\/p>\n<p>Ba mai afl\u0103m de<a href=\"http:\/\/aleximreh.wordpress.com\/2011\/01\/14\/the-genocide-of-the-old-scythian-writing-ordered-by-the-popes\/\"> <span style=\"text-decoration: underline;\"><strong>aici<\/strong><\/span><\/a> c\u0103 Papii au ordonat distrugerea scrierilor \u00een alfabetul runic Huno-Maghiar, fiind purt\u0103toare ale unei religii p\u0103g\u00e2ne (B\u0102NUIAM EU CEVA CU PAPII \u0102\u015eTIA !!!).<\/p>\n<p>Interesant\u0103 pentru mine, este enumerarea \u00een articol a diverselor locuri de cult \u015fi castele unde erau prezente aceste \u00eenscrisuri \u015fi care se g\u0103seau (din nou) mai ales \u00een&#8230; Transilvania, toate eliminate din ordin&#8230; PAPAL ! Istoricii no\u015ftri or fi aflat ? &#8230; c\u0103 dac\u0103 nu, ar fi indicat s\u0103 colaboreze pu\u0163in la Chestiune !<\/p>\n<p>Amuzat, am propus de\u0163in\u0103torului blogului (f\u0103r\u0103 inten\u0163ii ofensive) link-ul cu regii daci dintre 500 \u00eeC \u015fi 100 dC.  constat\u00e2nd c\u0103 suntem&#8230; fra\u0163i, dac\u0103 avem aceia\u015fi descenden\u0163\u0103.<\/p>\n<p>Acum ne odihnim pu\u0163in \u015fi m\u00e2ine o s\u0103 v\u0103 spun cum v\u0103d eu Chestiunea !<\/p>\n","protected":false},"excerpt":{"rendered":"<p>Partea \u00eent\u00e2i Dup\u0103 doi ani de \u201es\u0103p\u0103turi\u201d \u00een istoria veche a neamului rom\u00e2nesc, f\u0103r\u0103 a avea preten\u0163ia de a \u201eda sentin\u0163e definitive\u201d, vreau s\u0103 exprim p\u0103rerea mea personal\u0103 asupra acestui argument. Men\u0163ionez c\u0103 nu o fac cu ur\u0103 \u015fi consider problemele na\u0163ionale ale rom\u00e2nilor, ale vecinilor \u015fi cona\u0163ionalilor no\u015ftri de alt\u0103 etnie&#8230; rezolvibile ! \u00cen [&hellip;]<\/p>\n","protected":false},"author":2,"featured_media":0,"comment_status":"open","ping_status":"open","sticky":false,"template":"","format":"standard","meta":{"footnotes":""},"categories":[73],"tags":[210],"jetpack_featured_media_url":"","_links":{"self":[{"href":"http:\/\/bassdu.mine.bz\/index.php?rest_route=\/wp\/v2\/posts\/1467"}],"collection":[{"href":"http:\/\/bassdu.mine.bz\/index.php?rest_route=\/wp\/v2\/posts"}],"about":[{"href":"http:\/\/bassdu.mine.bz\/index.php?rest_route=\/wp\/v2\/types\/post"}],"author":[{"embeddable":true,"href":"http:\/\/bassdu.mine.bz\/index.php?rest_route=\/wp\/v2\/users\/2"}],"replies":[{"embeddable":true,"href":"http:\/\/bassdu.mine.bz\/index.php?rest_route=%2Fwp%2Fv2%2Fcomments&post=1467"}],"version-history":[{"count":2,"href":"http:\/\/bassdu.mine.bz\/index.php?rest_route=\/wp\/v2\/posts\/1467\/revisions"}],"predecessor-version":[{"id":1469,"href":"http:\/\/bassdu.mine.bz\/index.php?rest_route=\/wp\/v2\/posts\/1467\/revisions\/1469"}],"wp:attachment":[{"href":"http:\/\/bassdu.mine.bz\/index.php?rest_route=%2Fwp%2Fv2%2Fmedia&parent=1467"}],"wp:term":[{"taxonomy":"category","embeddable":true,"href":"http:\/\/bassdu.mine.bz\/index.php?rest_route=%2Fwp%2Fv2%2Fcategories&post=1467"},{"taxonomy":"post_tag","embeddable":true,"href":"http:\/\/bassdu.mine.bz\/index.php?rest_route=%2Fwp%2Fv2%2Ftags&post=1467"}],"curies":[{"name":"wp","href":"https:\/\/api.w.org\/{rel}","templated":true}]}}