{"id":1475,"date":"2011-01-26T10:42:09","date_gmt":"2011-01-26T09:42:09","guid":{"rendered":"http:\/\/bassdu.mine.nu\/?p=1475"},"modified":"2011-01-26T10:42:09","modified_gmt":"2011-01-26T09:42:09","slug":"viziunea-mea-despre-protoistoria-spatiului-carpato-dunareano-pontic-iii","status":"publish","type":"post","link":"http:\/\/bassdu.mine.bz\/?p=1475","title":{"rendered":"Viziunea mea despre protoistoria Spa\u0163iului Carpato-Dun\u0103reano-Pontic  (III)"},"content":{"rendered":"<p><!-- p { margin-bottom: 0.21cm; } --><\/p>\n<p style=\"text-align: center;\"><strong>Partea a treia <\/strong><\/p>\n<p>Poate ar trebui s\u0103 \u00eencep totu\u015fi cu <strong>Imperiul Otoman<\/strong>, deoarece este expresia cea mai elocvent\u0103 \u015fi documentat\u0103, a impactului INVADATORULUI asupra INVADATULUI. De\u015fi timp de 500 de ani am fost \u201e\u00een contact\u201d, aproape nimic nu aminte\u015fte acest lucru !<\/p>\n<p><strong>Turcii<\/strong> s-au mul\u0163umit cu <strong>SUVERANITATEA MILITAR\u0102<\/strong>, ce le-a permis \u00eencasarea <strong>TRIBUTULUI<\/strong>, f\u0103r\u0103 a r\u0103sturna O<strong>BICEIURILE P\u0102M\u00c2NTULUI<\/strong>, fiind noi \u201ela marginea imperiului\u201d. Aceasta este o <strong>caracteristic\u0103<\/strong> a TUTUROR INVAZIILOR, la care am fost succesiv <strong>victime<\/strong>.<\/p>\n<p>Acela\u015fi respect pentru obiceiurile p\u0103m\u00e2ntului, l-au practicat \u015fi <strong>maghiarii<\/strong>, \u00eencep\u00e2nd cu anii 1000, ceea ce le-a permis pentru secole s\u0103 men\u0163in\u0103 un <strong>imperiu multina\u0163ional<\/strong>, sub ocrotirea important\u0103 a <strong>BISERICII CATOLICE<\/strong>. \u00cen momentul c\u00e2nd a trecut la <strong>MAGHIARIZAREA FOR\u0162AT\u0102<\/strong> a popoarelor, acestea s-au R\u0102ZVR\u0102TIT, \u015fi au determinat treptat <strong>disolu\u0163ia Imperiului Austro-Ungar.<\/strong><\/p>\n<p>\u00cencep cu anii 1000, deoarece raportarea maghiar\u0103 la <strong>invazia hunic\u0103<\/strong>, mi se pare o \u201efor\u0163atur\u0103\u201d, ce nu se sprijin\u0103 pe date antropomorfice, ci doar pe originea apropiat\u0103 a celor dou\u0103 popoare :<strong>hunic \u015fi maghiar<\/strong>. Din punct de vedere numeric, ambele popoare nu au avut consisten\u0163a necesar\u0103 impunerii unor caracteristice predominante dpdv genetic, \u00eentr-un spa\u0163iu at\u00e2t de mare ! Imperiile hunic \u015fi maghiar, erau populate de o majoritate format\u0103 de <strong>popoarele cucerite<\/strong> \u015fi de o <strong>elit\u0103 militar\u0103 <\/strong><strong>\u015fi clerical\u0103<\/strong> invadatoare. <strong>Imperiul hunic <\/strong>se \u00eentindea de la <strong>Caucaz la Rin<\/strong>, dar trupele ce au f\u0103cut <strong>\u201eturul Europei\u201d<\/strong> \u00een campaniile de PRAD\u0102, erau alc\u0103tuite preponderent din&#8230; TRACI, ca \u015fi trupele <strong>go\u0163ilor <\/strong>\u00eenaintea lor (<strong>vezi dacii lui Theodoric de la Ravenna \u015fi \u201econfuzia (?) get-got\u201d<\/strong>). P\u00e2n\u0103 \u015fi romanii au folosit <strong>\u201efalxurile<\/strong>\u201d \u00een ac\u0163iunile lor militare, cum o demonstreaz\u0103 urmele dacice din <strong>Sco\u0163ia<\/strong> (<em>vezi link la Mi\u015fcarea DACIA<\/em>). Asta ne \u00eendrept\u0103\u0163e\u015fte s\u0103 afirm\u0103m c\u0103<strong> MAGHIARII SUNT MAI MULT TRACI, DEC\u00c2T \u00ce\u015eI POT IMAGINA AZI !!!<\/strong><\/p>\n<p>Acela\u015fi ra\u0163ionament, \u00eel putem face \u015fi cu referire la <strong>INVAZIA SLAV\u0102<\/strong>, caracterizat\u0103 \u00eens\u0103 printr-o <strong>AGRESIVITATE MAI MARE <\/strong>\u00eenc\u0103 de la \u00eenceputuri, ceea ce a condus la o <em>slavizare FOR\u0162AT\u0102<\/em> <strong>(ce continu\u0103 \u015fi azi)<\/strong> a popula\u0163iei tracice, ce \u015fi-a p\u0103strat<strong> IDENTITATEA NA\u0162IONAL\u0102<\/strong>, numai \u00een <strong>enclave<\/strong> izolate \u00een mun\u0163ii Balcanilor <strong>(vlasi, arom\u00e2ni, meglenorom\u00e2ni, istrorom\u00e2ni <\/strong>). Cert este c\u0103 de bulgar, sau s\u00e2rbesc \u00een ADN-ul popoarelor denumite a\u015fa, pu\u0163in se g\u0103se\u015fte ! Men\u0163ionez c\u0103 aceasta este<strong> OPINIA<\/strong> mea \u015fi c\u0103 <strong>studii serioase<\/strong>, trebuie s\u0103 l\u0103mureasc\u0103 aceast\u0103 \u201ebomb\u0103 cu ceas\u201d, \u00een interesul tuturor popoarelor centro-europene. Bine\u00een\u0163eles c\u0103 analizarea ADN-ului trebuie f\u0103cut\u0103 de un <strong>colectiv responsabil multireprezentativ,<\/strong> ci nu trebuie s\u0103 ne limit\u0103m, s\u0103 zicem, la Strehaia !!!<\/p>\n<p>\u00cen cazul unei confirm\u0103ri a \u201eteoriei\u201d mele, se poate lansa proiectul \u201eMi\u015fc\u0103rii DACIA\u201d, de creare a unei <strong>ZONE DE COMUN INTERES \u00ceN CENTRUL EUROPEI.<\/strong><\/p>\n<p><strong>Cert este c\u0103 interac\u0163iunea tuturor popoarelor \u00een zon\u0103, nu poate fi ignorat\u0103, dar nici supraestimat\u0103 !<\/strong><\/p>\n<p>Din punctul nostru de vedere, trebuie s\u0103 se \u00eenceteze cu afirma\u0163ii de genul : <strong>\u201eDecebal s-a sinucis dup\u0103 vechea tradi\u0163ie fino-ugric\u0103\u201d<\/strong>, sau <strong>\u201eBulgarii i-au cre\u015ftinat pe rom\u00e2ni<\/strong>\u201d, pentru c\u0103&#8230; r\u00e2d curcile !<\/p>\n<p>\u00cen ultima postare pe acest\u0103 tem\u0103 o s\u0103 prezint concluziile mele \u015fi r\u0103spunsuri la \u00eentrebarea legitim\u0103:<\/p>\n<p>\u201e<strong>Ce leg\u0103tur\u0103 are chestiunea cu&#8230; Mi\u015fcarea DACIA ?\u201d<\/strong><\/p>\n","protected":false},"excerpt":{"rendered":"<p>Partea a treia Poate ar trebui s\u0103 \u00eencep totu\u015fi cu Imperiul Otoman, deoarece este expresia cea mai elocvent\u0103 \u015fi documentat\u0103, a impactului INVADATORULUI asupra INVADATULUI. De\u015fi timp de 500 de ani am fost \u201e\u00een contact\u201d, aproape nimic nu aminte\u015fte acest lucru ! Turcii s-au mul\u0163umit cu SUVERANITATEA MILITAR\u0102, ce le-a permis \u00eencasarea TRIBUTULUI, f\u0103r\u0103 a [&hellip;]<\/p>\n","protected":false},"author":2,"featured_media":0,"comment_status":"open","ping_status":"open","sticky":false,"template":"","format":"standard","meta":{"footnotes":""},"categories":[73],"tags":[210],"jetpack_featured_media_url":"","_links":{"self":[{"href":"http:\/\/bassdu.mine.bz\/index.php?rest_route=\/wp\/v2\/posts\/1475"}],"collection":[{"href":"http:\/\/bassdu.mine.bz\/index.php?rest_route=\/wp\/v2\/posts"}],"about":[{"href":"http:\/\/bassdu.mine.bz\/index.php?rest_route=\/wp\/v2\/types\/post"}],"author":[{"embeddable":true,"href":"http:\/\/bassdu.mine.bz\/index.php?rest_route=\/wp\/v2\/users\/2"}],"replies":[{"embeddable":true,"href":"http:\/\/bassdu.mine.bz\/index.php?rest_route=%2Fwp%2Fv2%2Fcomments&post=1475"}],"version-history":[{"count":1,"href":"http:\/\/bassdu.mine.bz\/index.php?rest_route=\/wp\/v2\/posts\/1475\/revisions"}],"predecessor-version":[{"id":1476,"href":"http:\/\/bassdu.mine.bz\/index.php?rest_route=\/wp\/v2\/posts\/1475\/revisions\/1476"}],"wp:attachment":[{"href":"http:\/\/bassdu.mine.bz\/index.php?rest_route=%2Fwp%2Fv2%2Fmedia&parent=1475"}],"wp:term":[{"taxonomy":"category","embeddable":true,"href":"http:\/\/bassdu.mine.bz\/index.php?rest_route=%2Fwp%2Fv2%2Fcategories&post=1475"},{"taxonomy":"post_tag","embeddable":true,"href":"http:\/\/bassdu.mine.bz\/index.php?rest_route=%2Fwp%2Fv2%2Ftags&post=1475"}],"curies":[{"name":"wp","href":"https:\/\/api.w.org\/{rel}","templated":true}]}}