{"id":1482,"date":"2011-01-26T13:15:09","date_gmt":"2011-01-26T12:15:09","guid":{"rendered":"http:\/\/bassdu.mine.nu\/?p=1482"},"modified":"2014-12-06T21:00:29","modified_gmt":"2014-12-06T20:00:29","slug":"care-este-legatura","status":"publish","type":"post","link":"http:\/\/bassdu.mine.bz\/?p=1482","title":{"rendered":"Care este leg\u0103tura ???"},"content":{"rendered":"<p>&nbsp;<\/p>\n<p>&nbsp;<\/p>\n<p><!-- p { margin-bottom: 0.21cm; } --><strong>\u00cen aten\u0163ia istoricilor&#8230; \u015fi nu numai !<br \/>\n<\/strong><\/p>\n<p>Urm\u0103rind un <a href=\"http:\/\/www.youtube.com\/watch?v=gngw1V3f79g&amp;feature=player_embedded\">documentar foarte interesant<\/a>, aflat printre link-urile de la \u201eMi\u015fcarea DACIA\u201d, dup\u0103 minutul 3 , am v\u0103zut imagini ce mi-au amintit de ceva deja cunoscut.<\/p>\n<p>Aceste capete de negrii, se reg\u0103sesc \u015fi \u00een <a href=\"http:\/\/it.wikipedia.org\/wiki\/File:Bandiera_ufficiale_RAS.svg\">steagul sarzilor<\/a> , care numesc propria insul\u0103 SARDIGNIA, ci nu SARDEGNA ca restul italienilor. Men\u0163ionez c\u0103 ocupa\u0163ia de baz\u0103 a sarzilor a fost \u015fi este&#8230; CRE\u015eTEREA OILOR \u015fi c\u0103 am constatat multe asem\u0103n\u0103ri \u00eentre dialectul lor \u015fi limba rom\u00e2neasc\u0103.<\/p>\n<p>De asemenea, un singur cap de negru se afl\u0103 \u015fi \u00een <a href=\"http:\/\/it.wikipedia.org\/wiki\/File:Flag_of_Corsica.svg\">steagul corsicanilor<\/a>. Sper c\u0103 nu mai este necesar s\u0103 men\u0163ionez vecin\u0103tatea insulei CORSICA, cu cea a SARDINIEI !?<\/p>\n<p>Trebuie priceput\u0103 semnifica\u0163ia \u00eenglob\u0103rii a trei capete de \u201enegrii\u201d, \u00een <a href=\"http:\/\/it.wikipedia.org\/wiki\/File:C_o_a_Pio_VII.svg\">blazonul Papei Pius al VII-lea<\/a>, n\u0103scut la Cesena, \u00een apropierea localit\u0103\u0163ii ARIMINUM (azi Rimini) \u015fi a Republicii San Marino, fondat\u0103 de istrorom\u00e2nul MARIN(o),fugit din calea invadatorilor slavi (vezi postarea referitoare la subiect).<\/p>\n<p>Men\u0163ionez c\u0103 un cap de negru, se g\u0103se\u015fte \u015fi pe <a href=\"http:\/\/it.wikipedia.org\/wiki\/File:BXVI_CoA_like_gfx_PioM.svg\">blazonul actualului pap\u0103 Benedict alXVI-lea.<\/a><\/p>\n<p>Apelez la to\u0163i s\u0103 \u201efacem lumin\u0103\u201d !<\/p>\n<p>Poate ne ajut\u0103 \u015fi cineva din Clerul Ortodox !<\/p>\n<p>Ceea ce \u015ftiu eu, este c\u0103 se b\u0103nuie\u015fte o leg\u0103tur\u0103 \u00eentre <strong>steagul Sardiniei<\/strong> \u015fi&#8230;<strong> cavalerii templari<\/strong> (!!!!!)<\/p>\n<p>Ce mai \u015ftiu, este c\u0103<strong> Densusianu<\/strong>, sus\u0163inea originea dun\u0103rean\u0103 a sarzilor, latinilor, etruscilor, etc.<br \/>\nSingura leg\u0103tur\u0103 ce se poate stabili, este trimiterea c\u0103tre ORIGINEA PELASG\u0102 \u00een toate aceste simboluri !<\/p>\n<p>wiki :<\/p>\n<p>\u201eIl nome Pelasgi appare per la prima volta nei poemi di\u00a0<strong>Omero<\/strong>.<br \/>\nSono indicati nell&#8217;Iliade tra gli <strong>alleati di Troia<\/strong>: nel Catalogo delle navi, organizzato secondo un rigido schema geografico, sono citati <strong>tra le citt\u00e0 dell&#8217;Ellesponto ed i Traci del sud-est dell&#8217;Europa<\/strong>[1], ossia sul confine tra <strong>Tracia ed Ellesponto<\/strong><br \/>\nEschilo considera <span style=\"color: #000080;\"><strong>Pelasgo nato dalla terra<\/strong><\/span>[8], come Asio, e signore di un regno che si estende da Argo a Dodona e Strymon. Contemporaneamente[9] la terra dei Pelasgi \u00e8 semplicemente Argo.<\/p>\n<p><strong>Sofocle<\/strong> riprende lo stesso punto di vista e per la prima volta introduce nella storia il termine Tirreni (intendendo gli <strong>Etruschi<\/strong>, apparentemente come <strong>sinonimo di Pelasgi<\/strong>.<\/p>\n<p><strong>Il grammatico Servio<\/strong> nei Commentarii in Vergilii Aeneidos libros, citando Conone, circa l&#8217;origine dei Sarrastri, o Sarrasti (popoli della Campania), dice che alcuni Pelasgi insieme ad altre popolazioni emigrate dal Peloponneso giunsero in un luogo d&#8217;Italia (&#8220;che non aveva alcun nome prima&#8221;) e diedero il nome di &#8220;Sarro&#8221; al fiume presso il quale abitarono (odierno Sarno), dalla denominazione del fiume della loro patria e chiamarono se stessi Sarrastri. Qui i Pelasgi avrebbero fondato molte citt\u00e0 tra cui Nuceria.<\/p>\n<p><strong>Teoria Albanese\u00a0<\/strong><\/p>\n<p>Basandoci su vecchi documenti e su fonti di antichi scrittori si ha una verit\u00e0 che non si vuole accettare&#8230; La popolazione che gli elleni hanno trovato dopo l&#8217;emigrazione dei greci dall&#8217;Africa ed altri territori aveva un identit\u00e0, tutti gli chiamano pelasgi ma in realt\u00e0 \u00e8 l&#8217;unico popolo che non ha lasciato eredi (molto strano). I greci hanno invaso le loro terre e hanno praticato le loro usanze. Basandoci invece su Omero questo popolo NON GRECO praticava l&#8217;agricoltura, costruiva navi ed avevano una propria cultura ed una propria fede che poi \u00e8 stata usata dai greci. Questo popolo parlava una lingua. L&#8217;unica lingua che si avvicina a questo popolo NON GRECO \u00e8 ancora parlata&#8230; I discendenti di questo popolo abitano ancora l\u00ec, anche se il loro territorio \u00e8 pi\u00f9 stretto. <span style=\"color: #000080;\"><strong>Si pu\u00f2 affermare quindi che i loro discendenti sono i Daci e gli Illiri che poi vengono chiamati Albani cio\u00e8 gli albanesi che conosciamo oggi<\/strong><\/span>.<\/p>\n<p>In his Description of Greece, <strong>Pausanias<\/strong> mentions the Arcadians who state that Pelasgus (along with his followers) was the first inhabitant of their land.[52] Upon becoming king, Pelasgus was responsible for inventing huts, sheep-skin coats, and a diet consisting of acorns. Moreover, the land he ruled was named &#8220;Pelasgia&#8221;.[53] When Arcas became king, Pelasgia was renamed &#8220;Arcadia&#8221; and its inhabitants (the Pelasgians) were renamed &#8220;Arcadians&#8221;.[54] Pausanias also mentions the Pelasgians as responsible for creating a wooden image of Orpheus in a sanctuary of Demeter at Therae,[55] as well as expelling the Minyans and Lacedaemonians from Lemnos\u201d<\/p>\n<p>mi se pare c\u0103 harta urm\u0103toare d\u0103 peste bot multora dintre cei ce ne acuz\u0103 de PROTOCRONISM :<br \/>\n<a href=\"http:\/\/bassdu.mine.nu\/images\/2011\/01\/Pelasgians.jpg\"><img loading=\"lazy\" decoding=\"async\" class=\"alignnone size-medium wp-image-3036\" src=\"http:\/\/bassdu.mine.nu\/images\/2011\/01\/Pelasgians-300x238.jpg\" alt=\"Pelasgians\" width=\"300\" height=\"238\" srcset=\"http:\/\/bassdu.mine.bz\/images\/2011\/01\/Pelasgians-300x238.jpg 300w, http:\/\/bassdu.mine.bz\/images\/2011\/01\/Pelasgians.jpg 653w\" sizes=\"(max-width: 300px) 100vw, 300px\" \/><\/a><\/p>\n<p>Mie mi se pare evident\u0103 asocierea \u201ecapului negru\u201d, cu originea legendarului Pelasgo din &#8230; P\u0102M\u00c2NT NEGRU !<\/p>\n<div style=\"width: 269px\" class=\"wp-caption alignnone\"><img loading=\"lazy\" decoding=\"async\" class=\" \" title=\"Steagul Sardiniei\" src=\"http:\/\/upload.wikimedia.org\/wikipedia\/commons\/thumb\/7\/76\/Bandiera_ufficiale_RAS.svg\/800px-Bandiera_ufficiale_RAS.svg.png\" alt=\"\" width=\"259\" height=\"173\" \/><p class=\"wp-caption-text\">Steagul Sardiniei<\/p><\/div>\n<div style=\"width: 262px\" class=\"wp-caption alignnone\"><img loading=\"lazy\" decoding=\"async\" class=\"  \" title=\"Steagul Corsicii\" src=\"http:\/\/upload.wikimedia.org\/wikipedia\/commons\/thumb\/7\/7c\/Flag_of_Corsica.svg\/750px-Flag_of_Corsica.svg.png\" alt=\"\" width=\"252\" height=\"152\" \/><p class=\"wp-caption-text\">Steagul Corsicii<\/p><\/div>\n<div style=\"width: 252px\" class=\"wp-caption alignnone\"><img loading=\"lazy\" decoding=\"async\" title=\"Blasonul lui Papa Pius al VII-lea\" src=\"http:\/\/upload.wikimedia.org\/wikipedia\/commons\/thumb\/2\/2f\/C_o_a_Pio_VII.svg\/628px-C_o_a_Pio_VII.svg.png\" alt=\"\" width=\"242\" height=\"230\" \/><p class=\"wp-caption-text\">Blazonul lui Papa PIUS al VII-lea<\/p><\/div>\n<div style=\"width: 253px\" class=\"wp-caption alignnone\"><img loading=\"lazy\" decoding=\"async\" title=\"Blazonul lui Papa Benedict al XVI-lea\" src=\"http:\/\/upload.wikimedia.org\/wikipedia\/commons\/thumb\/e\/e6\/BXVI_CoA_like_gfx_PioM.svg\/450px-BXVI_CoA_like_gfx_PioM.svg.png\" alt=\"\" width=\"243\" height=\"324\" \/><p class=\"wp-caption-text\">Blazonul lui Papa BENEDICT al XVI-lea<\/p><\/div>\n<div id=\"attachment_1487\" style=\"width: 280px\" class=\"wp-caption alignnone\"><a href=\"http:\/\/bassdu.mine.nu\/images\/2011\/01\/blason.png\"><img loading=\"lazy\" decoding=\"async\" aria-describedby=\"caption-attachment-1487\" class=\"size-medium wp-image-1487\" title=\"Blazonul \u0162\u0103rii Rom\u00e2ne\u015fti\" src=\"http:\/\/bassdu.mine.nu\/images\/2011\/01\/blason-300x216.png\" alt=\"Blazonul T\u0103rii Rom\u00e2ne\u015fti\" width=\"270\" height=\"194\" srcset=\"http:\/\/bassdu.mine.bz\/images\/2011\/01\/blason-300x216.png 300w, http:\/\/bassdu.mine.bz\/images\/2011\/01\/blason.png 476w\" sizes=\"(max-width: 270px) 100vw, 270px\" \/><\/a><p id=\"caption-attachment-1487\" class=\"wp-caption-text\">Blazonul \u0162\u0103rii Rom\u00e2ne\u015fti<\/p><\/div>\n<div id=\"attachment_1488\" style=\"width: 280px\" class=\"wp-caption alignnone\"><a href=\"http:\/\/bassdu.mine.nu\/images\/2011\/01\/blason-moldova.png\"><img loading=\"lazy\" decoding=\"async\" aria-describedby=\"caption-attachment-1488\" class=\"size-medium wp-image-1488\" title=\"Blazonul Moldovei\" src=\"http:\/\/bassdu.mine.nu\/images\/2011\/01\/blason-moldova-300x218.png\" alt=\"Blazon Moldova\" width=\"270\" height=\"196\" srcset=\"http:\/\/bassdu.mine.bz\/images\/2011\/01\/blason-moldova-300x218.png 300w, http:\/\/bassdu.mine.bz\/images\/2011\/01\/blason-moldova.png 470w\" sizes=\"(max-width: 270px) 100vw, 270px\" \/><\/a><p id=\"caption-attachment-1488\" class=\"wp-caption-text\">Blazonul Moldovei<\/p><\/div>\n<p>MISTERUL CAPETELOR DE NEGRII trebuie dezlegat \u0163in\u00e2nd cont \u015fi de urm\u0103toarele materiale:<\/p>\n<p>LEGEND\u0102 SICILIAN\u0102:<\/p>\n<p>Around 1100 AD, when Sicily was ruled by the Moors, a beautiful girl was living in seclusion and spent her days cultivating flowers on her balcony. One day a young Moor passing by saw her, decided he had to have her and entered the house so to declare his love. The young girl, surprised by such a gesture, reciprocated him, but just when she got to know him he had to return to where he came from, to his wife and children, she waited for the night to come and as he fell asleep she cut off his head and used it as a vase for her flowers and put it on her balcony displaying it to everyone. This way his love was forever hers. Since then, flowers grew lush in the vase and the neighbours, envious, built vases shaped like a Moor\u2019s head.<\/p>\n<p><a href=\"http:\/\/en.wikipedia.org\/wiki\/Maure#mediaviewer\/File:Flag_of_Corsica.svg\">http:\/\/en.wikipedia.org\/wiki\/Maure#mediaviewer\/File:Flag_of_Corsica.svg<\/a><\/p>\n<p><a href=\"http:\/\/en.wikipedia.org\/wiki\/Maure#mediaviewer\/File:Flag_of_the_Italian_region_Sardinia.svg\">http:\/\/en.wikipedia.org\/wiki\/Maure#mediaviewer\/File:Flag_of_the_Italian_region_Sardinia.svg<\/a><\/p>\n<p><a href=\"http:\/\/it.wikipedia.org\/wiki\/Armoriale_della_testa_di_moro\">http:\/\/it.wikipedia.org\/wiki\/Armoriale_della_testa_di_moro<\/a><\/p>\n<p><a href=\"http:\/\/upload.wikimedia.org\/wikipedia\/commons\/8\/88\/Piero_della_Francesco%2C_ciclo_di_affreschi_della_Vera_Croce%2C_battaglia_di_Eracleo_e_Cosroe%2C_Arezzo.jpg\">http:\/\/upload.wikimedia.org\/wikipedia\/commons\/8\/88\/Piero_della_Francesco%2C_ciclo_di_affreschi_della_Vera_Croce%2C_battaglia_di_Eracleo_e_Cosroe%2C_Arezzo.jpg<\/a><\/p>\n<p><a href=\"http:\/\/en.wikipedia.org\/wiki\/Maure#mediaviewer\/File:Livorno,_Monumento_dei_quattro_mori_a_Ferdinando_II_(1626)_-_Foto_Giovanni_Dall'Orto,_13-4-2006_01.jpg\">http:\/\/en.wikipedia.org\/wiki\/Maure#mediaviewer\/File:Livorno,_Monumento_dei_quattro_mori_a_Ferdinando_II_(1626)_-_Foto_Giovanni_Dall&#8217;Orto,_13-4-2006_01.jpg<\/a><\/p>\n<p><a href=\"http:\/\/en.wikipedia.org\/wiki\/Maure#mediaviewer\/File:Tallinn_Schwarzhaupterhaus.jpg\">http:\/\/en.wikipedia.org\/wiki\/Maure#mediaviewer\/File:Tallinn_Schwarzhaupterhaus.jpg<\/a><\/p>\n<p><a href=\"http:\/\/en.wikipedia.org\/wiki\/Maure#mediaviewer\/File:Riga_Schwarhaeupterhausportal.jpg\">http:\/\/en.wikipedia.org\/wiki\/Maure#mediaviewer\/File:Riga_Schwarhaeupterhausportal.jpg<\/a><\/p>\n<p><a href=\"http:\/\/en.wikipedia.org\/wiki\/Maure#mediaviewer\/File:Escudo_d'Arag\u00f3n.svg\">http:\/\/en.wikipedia.org\/wiki\/Maure#mediaviewer\/File:Escudo_d&#8217;Arag\u00f3n.svg<\/a><\/p>\n<p><a href=\"http:\/\/www.vatican.va\/holy_father\/benedict_xvi\/elezione\/stemma-benedict-xvi_it.html\">http:\/\/www.vatican.va\/holy_father\/benedict_xvi\/elezione\/stemma-benedict-xvi_it.html<\/a><\/p>\n<p>Succes cercet\u0103torilor!<\/p>\n","protected":false},"excerpt":{"rendered":"<p>&nbsp; &nbsp; \u00cen aten\u0163ia istoricilor&#8230; \u015fi nu numai ! Urm\u0103rind un documentar foarte interesant, aflat printre link-urile de la \u201eMi\u015fcarea DACIA\u201d, dup\u0103 minutul 3 , am v\u0103zut imagini ce mi-au amintit de ceva deja cunoscut. Aceste capete de negrii, se reg\u0103sesc \u015fi \u00een steagul sarzilor , care numesc propria insul\u0103 SARDIGNIA, ci nu SARDEGNA ca [&hellip;]<\/p>\n","protected":false},"author":2,"featured_media":0,"comment_status":"open","ping_status":"open","sticky":false,"template":"","format":"standard","meta":{"footnotes":""},"categories":[3],"tags":[534,536,210,537,535],"jetpack_featured_media_url":"","_links":{"self":[{"href":"http:\/\/bassdu.mine.bz\/index.php?rest_route=\/wp\/v2\/posts\/1482"}],"collection":[{"href":"http:\/\/bassdu.mine.bz\/index.php?rest_route=\/wp\/v2\/posts"}],"about":[{"href":"http:\/\/bassdu.mine.bz\/index.php?rest_route=\/wp\/v2\/types\/post"}],"author":[{"embeddable":true,"href":"http:\/\/bassdu.mine.bz\/index.php?rest_route=\/wp\/v2\/users\/2"}],"replies":[{"embeddable":true,"href":"http:\/\/bassdu.mine.bz\/index.php?rest_route=%2Fwp%2Fv2%2Fcomments&post=1482"}],"version-history":[{"count":11,"href":"http:\/\/bassdu.mine.bz\/index.php?rest_route=\/wp\/v2\/posts\/1482\/revisions"}],"predecessor-version":[{"id":3740,"href":"http:\/\/bassdu.mine.bz\/index.php?rest_route=\/wp\/v2\/posts\/1482\/revisions\/3740"}],"wp:attachment":[{"href":"http:\/\/bassdu.mine.bz\/index.php?rest_route=%2Fwp%2Fv2%2Fmedia&parent=1482"}],"wp:term":[{"taxonomy":"category","embeddable":true,"href":"http:\/\/bassdu.mine.bz\/index.php?rest_route=%2Fwp%2Fv2%2Fcategories&post=1482"},{"taxonomy":"post_tag","embeddable":true,"href":"http:\/\/bassdu.mine.bz\/index.php?rest_route=%2Fwp%2Fv2%2Ftags&post=1482"}],"curies":[{"name":"wp","href":"https:\/\/api.w.org\/{rel}","templated":true}]}}