{"id":1538,"date":"2011-02-22T11:58:28","date_gmt":"2011-02-22T10:58:28","guid":{"rendered":"http:\/\/bassdu.mine.nu\/?p=1538"},"modified":"2011-02-22T15:13:10","modified_gmt":"2011-02-22T14:13:10","slug":"gradina-maicii-domnului","status":"publish","type":"post","link":"http:\/\/bassdu.mine.bz\/?p=1538","title":{"rendered":"Gr\u0103dina Maicii Domnului"},"content":{"rendered":"<p><!-- #toc, .toc, .mw-warning { border: 1px solid rgb(170, 170, 170); background-color: rgb(249, 249, 249); padding: 5px; font-size: 95%; }#toc h2, .toc h2 { display: inline; border: medium none; padding: 0pt; font-size: 100%; font-weight: bold; }#toc #toctitle, .toc #toctitle, #toc .toctitle, .toc .toctitle { text-align: center; }#toc ul, .toc ul { list-style-type: none; list-style-image: none; margin-left: 0pt; padding-left: 0pt; text-align: left; }#toc ul ul, .toc ul ul { margin: 0pt 0pt 0pt 2em; }#toc .toctoggle, .toc .toctoggle { font-size: 94%; }body { font-family: 'DejaVu'; color: rgb(0, 0, 0); widows: 2; font-style: normal; text-indent: 0in; text-decoration: none; font-size: 12pt; font-variant: normal; font-weight: normal; text-align: left; }table {  }td { border-collapse: collapse; text-align: left; vertical-align: top; }p, h1, h2, h3, li { color: rgb(0, 0, 0); font-family: 'DejaVu'; font-size: 12pt; text-align: left; } --><\/p>\n<div>\n<p><strong>Orice asem\u0103nare &#8230; NU este \u00eent\u00e2mpl\u0103toare<\/strong> !<\/p>\n<p>S\u0103 ne imagin\u0103m\u00a0Gr\u0103dina noastr\u0103\u00a0\u015fi s\u0103 vedem cum trebuie \u00eengrijit\u0103.<\/p>\n<p>\u00cen primul r\u00e2nd, p\u0103m\u00e2ntul trebuie s\u0103 fie \u201enegru\u201d \u015fi din acest punct de vedere, suntem binecuv\u00e2nta\u0163i. Se \u015ftie c\u0103 \u201edin p\u0103m\u00e2nt venim \u015fi \u00een p\u0103m\u00e2nt ne \u00eentoarcem\u201d \u015fi c\u0103 exist\u0103 \u201eatest\u0103ri\u201d conform c\u0103rora, primii ocupan\u0163i ai Spa\u0163iului Carpato-Dun\u0103reano-Pontic, pelasgii, erau\u00a0\u201ef\u0103cu\u0163i\u201d de Gaea \u015fi Uranus din p\u0103m\u00e2nt negru. De asemenea, am v\u0103zut c\u0103 NEGRU este prezent inclusiv pe sigiliile Valahiei \u015fi Moldovei, ca s\u0103 nu mai pomenim de Desc\u0103lec\u0103tori\u00a0de \u0162ar\u0103. Mai \u015ftim c\u0103 \u201esuntem ceea ce m\u00e2nc\u0103m\u201d, deci oricine se na\u015fte, cre\u015fte \u015fi moare \u00eentr-un loc, este \u201ematerialice\u015fte\u201d alc\u0103tuit din elementele locului, aflate \u00eentr-un \u201eetern circuit \u00eenchis\u201d.<\/p>\n<p>Mult timp, aceast\u0103 Gr\u0103din\u0103 a fost \u00eengrijit\u0103 respect\u00e2ndu-se LEGILE P\u0102M\u00c2NTULUI.<\/p>\n<p>Apoi, v\u00e2nturi potrivnice au adus fel de fel de semin\u0163e, dintre care unele erau d\u0103un\u0103toare, altele nu. Primele au fost \u201eplivite\u201d, iar celelalte &#8230; \u201easimilate\u201d, cu r\u0103bdare\u00a0\u015fi vrednicie. \u00cen ultimul timp \u00eens\u0103, au proliferat \u201esem\u0103n\u0103torii de v\u00e2nt\u201d, m\u00e2na\u0163i de setea de a acoperi spa\u0163iul\u00a0global. A\u015fa se face c\u0103, s-au implantat \u00een Gr\u0103din\u0103 semin\u0163e de Aiurea \u015fi s-a ridicat un praf ce a orbit gospodarul. Fapt este c\u0103, Gr\u0103dina a c\u0103zut \u00een paragin\u0103 !<\/p>\n<p>Numai c\u0103 \u201ecine seam\u0103n\u0103 v\u00e2nt, culege furtun\u0103\u201d, iar \u201edup\u0103 furtun\u0103 vine Lini\u015ftea\u201d \u015fi atunci Gospodarul poate s\u0103 se ocupe din nou de Gr\u0103din\u0103.<\/p>\n<p>Trebuie s\u0103 pliveasc\u0103 buruienile, ba chiar s\u0103 \u201er\u0103reasc\u0103\u201d r\u00e2ndurile\u00a0printr-o selec\u0163ie atent\u0103, pentru a creea spa\u0163iul vital, necesar ob\u0163inerii unor roade \u015fi semin\u0163e bune.<\/p>\n<\/div>\n","protected":false},"excerpt":{"rendered":"<p>Orice asem\u0103nare &#8230; NU este \u00eent\u00e2mpl\u0103toare ! S\u0103 ne imagin\u0103m\u00a0Gr\u0103dina noastr\u0103\u00a0\u015fi s\u0103 vedem cum trebuie \u00eengrijit\u0103. \u00cen primul r\u00e2nd, p\u0103m\u00e2ntul trebuie s\u0103 fie \u201enegru\u201d \u015fi din acest punct de vedere, suntem binecuv\u00e2nta\u0163i. Se \u015ftie c\u0103 \u201edin p\u0103m\u00e2nt venim \u015fi \u00een p\u0103m\u00e2nt ne \u00eentoarcem\u201d \u015fi c\u0103 exist\u0103 \u201eatest\u0103ri\u201d conform c\u0103rora, primii ocupan\u0163i ai Spa\u0163iului Carpato-Dun\u0103reano-Pontic, pelasgii, [&hellip;]<\/p>\n","protected":false},"author":2,"featured_media":0,"comment_status":"open","ping_status":"open","sticky":false,"template":"","format":"standard","meta":{"footnotes":""},"categories":[73],"tags":[542,210],"jetpack_featured_media_url":"","_links":{"self":[{"href":"http:\/\/bassdu.mine.bz\/index.php?rest_route=\/wp\/v2\/posts\/1538"}],"collection":[{"href":"http:\/\/bassdu.mine.bz\/index.php?rest_route=\/wp\/v2\/posts"}],"about":[{"href":"http:\/\/bassdu.mine.bz\/index.php?rest_route=\/wp\/v2\/types\/post"}],"author":[{"embeddable":true,"href":"http:\/\/bassdu.mine.bz\/index.php?rest_route=\/wp\/v2\/users\/2"}],"replies":[{"embeddable":true,"href":"http:\/\/bassdu.mine.bz\/index.php?rest_route=%2Fwp%2Fv2%2Fcomments&post=1538"}],"version-history":[{"count":6,"href":"http:\/\/bassdu.mine.bz\/index.php?rest_route=\/wp\/v2\/posts\/1538\/revisions"}],"predecessor-version":[{"id":1543,"href":"http:\/\/bassdu.mine.bz\/index.php?rest_route=\/wp\/v2\/posts\/1538\/revisions\/1543"}],"wp:attachment":[{"href":"http:\/\/bassdu.mine.bz\/index.php?rest_route=%2Fwp%2Fv2%2Fmedia&parent=1538"}],"wp:term":[{"taxonomy":"category","embeddable":true,"href":"http:\/\/bassdu.mine.bz\/index.php?rest_route=%2Fwp%2Fv2%2Fcategories&post=1538"},{"taxonomy":"post_tag","embeddable":true,"href":"http:\/\/bassdu.mine.bz\/index.php?rest_route=%2Fwp%2Fv2%2Ftags&post=1538"}],"curies":[{"name":"wp","href":"https:\/\/api.w.org\/{rel}","templated":true}]}}