{"id":1842,"date":"2011-09-24T21:31:21","date_gmt":"2011-09-24T20:31:21","guid":{"rendered":"http:\/\/bassdu.mine.nu\/?p=1842"},"modified":"2011-09-24T22:29:52","modified_gmt":"2011-09-24T21:29:52","slug":"despre-incapacitatea-guvernantilor-cazul-gelmini","status":"publish","type":"post","link":"http:\/\/bassdu.mine.bz\/?p=1842","title":{"rendered":"Despre incapacitatea guvernan\u0163ilor &#8211; cazul Gelmini"},"content":{"rendered":"<p>Pentru cine nu \u015ftie, Mariastella Gelmini este ministru \u00een guvernul Berlusconi, r\u0103spunz\u00eend de Educa\u0163ie, Universitate \u015fi Cercetarea \u015etiin\u0163ific\u0103. Ne amintim cu to\u0163ii de dezacordul gramatical al lui Funeriu, care a st\u00e2rnit, relativ justificat, un val de proteste. Spun \u201erelativ justificat\u201d, deoarece se trata de o \u201einterven\u0163ie verbal\u0103\u201d, \u00een care i se poate \u00eent\u00e2mpla oricui un astfel de \u201eeveniment\u201d.<br \/>\nMinistressa Gelmini a dep\u0103\u015fit \u201eperforman\u0163a\u201d lui Funeriu, pun\u00e2nd \u00een scris ignoran\u0163a sa (verba volant, scripta manent!), \u00eentr-o chestiune strict legat\u0103 de ministerul pe care \u00eel conduce. Dup\u0103 cum se \u015ftie, s-ar p\u0103rea c\u0103 un neutrino de la CERN a \u201eajuns\u201d la Gran Sasso, mai \u201edevreme\u201d cu 60 de nanosecunde, dec\u00e2t i-ar fi \u201epermis\u201d viteza cunoscut\u0103 a luminii ! Imediat \u201eau s\u0103rit\u201d unii s\u0103 afirme c\u0103 Teoria Relativit\u0103\u0163ii &#8230; se clatin\u0103, \u00een ciuda \u201erezervelor\u201d exprimate de cercet\u0103torii de la CERN.<a href=\"http:\/\/bassdu.mine.nu\/images\/2011\/09\/gelmini4.jpg\"><img loading=\"lazy\" decoding=\"async\" src=\"http:\/\/bassdu.mine.nu\/images\/2011\/09\/gelmini4-300x170.jpg\" alt=\"\" title=\"gelmini4\" width=\"300\" height=\"170\" class=\"aligncenter size-medium wp-image-1845\" srcset=\"http:\/\/bassdu.mine.bz\/images\/2011\/09\/gelmini4-300x170.jpg 300w, http:\/\/bassdu.mine.bz\/images\/2011\/09\/gelmini4.jpg 616w\" sizes=\"(max-width: 300px) 100vw, 300px\" \/><\/a><\/p>\n<p>Cum politicienii se ocup\u0103 cu \u201eexploatarea\u201d a tot ce le poate aduce \u201espuz\u0103 pe tort\u201d, Gelmini s-a gr\u0103bit s\u0103 scrie c\u0103 Italia a contribuit cu 45 de milioane de Euro la construc\u0163ia TUNELULUI prin care s-a deplasat n\u0103stru\u015fnicul neutrino, f\u0103r\u0103 s\u0103 \u015ftie c\u0103 acest TUNEL nu exist\u0103 &#8230; dec\u00e2t \u00een c\u0103pu\u015forul s\u0103u :<a href=\"http:\/\/bassdu.mine.nu\/images\/2011\/09\/gelmini-1.jpg\"><img loading=\"lazy\" decoding=\"async\" src=\"http:\/\/bassdu.mine.nu\/images\/2011\/09\/gelmini-1-300x239.jpg\" alt=\"\" title=\"gelmini 1\" width=\"300\" height=\"239\" class=\"aligncenter size-medium wp-image-1843\" srcset=\"http:\/\/bassdu.mine.bz\/images\/2011\/09\/gelmini-1-300x239.jpg 300w, http:\/\/bassdu.mine.bz\/images\/2011\/09\/gelmini-1.jpg 504w\" sizes=\"(max-width: 300px) 100vw, 300px\" \/><\/a><\/p>\n<p>Imediat Netul a fost cuprins de&#8230; \u201emi\u015ftoc\u0103real\u0103\u201d, mai ales c\u0103 aceia\u015fi Gelmini a t\u0103iat \u00een mod semnificativ FONDURILE PENTRU CERCETAREA \u015eTIIN\u0162IFIC\u0102, oblig\u00e2nd mul\u0163i cercet\u0103tori s\u0103&#8230; emigreze !<br \/>\n<a href=\"http:\/\/bassdu.mine.nu\/images\/2011\/09\/gelmini3.jpg\"><img loading=\"lazy\" decoding=\"async\" src=\"http:\/\/bassdu.mine.nu\/images\/2011\/09\/gelmini3-300x224.jpg\" alt=\"\" title=\"gelmini3\" width=\"300\" height=\"224\" class=\"aligncenter size-medium wp-image-1847\" srcset=\"http:\/\/bassdu.mine.bz\/images\/2011\/09\/gelmini3-300x224.jpg 300w, http:\/\/bassdu.mine.bz\/images\/2011\/09\/gelmini3.jpg 369w\" sizes=\"(max-width: 300px) 100vw, 300px\" \/><\/a><\/p>\n<p>&#8230; ba unii au \u015fi trasat TUNELUL pe hart\u0103 :<br \/>\n<a href=\"http:\/\/bassdu.mine.nu\/images\/2011\/09\/gelmini2.jpg\"><img loading=\"lazy\" decoding=\"async\" src=\"http:\/\/bassdu.mine.nu\/images\/2011\/09\/gelmini2-300x231.jpg\" alt=\"\" title=\"gelmini2\" width=\"300\" height=\"231\" class=\"aligncenter size-medium wp-image-1848\" srcset=\"http:\/\/bassdu.mine.bz\/images\/2011\/09\/gelmini2-300x231.jpg 300w, http:\/\/bassdu.mine.bz\/images\/2011\/09\/gelmini2.jpg 503w\" sizes=\"(max-width: 300px) 100vw, 300px\" \/><\/a><\/p>\n<p>&#8230;iar al\u0163ii au inventat \u201enoi limite de vitez\u0103\u201d :<br \/>\n<a href=\"http:\/\/bassdu.mine.nu\/images\/2011\/09\/gelmini-6.jpg\"><img loading=\"lazy\" decoding=\"async\" src=\"http:\/\/bassdu.mine.nu\/images\/2011\/09\/gelmini-6-e1316895774134-190x300.jpg\" alt=\"\" title=\"gelmini 6\" width=\"190\" height=\"300\" class=\"aligncenter size-medium wp-image-1850\" srcset=\"http:\/\/bassdu.mine.bz\/images\/2011\/09\/gelmini-6-e1316895774134-190x300.jpg 190w, http:\/\/bassdu.mine.bz\/images\/2011\/09\/gelmini-6-e1316895774134.jpg 257w\" sizes=\"(max-width: 190px) 100vw, 190px\" \/><\/a><\/p>\n<p>&#8230;iar Opozi\u0163ia a trecut la \u201eatac\u201d, de\u015fi sunt din acela\u015fi \u201ealuat\u201d :<br \/>\n<a href=\"http:\/\/bassdu.mine.nu\/images\/2011\/09\/gelmini-7.jpg\"><img loading=\"lazy\" decoding=\"async\" src=\"http:\/\/bassdu.mine.nu\/images\/2011\/09\/gelmini-7-198x300.jpg\" alt=\"\" title=\"gelmini 7\" width=\"198\" height=\"300\" class=\"aligncenter size-medium wp-image-1849\" srcset=\"http:\/\/bassdu.mine.bz\/images\/2011\/09\/gelmini-7-198x300.jpg 198w, http:\/\/bassdu.mine.bz\/images\/2011\/09\/gelmini-7.jpg 477w\" sizes=\"(max-width: 198px) 100vw, 198px\" \/><\/a><\/p>\n<p>Interesant\u0103 a fost reac\u0163ia doamnei, care s-a sup\u0103rat pe consilierii s\u0103i \u015ftiin\u0163ifici !?!? \u00cen primul r\u00e2nd, se vede c\u0103 \u015fi ace\u015ftia au fost selec\u0163iona\u0163i dup\u0103 \u201ecriteriile Sistemului\u201d, fiind \u201einstrui\u0163i&#8230; la distan\u0163\u0103\u201d, sau \u201epe bani\u201d. Eu cred totu\u015fi c\u0103 a \u201ec\u0103uta \u0163api isp\u0103\u015fitori\u201d este declasant, deoarece OAMENI COMPETEN\u0162I exist\u0103 \u015fi m\u0103 \u00eentreb c\u00e2nd o s\u0103 avem mini\u015ftrii &#8230; ca atare !?!? \u201eMi\u015fcarea Dacia\u201d militeaz\u0103 pentru a\u015fa ceva !!!<\/p>\n","protected":false},"excerpt":{"rendered":"<p>Pentru cine nu \u015ftie, Mariastella Gelmini este ministru \u00een guvernul Berlusconi, r\u0103spunz\u00eend de Educa\u0163ie, Universitate \u015fi Cercetarea \u015etiin\u0163ific\u0103. Ne amintim cu to\u0163ii de dezacordul gramatical al lui Funeriu, care a st\u00e2rnit, relativ justificat, un val de proteste. Spun \u201erelativ justificat\u201d, deoarece se trata de o \u201einterven\u0163ie verbal\u0103\u201d, \u00een care i se poate \u00eent\u00e2mpla oricui un [&hellip;]<\/p>\n","protected":false},"author":2,"featured_media":0,"comment_status":"open","ping_status":"open","sticky":false,"template":"","format":"standard","meta":{"footnotes":""},"categories":[3],"tags":[701,263,700,702,704,210,703,705],"jetpack_featured_media_url":"","_links":{"self":[{"href":"http:\/\/bassdu.mine.bz\/index.php?rest_route=\/wp\/v2\/posts\/1842"}],"collection":[{"href":"http:\/\/bassdu.mine.bz\/index.php?rest_route=\/wp\/v2\/posts"}],"about":[{"href":"http:\/\/bassdu.mine.bz\/index.php?rest_route=\/wp\/v2\/types\/post"}],"author":[{"embeddable":true,"href":"http:\/\/bassdu.mine.bz\/index.php?rest_route=\/wp\/v2\/users\/2"}],"replies":[{"embeddable":true,"href":"http:\/\/bassdu.mine.bz\/index.php?rest_route=%2Fwp%2Fv2%2Fcomments&post=1842"}],"version-history":[{"count":6,"href":"http:\/\/bassdu.mine.bz\/index.php?rest_route=\/wp\/v2\/posts\/1842\/revisions"}],"predecessor-version":[{"id":1854,"href":"http:\/\/bassdu.mine.bz\/index.php?rest_route=\/wp\/v2\/posts\/1842\/revisions\/1854"}],"wp:attachment":[{"href":"http:\/\/bassdu.mine.bz\/index.php?rest_route=%2Fwp%2Fv2%2Fmedia&parent=1842"}],"wp:term":[{"taxonomy":"category","embeddable":true,"href":"http:\/\/bassdu.mine.bz\/index.php?rest_route=%2Fwp%2Fv2%2Fcategories&post=1842"},{"taxonomy":"post_tag","embeddable":true,"href":"http:\/\/bassdu.mine.bz\/index.php?rest_route=%2Fwp%2Fv2%2Ftags&post=1842"}],"curies":[{"name":"wp","href":"https:\/\/api.w.org\/{rel}","templated":true}]}}