{"id":1903,"date":"2011-10-22T18:40:28","date_gmt":"2011-10-22T17:40:28","guid":{"rendered":"http:\/\/bassdu.mine.nu\/?p=1903"},"modified":"2011-10-22T18:40:28","modified_gmt":"2011-10-22T17:40:28","slug":"pleac-ai-nostri-vin-ai-nostri","status":"publish","type":"post","link":"http:\/\/bassdu.mine.bz\/?p=1903","title":{"rendered":"Pleac-ai no\u015ftri, vin ai no\u015ftri !"},"content":{"rendered":"<p>preluare de la mraconia.wordpress.com a unei \u201eziceri\u201d de-a lui T\u0103nase din 1945 :<\/p>\n<p><strong>Pleac-ai no\u015ftri, vin &#8230; ai no\u015ftri !<br \/>\n<\/strong><br \/>\nNe-am trezit din hibernare<br \/>\n\u015ei-am strigat c\u00e2t am putut:<br \/>\nSus Cutare! Jos Cutare!<br \/>\n\u015ei cu asta ce-am f\u0103cut?<\/p>\n<p>Am dorit, cu mic, cu mare,<br \/>\n\u015ei-am luptat, cum am \u015ftiut,<br \/>\nS-avem nou\u0103 guvernare,<br \/>\n\u015ei cu asta ce-am f\u0103cut?<\/p>\n<p>Ca mai bine s\u0103 ne fie,<br \/>\nNe-a crescut salariul brut,<br \/>\nDar tr\u0103im \u00een s\u0103racie,<br \/>\n\u015ei cu asta ce-am f\u0103cut?<\/p>\n<p>Ia corup\u0163ia amploare,<br \/>\nCum nicic\u00e2nd nu s-a v\u0103zut,<br \/>\nScoatem totul la v\u00e2nzare,<br \/>\n\u015ei cu asta ce-am f\u0103cut?<\/p>\n<p>Pentru-a c\u00e2\u015ftiga o p\u00e2ine,<br \/>\nMul\u0163i o iau de la-nceput,<br \/>\nR\u0103t\u0103cesc prin \u0163\u0103ri str\u0103ine,<br \/>\n\u015ei cu asta ce-am f\u0103cut?<\/p>\n<p>Travers\u0103m ani grei cu crize,<br \/>\nLeul iar a dec\u0103zut,<br \/>\nCresc \u00eentruna taxe-accize,<br \/>\n\u015ei cu asta ce-am f\u0103cut?<\/p>\n<p>Totul este ca-nainte,<br \/>\nDe belele n-am trecut,<br \/>\nSe trag sforile, se minte,<br \/>\n\u015ei cu asta ce-am f\u0103cut?<\/p>\n<p>Se urzesc pe-ascuns vendete,<br \/>\nCum nicic\u00e2nd nu s-a v\u0103zut,<br \/>\n\u0162ara-i plin\u0103 de vedete,<br \/>\n\u015ei cu asta ce-am f\u0103cut?<\/p>\n<p>Pleac\u0103-ai no\u015ftri, vin ai no\u015ftri!<br \/>\nE sloganul cunoscut;<br \/>\n<strong>Iar\u0103\u015fi am votat ca pro\u015ftii,<br \/>\n\u015ei cu asta ce-am f\u0103cut?<\/strong><em><\/p>\n","protected":false},"excerpt":{"rendered":"<p>preluare de la mraconia.wordpress.com a unei \u201eziceri\u201d de-a lui T\u0103nase din 1945 : Pleac-ai no\u015ftri, vin &#8230; ai no\u015ftri ! Ne-am trezit din hibernare \u015ei-am strigat c\u00e2t am putut: Sus Cutare! Jos Cutare! \u015ei cu asta ce-am f\u0103cut? Am dorit, cu mic, cu mare, \u015ei-am luptat, cum am \u015ftiut, S-avem nou\u0103 guvernare, \u015ei cu asta [&hellip;]<\/p>\n","protected":false},"author":2,"featured_media":0,"comment_status":"open","ping_status":"open","sticky":false,"template":"","format":"standard","meta":{"footnotes":""},"categories":[73],"tags":[723],"jetpack_featured_media_url":"","_links":{"self":[{"href":"http:\/\/bassdu.mine.bz\/index.php?rest_route=\/wp\/v2\/posts\/1903"}],"collection":[{"href":"http:\/\/bassdu.mine.bz\/index.php?rest_route=\/wp\/v2\/posts"}],"about":[{"href":"http:\/\/bassdu.mine.bz\/index.php?rest_route=\/wp\/v2\/types\/post"}],"author":[{"embeddable":true,"href":"http:\/\/bassdu.mine.bz\/index.php?rest_route=\/wp\/v2\/users\/2"}],"replies":[{"embeddable":true,"href":"http:\/\/bassdu.mine.bz\/index.php?rest_route=%2Fwp%2Fv2%2Fcomments&post=1903"}],"version-history":[{"count":1,"href":"http:\/\/bassdu.mine.bz\/index.php?rest_route=\/wp\/v2\/posts\/1903\/revisions"}],"predecessor-version":[{"id":1904,"href":"http:\/\/bassdu.mine.bz\/index.php?rest_route=\/wp\/v2\/posts\/1903\/revisions\/1904"}],"wp:attachment":[{"href":"http:\/\/bassdu.mine.bz\/index.php?rest_route=%2Fwp%2Fv2%2Fmedia&parent=1903"}],"wp:term":[{"taxonomy":"category","embeddable":true,"href":"http:\/\/bassdu.mine.bz\/index.php?rest_route=%2Fwp%2Fv2%2Fcategories&post=1903"},{"taxonomy":"post_tag","embeddable":true,"href":"http:\/\/bassdu.mine.bz\/index.php?rest_route=%2Fwp%2Fv2%2Ftags&post=1903"}],"curies":[{"name":"wp","href":"https:\/\/api.w.org\/{rel}","templated":true}]}}