{"id":2015,"date":"2011-12-24T23:42:30","date_gmt":"2011-12-24T22:42:30","guid":{"rendered":"http:\/\/bassdu.mine.nu\/?p=2015"},"modified":"2011-12-24T23:42:30","modified_gmt":"2011-12-24T22:42:30","slug":"am-fost-colindati","status":"publish","type":"post","link":"http:\/\/bassdu.mine.bz\/?p=2015","title":{"rendered":"Am fost colinda\u0163i !!!"},"content":{"rendered":"<p>Mare mi-a fost surpriza, de a auzi acum c\u00e2teva minute la citofon : \u201eprimi\u0163i cu colinda?\u201d<\/p>\n<p>M-am trezit astfel cu peste 20 de colind\u0103tori, \u00een frunte cu preotul Parohiei Ortodoxe Rom\u00e2ne\u015fti din Rimini,\u00a0 Marcian Bucurenciu.<\/p>\n<p>Mare a fost surpriza \u015fi pentru vecinii mei italieni, care au ie\u015fit pe la u\u015fi, pentru a se delecta cu Colindele interpretate minunat \u201esub bagheta\u201d preotesei Simona, mai ales c\u0103 ei nu au astfel de obiceiuri.<\/p>\n<p>Pentru cei \u201ede acas\u0103\u201d, nu este a\u015fa de \u00a0nemaipomenit acest episod, dar \u201eaici\u201d are alte semnifica\u0163ii :<\/p>\n<p>\u00cen Provincia Rimini sunt peste 3500 de rom\u00e2ni \u015fi o singur\u0103 Biseric\u0103 \u201ea noastr\u0103\u201d.<\/p>\n<p>V\u0103 rog s\u0103 v\u0103 imagina\u0163i un corteu de ma\u015fini cu colind\u0103tori, ce face \u201eturul\u201d pe un teritoriu destul de vast \u015fi aglomerat !?!?<\/p>\n<p>Preotul Marcian Bucurenciu \u00ee\u015fi propune s\u0103 edifice o Bisericu\u0163\u0103 (deoarece acum \u201esuntem cu chirie\u201d \u00eentr-un local al Prim\u0103riei), \u00een jurul c\u0103reia s\u0103 se organizeze cursuri de limb\u0103 pentru copii, s\u0103 se cultive Tradi\u0163ii \u015fi Obiceiuri de-ale noastre \u015fi \u00een general, s\u0103 devin\u0103 un loc de reg\u0103sire a celor de un Neam.<\/p>\n<p>Merit\u0103 tot sprijinul !!!<object width=\"420\" height=\"315\"><param name=\"movie\" value=\"http:\/\/www.youtube.com\/v\/iboiuqyl_dQ?version=3&amp;hl=ro_RO&amp;rel=0\"><\/param><param name=\"allowFullScreen\" value=\"true\"><\/param><param name=\"allowscriptaccess\" value=\"always\"><\/param><\/object><\/p>\n","protected":false},"excerpt":{"rendered":"<p>Mare mi-a fost surpriza, de a auzi acum c\u00e2teva minute la citofon : \u201eprimi\u0163i cu colinda?\u201d M-am trezit astfel cu peste 20 de colind\u0103tori, \u00een frunte cu preotul Parohiei Ortodoxe Rom\u00e2ne\u015fti din Rimini,\u00a0 Marcian Bucurenciu. Mare a fost surpriza \u015fi pentru vecinii mei italieni, care au ie\u015fit pe la u\u015fi, pentru a se delecta cu [&hellip;]<\/p>\n","protected":false},"author":2,"featured_media":0,"comment_status":"open","ping_status":"open","sticky":false,"template":"","format":"standard","meta":{"footnotes":""},"categories":[3],"tags":[770,187,769],"jetpack_featured_media_url":"","_links":{"self":[{"href":"http:\/\/bassdu.mine.bz\/index.php?rest_route=\/wp\/v2\/posts\/2015"}],"collection":[{"href":"http:\/\/bassdu.mine.bz\/index.php?rest_route=\/wp\/v2\/posts"}],"about":[{"href":"http:\/\/bassdu.mine.bz\/index.php?rest_route=\/wp\/v2\/types\/post"}],"author":[{"embeddable":true,"href":"http:\/\/bassdu.mine.bz\/index.php?rest_route=\/wp\/v2\/users\/2"}],"replies":[{"embeddable":true,"href":"http:\/\/bassdu.mine.bz\/index.php?rest_route=%2Fwp%2Fv2%2Fcomments&post=2015"}],"version-history":[{"count":2,"href":"http:\/\/bassdu.mine.bz\/index.php?rest_route=\/wp\/v2\/posts\/2015\/revisions"}],"predecessor-version":[{"id":2017,"href":"http:\/\/bassdu.mine.bz\/index.php?rest_route=\/wp\/v2\/posts\/2015\/revisions\/2017"}],"wp:attachment":[{"href":"http:\/\/bassdu.mine.bz\/index.php?rest_route=%2Fwp%2Fv2%2Fmedia&parent=2015"}],"wp:term":[{"taxonomy":"category","embeddable":true,"href":"http:\/\/bassdu.mine.bz\/index.php?rest_route=%2Fwp%2Fv2%2Fcategories&post=2015"},{"taxonomy":"post_tag","embeddable":true,"href":"http:\/\/bassdu.mine.bz\/index.php?rest_route=%2Fwp%2Fv2%2Ftags&post=2015"}],"curies":[{"name":"wp","href":"https:\/\/api.w.org\/{rel}","templated":true}]}}