{"id":241,"date":"2009-05-28T15:57:36","date_gmt":"2009-05-28T14:57:36","guid":{"rendered":"http:\/\/bassdu.mine.nu\/?p=241"},"modified":"2009-05-28T15:57:36","modified_gmt":"2009-05-28T14:57:36","slug":"politica-romena-in-italia","status":"publish","type":"post","link":"http:\/\/bassdu.mine.bz\/?p=241","title":{"rendered":"Politica romena in Italia"},"content":{"rendered":"<p class=\"MsoNormal\" style=\"margin: 0cm 0cm 10pt 18pt;\"><span style=\"font-size: small; font-family: Calibri;\">Cito <span style=\"mso-spacerun: yes;\">\u00a0<\/span>il commento di sig. Giancarlo Germani:<\/span><\/p>\n<p style=\"margin-left: 18pt;\"><span style=\"font-size: small; font-family: Times New Roman;\">\u201cCerto se ognuno aspetta di vedere tutte le sue idee comprese in un programma di partito vuol dire che per ogni romeno ci vuole il suo partito.<br \/>\nLa politica \u00e8 sintesi e flessibilit\u00e0.<br \/>\nNoi a Roma grazie ad Assoforum abbiamo ottenuto qualcosa di concreto per la comunit\u00e0\u2026chi s\u00e0 fare di meglio si accomodi.<br \/>\nLa Tua piattaforma \u00e8 quella che \u00e8 gi\u00e0 stata di Ilinca e del Per che non sono mai riusciti a passare dalla teoria alla pratica. Non basta avere grandi idee virtuali,bisogna poi metterle in pratica\u2026se nessuno ha l\u2019umilt\u00e0 di rimboccarsi le maniche e lavorare con altri in mezzo alla gente ma si credono tutti Corneli Coposu poi non vi lamentate se non contate nulla, n\u00e8 in Italia n\u00e8 in Romania.\u201d<\/span><\/p>\n<p style=\"margin-left: 18pt;\"><span style=\"font-size: small; font-family: Times New Roman;\">\u00a0<\/span><\/p>\n<p class=\"MsoNormal\" style=\"margin: 0cm 0cm 10pt 18pt;\"><span style=\"font-size: small; font-family: Calibri;\">La mia risposta:<\/span><\/p>\n<p class=\"MsoNormal\" style=\"margin: 0cm 0cm 10pt 18pt;\"><span style=\"font-size: small; font-family: Calibri;\">\u00a0<\/span><\/p>\n<p class=\"MsoNormal\" style=\"margin: 0cm 0cm 10pt;\"><span style=\"font-size: small;\"><span style=\"font-family: Calibri;\"><span style=\"mso-spacerun: yes;\">\u00a0<\/span>Con tutta la modestia posso affermare che non sono un romeno qualsiasi, e comunque uno pi\u00f9 romeno <span style=\"mso-spacerun: yes;\">\u00a0<\/span>di lei. Faccio parte di un\u2019antica famiglia con una grande storia politica alle spalle, documentata<span style=\"mso-spacerun: yes;\">\u00a0 <\/span>con manoscritti del <span style=\"mso-spacerun: yes;\">\u00a0<\/span>XVI -mo secolo. Posso anche vantarmi del fatto che immigrati italiani in Romania, a cominciare dal inizio mille novecento, sono stati accolti come membri della mia famiglia. Poi chi ha detto che io desideri <span style=\"mso-spacerun: yes;\">\u00a0<\/span>un <span style=\"mso-spacerun: yes;\">\u00a0<\/span>partito per me? <span style=\"mso-spacerun: yes;\">\u00a0<\/span>Se non ci sar\u00e0 un partito come lo voglio io, rimarr\u00f2 senza come adesso! <span style=\"mso-spacerun: yes;\">\u00a0<\/span>Se la mia piattaforma \u00e8 uguale a quella di Ilinca e del PER, mi scuser\u00f2 con loro e far\u00f2 richiesta di adesione alle loro formazioni; <strong style=\"mso-bidi-font-weight: normal;\">ma ho dei dubbi che sia cos\u00ec. <span style=\"mso-spacerun: yes;\">\u00a0<\/span><\/strong><\/span><\/span><\/p>\n<p class=\"MsoNormal\" style=\"margin: 0cm 0cm 10pt 18pt;\"><span style=\"font-size: small;\"><span style=\"font-family: Calibri;\"><span style=\"mso-spacerun: yes;\">\u00a0\u00a0\u00a0\u00a0\u00a0 <\/span>Se lei \u00e8 convinto che uno come me ed altri, non siamo capaci di capire come \u00e8 la politica, se lei crede che le idee non sono virtuali, se lei crede che noi non siamo capaci di passare dalla teoria alla pratica, allora vuol dire che ha la stessa idea sbagliata di noi, come molti altri italiani!<\/span><\/span><\/p>\n<p class=\"MsoNormal\" style=\"margin: 0cm 0cm 10pt 18pt;\"><span style=\"font-size: small;\"><span style=\"font-family: Calibri;\"><span style=\"mso-spacerun: yes;\">\u00a0\u00a0\u00a0\u00a0\u00a0 <\/span>Se il tempo <span style=\"mso-spacerun: yes;\">\u00a0<\/span>delle mie idee non \u00e8 ancora arrivato, \u2026 aspetter\u00f2!<\/span><\/span><\/p>\n<p class=\"MsoNormal\" style=\"margin: 0cm 0cm 10pt 18pt;\"><span style=\"font-size: small;\"><span style=\"font-family: Calibri;\"><span style=\"mso-spacerun: yes;\">\u00a0\u00a0\u00a0\u00a0\u00a0 <\/span>Lei si sbaglia se crede che le infamie che sono arrivate dalla Destra, possano essere lavate con un parcheggio ! Se qualcuno \u00e8 disposto ad accettare, ed io sono l\u2019eccezione, mi far\u00f2 da parte!<\/span><\/span><\/p>\n<p class=\"MsoNormal\" style=\"margin: 0cm 0cm 10pt 18pt;\"><span style=\"font-size: small;\"><span style=\"font-family: Calibri;\"><span style=\"mso-spacerun: yes;\">\u00a0\u00a0\u00a0\u00a0\u00a0 <\/span>Lei non tiene conto della mia apertura verso il PIR, che nonostante tutto rimane valida.<\/span><\/span><\/p>\n<p class=\"MsoNormal\" style=\"margin: 0cm 0cm 10pt 18pt;\"><span style=\"font-size: small;\"><span style=\"font-family: Calibri;\"><span style=\"mso-spacerun: yes;\">\u00a0\u00a0\u00a0\u00a0\u00a0 <\/span>Mio padre \u00e8 stato arrestato dai comunisti nel 1946, per essere stato attivista del partito di Corneliu <span style=\"mso-spacerun: yes;\">\u00a0<\/span>Coposu , negli anni in qui i carri armati russi facevano la politica in Romania.<\/span><\/span><\/p>\n<p class=\"MsoNormal\" style=\"margin: 0cm 0cm 10pt 18pt;\"><span style=\"font-size: small;\"><span style=\"font-family: Calibri;\"><span style=\"mso-spacerun: yes;\">\u00a0\u00a0\u00a0\u00a0\u00a0 <\/span>Se noi romeni di Dacia non riusciremo a convincere <span style=\"mso-spacerun: yes;\">\u00a0<\/span>l\u2019Italia e l\u2019Europa a trattarci meglio, magari vi faremo il piacere di \u2026 lasciarvi. Lei che crede che le idee non siano virtuali, provi ad immaginare uno scenario cos\u00ec composto!<\/span><\/span><\/p>\n","protected":false},"excerpt":{"rendered":"<p>Cito \u00a0il commento di sig. Giancarlo Germani: \u201cCerto se ognuno aspetta di vedere tutte le sue idee comprese in un programma di partito vuol dire che per ogni romeno ci vuole il suo partito. La politica \u00e8 sintesi e flessibilit\u00e0. Noi a Roma grazie ad Assoforum abbiamo ottenuto qualcosa di concreto per la comunit\u00e0\u2026chi s\u00e0 [&hellip;]<\/p>\n","protected":false},"author":2,"featured_media":0,"comment_status":"open","ping_status":"open","sticky":false,"template":"","format":"standard","meta":{"footnotes":""},"categories":[73],"tags":[],"jetpack_featured_media_url":"","_links":{"self":[{"href":"http:\/\/bassdu.mine.bz\/index.php?rest_route=\/wp\/v2\/posts\/241"}],"collection":[{"href":"http:\/\/bassdu.mine.bz\/index.php?rest_route=\/wp\/v2\/posts"}],"about":[{"href":"http:\/\/bassdu.mine.bz\/index.php?rest_route=\/wp\/v2\/types\/post"}],"author":[{"embeddable":true,"href":"http:\/\/bassdu.mine.bz\/index.php?rest_route=\/wp\/v2\/users\/2"}],"replies":[{"embeddable":true,"href":"http:\/\/bassdu.mine.bz\/index.php?rest_route=%2Fwp%2Fv2%2Fcomments&post=241"}],"version-history":[{"count":1,"href":"http:\/\/bassdu.mine.bz\/index.php?rest_route=\/wp\/v2\/posts\/241\/revisions"}],"predecessor-version":[{"id":242,"href":"http:\/\/bassdu.mine.bz\/index.php?rest_route=\/wp\/v2\/posts\/241\/revisions\/242"}],"wp:attachment":[{"href":"http:\/\/bassdu.mine.bz\/index.php?rest_route=%2Fwp%2Fv2%2Fmedia&parent=241"}],"wp:term":[{"taxonomy":"category","embeddable":true,"href":"http:\/\/bassdu.mine.bz\/index.php?rest_route=%2Fwp%2Fv2%2Fcategories&post=241"},{"taxonomy":"post_tag","embeddable":true,"href":"http:\/\/bassdu.mine.bz\/index.php?rest_route=%2Fwp%2Fv2%2Ftags&post=241"}],"curies":[{"name":"wp","href":"https:\/\/api.w.org\/{rel}","templated":true}]}}