{"id":2680,"date":"2013-02-05T20:16:01","date_gmt":"2013-02-05T19:16:01","guid":{"rendered":"http:\/\/bassdu.mine.nu\/?p=2680"},"modified":"2013-02-05T20:17:23","modified_gmt":"2013-02-05T19:17:23","slug":"miscarea-dacia-pleaca-pe-drumul-afirmarii-ca-forta-politica","status":"publish","type":"post","link":"http:\/\/bassdu.mine.bz\/?p=2680","title":{"rendered":"MI\u015eCAREA DACIA pleac\u0103 pe drumul afirm\u0103rii ca for\u0163\u0103 politic\u0103 !"},"content":{"rendered":"<p><a href=\"http:\/\/bassdu.mine.nu\/images\/2013\/02\/3611_4896941111244_2139616089_s1.jpg\"><img loading=\"lazy\" decoding=\"async\" class=\"aligncenter size-full wp-image-2683\" title=\"3611_4896941111244_2139616089_s\" src=\"http:\/\/bassdu.mine.nu\/images\/2013\/02\/3611_4896941111244_2139616089_s1-e1360091245566.jpg\" alt=\"\" width=\"300\" height=\"300\" \/><\/a><\/p>\n<p>MI\u015eCAREA DACIA nu este o \u201ef\u0103c\u0103tur\u0103\u201d recent\u0103, av\u00e2nd o \u201epritoceal\u0103\u201d de peste trei ani \u015fi nu se \u00eencadreaz\u0103 \u00een categoria \u201ebocitoarelor\u201d care sunt preocupate de \u201edrobul de sare\u201d, ci are un PROIECT CONCRET, pe care a sosit momentul s\u0103-l pun\u0103 \u00een PRACTIC\u0102 !!!<br \/>\nMI\u015eCAREA DACIA este singura grupare politic\u0103 ce are ca scop, SCHIMBAREA ACTUALEI PARADIGME SOCIO-ECONOMICE !<br \/>\nAceast\u0103 NOU\u0102 PARADIGM\u0102 SOCIO-ECONOMIC\u0102 pe care o proiect\u0103m noi, echivaleaz\u0103 cu o TOTAL\u0102 RESPINGERE a celei actuale \u015fi presupune UN NOU MOD DE VIA\u0162\u0102 ! Avem deci un PUTERNIC CARACTER ANTI-SISTEM !<br \/>\nCu toate astea, nu ne propunem manifest\u0103ri violente \u00eempotriva actualului SISTEM, ci o \u201einterven\u0163ie treptat\u0103\u201d cu mijloacele \u201edemocratice\u201d puse la dispozi\u0163ie de acesta. Noi prevedem ANI MUL\u0162I pentru MAREA SCHIMBARE \u015fi nu facem \u201epropuneri populiste\u201d de schimb\u0103ri de azi pe m\u00e2ine, deoarece R\u0102UL PUTERNIC \u00ceNR\u0102D\u0102CINAT, nu poate fi extirpat rapid, dec\u00e2t cu pre\u0163ul unor TRAUME SOCIO-ECONOMICE, pe care noi dorim din principiu s\u0103 le evit\u0103m !<br \/>\nPRINCIPIILE \u015eI OBIECTIVELE noastre au fost elaborate, iar formalit\u0103\u0163ile legate de LEGALIZARE sunt \u00een faz\u0103 de finalizare, put\u00e2nd fi cunoscute la FI\u015eIERELE grupului Facebook \u201eMi\u015fcarea Virtual\u0103 Dacia\u201d, toate fiind \u015fi \u00een continuare, SUBIECTE DE DEZBATERE.<br \/>\nDe la bun \u00eenceput, men\u0163ionez c\u0103 MI\u015eCAREA DACIA (MD) nu este conceput\u0103 ca FOR\u0162\u0102 ANTAGONIST\u0102, ci ca FOR\u0162\u0102 DE UNITATE NA\u0162IONAL\u0102, \u201eatacurile\u201d noastre la SISTEM, av\u00e2nd menirea de a ne delimita de acesta !&#8230; ca atare, invit\u0103m toate for\u0163ele politice s\u0103-\u015fi aduc\u0103 contribu\u0163ia la PROIECTAREA UNEI NOI PARADIGME \u015fi s\u0103 ias\u0103 din sfera MITULUI CAVERNEI \u015fi al SINDROMULUI STOCKHOLM.<br \/>\nAceast\u0103 contribu\u0163ie, se poate aduce \u015fi \u00een cadrul actualelor structuri organizative (partide, ONG-uri, grupuri de socializare, asocia\u0163ii sociale, culturale, economice, etc.), cu tema : PROIECTAREA UNEI NOI PARADIGME SOCIO-ECONOMICE, urm\u00e2nd s\u0103 d\u0103m na\u015ftere ulterior, la un FORUM AL CONVERGEN\u0162EI pe aceast\u0103 tem\u0103.<br \/>\nATEN\u0162IE, deoarece nu vom accepta deturn\u0103ri, sau acapar\u0103ri ale altora, care ar \u201emima\u201d o NOU\u0102 PARADIGM\u0102, r\u0103m\u00e2n\u00e2nd \u00een fapt \u201eprizonieri\u201d ai celei actuale !!!<br \/>\nTrebuie precizat din capul locului, c\u0103 actuala paradigm\u0103 e veche de mii de ani, se cheam\u0103 \u00een dou\u0103 cuvinte MATERIALISM-SCLAVAGISM, iar una NOU\u0102, presupune \u201eavortarea\u201d oric\u0103rei TEORII SOCIO-ECONOMICE cunoscute !!!<br \/>\nPreciz\u0103m de asemenea, c\u0103 IDEILE noastre nu sunt \u201erodul unor min\u0163i izolate\u201d, ci-\u015fi trag seva din g\u00e2ndirea unor Mari Personalit\u0103\u0163i mondiale, a\u015fa cum se poate constata din acelea\u015fi FI\u015eIERE !&#8230; Deci, ATEN\u0162IE c\u00e2nd se atac\u0103 aceste IDEI, deoarece nu to\u0163i sunt suficient de COMPETEN\u0162I pentru a o face RA\u0162IONAL !!!<\/p>\n<p>Pornind de la aceste premise, \u00een urm\u0103toarea faz\u0103, urmeaz\u0103 s\u0103 ac\u0163ion\u0103m pe Facebook \u00een felul urm\u0103tor :<\/p>\n<p><span style=\"color: #000080;\"><strong>1. Se fixeaz\u0103 ziua de 17 August 2013 ca dat\u0103 a \u00cent\u00e2lnirii Anuale, cu posibilitatea extinderii \u015fi \u00een ziua urm\u0103toare.<\/strong><\/span><\/p>\n<p><span style=\"color: #000080;\"><strong>2. To\u0163i aderen\u0163ii posesori ai unui blog, jurnal online, Radio-TV online, sau alte forme de social-network, sunt invita\u0163i s\u0103 popularizeze Mi\u015fcarea Dacia \u015fi s\u0103-\u015fi prezinte pe Peretele mi\u015fc\u0103rii ini\u0163iativa. \u00cen acest fel vor demonstra c\u0103 sunt interesa\u0163i, nu numai de publicizarea propriei activit\u0103\u0163i, ci \u015fi aderen\u0163a la IDEILE noastre. \u00cen cazul c\u0103 acest apel nu va fi recep\u0163ionat, prezen\u0163a lor pe Perete va fi acceptat\u0103 \u00een cel mai fericit caz, numai pentru post\u0103ri STRICT colegate \u015fi consonante IDEILOR noastre, sau vor fi elimina\u0163i !!!<\/strong><\/span><\/p>\n<p><span style=\"color: #000080;\"><strong>3. To\u0163i aderen\u0163ii, dar mai ales MEMBRII SFATULUI MD, sunt invita\u0163i s\u0103 creeze grupuri, sau filiale ale Mi\u015fc\u0103rii Dacia, urm\u00e2nd ca centralizarea lor s\u0103 se fac\u0103 la nivel local\/jude\u0163ean \u015fi \u00een final, la nivel na\u0163ional. La FI\u015eIERE se g\u0103sesc FORMULARELE DE ADEZIUNE, care \u00een prima faz\u0103 vor fi completate \u015fi p\u0103strate de cel care va lua ini\u0163iativa, inform\u00e2nd pe Perete despre evolu\u0163ia ader\u0103rilor. \u00cen aceste grupuri poate intra oricine, inclusiv membrii unor partide, bine\u00een\u0163eles p\u00e2n\u0103 la momentul LEGALIZ\u0102RII, c\u00e2nd vor trebui s\u0103 le p\u0103r\u0103seasc\u0103, printr-o DECLARA\u0162IE \u00een acest sens.<\/strong><\/span><\/p>\n<p><span style=\"color: #000080;\"><strong>4. Pentru a da spa\u0163iu de lucru pentru aceast\u0103 ini\u0163iativ\u0103 pe Peretele mi\u015fc\u0103rii, se impune limitarea post\u0103rilor cu alt caracter dec\u00e2t cel ORGANIZATIV \u015fi de DEZBATERE. Cu to\u0163ii cunoa\u015ftem situa\u0163ia actual\u0103 \u015fi responsabilit\u0103\u0163ile pentru aceast\u0103 stare de lucruri, a\u015fa c\u0103 trebuie s\u0103 evit\u0103m \u201erememorarea\u201d, s\u0103 ne referim la chestiuni ce au tangen\u0163e cu Principiile \u015fi Obiectivele noastre (se impune deci conoa\u015fterea acestora !) \u015fi s\u0103 ne concentr\u0103m pe CHESTIUNEA LEGALIZ\u0102RII.<\/strong><\/span><\/p>\n<p><span style=\"color: #000080;\"><strong>5. MEMBRII SFATULUI MD (vezi Fi\u015fiere), sunt autoriza\u0163i s\u0103 ia ini\u0163iative de popularizare \u00een \u015fcoli, universit\u0103\u0163i, grupuri de social-network, locuri de munc\u0103, etc. Cei ce cunosc bine \u015fi aprob\u0103 materialele noastre, \u015fi nu sunt \u00eenc\u0103 \u00een SFAT, pot solicita INCLUDEREA prin mesaj privat c\u0103tre mine, sau al\u0163i administratori, deoarece este foarte greu pentru noi s\u0103-i \u201evedem\u201d pe to\u0163i aceia care merit\u0103 aceast\u0103 cinste !<\/strong><\/span><br \/>\n<span style=\"color: #000080;\"><strong> Bine\u00een\u0163eles c\u0103 cei ce vor da curs ini\u0163iativei, vor fi promova\u0163i imediat !<\/strong><\/span><br \/>\n<span style=\"color: #000080;\"><strong> Eu personal, \u00eemi declar disponibilitatea de a participa la orice fel de dezbatere public\u0103 pe aceast\u0103 tem\u0103.<\/strong><\/span><br \/>\n<span style=\"color: #000080;\"><strong> Aceast\u0103 autoriza\u0163ie, este valabil\u0103 numai \u00een m\u0103sura \u00een care se propag\u0103 \u015fi \u00eemp\u0103rt\u0103\u015fesc Principiile, Obiectivele \u015fi prevederile statutare al Mi\u015fc\u0103rii Dacia, denaturarea acestora atr\u0103g\u00e2nd eliminarea din Sfat \u015fi chiar din r\u00e2ndurile noastre !<\/strong><\/span><br \/>\n<span style=\"color: #000080;\"><strong> Actuala componen\u0163\u0103 a Sfatului este provizorie, p\u00e2n\u0103 la ALEGERILE conform Statutului, \u00een finalul lucr\u0103rilor primului Congres al MD.<\/strong><\/span><\/p>\n<p><span style=\"color: #000080;\"><strong>6. Se autorizeaz\u0103 formarea de think-tank-uri \u00een cadrul altor forma\u0163iuni\/partide\/grupuri care s\u0103 proiecteze o NOU\u0102 PARADIGM\u0102, urm\u00e2nd ca ulterior s\u0103 \u201ene unim eforturile\u201d, pentru stabilirea unui PROGRAM COMUN.<\/strong><\/span><\/p>\n<p><span style=\"color: #000080;\"><strong> 7. \u00cen chestiunea \u201erom\u00e2nilor din afara Rom\u00e2niei\u201d, se vor forma dou\u0103 grupuri distincte : unul format din cei emigra\u0163i \u015fi altul format din cei a c\u0103ror soart\u0103 a fost decis\u0103 de conjuncturile istorice potrivnice. Ambele vor avea REPREZENTARE PROPOR\u0162IONAL\u0102 \u00een cadrul structurilor MD, chiar \u015fi \u00een absen\u0163a cet\u0103\u0163eniei rom\u00e2ne, \u015fi sunt invitate a urma directivele de mai sus.<\/strong><\/span><\/p>\n<p><em><strong>Pentru o prezentare sumar\u0103 a OBIECTIVELOR noastre c\u0103tre noi aderen\u0163i, se poate puncta pe :<\/strong><\/em><\/p>\n<p><span style=\"color: #800000;\"><strong>a. MUNC\u0102 MAI PU\u0162IN\u0102 \u015eI PENTRU TO\u0162I.<br \/>\nb. NICIUN C\u00c2\u015eTIG F\u0102R\u0102 MUNC\u0102.<br \/>\nc. BANI ELECTRONICI.<br \/>\nd. O SINGUR\u0102 MONED\u0102 \u015eI O SINGUR\u0102 BANC\u0102 NA\u0162IONAL\u0102.<br \/>\ne. GRIL\u0102 DE SALARIZARE.<br \/>\nf. REDOB\u00c2NDIREA PRIN TOATE MIJLOACELE A RESURSELOR NA\u0162IONALE UMANE \u015eI MATERIALE.<br \/>\ng. EDUCA\u0162IE \u015eI S\u0102N\u0102TATE STATAL\u0102 GRATIS \u015eI EGALE PENTRU TO\u0162I.<br \/>\nh. DEZVOLTARE SUSTENABIL\u0102 \u00ceN TOATE DOMENIILE DE ACTIVITATE.<br \/>\ni. REORGANIZAREA TERITORIAL\u0102 \u00ceN FUNC\u0162IE DE RESURSE \u015eI CONDI\u0162II AMBIENTALE.<br \/>\nj. REFORMAREA SISTEMULUI ELECTORAL.<br \/>\nk. REFORMAREA SISTEMULUI JURIDIC.<br \/>\nl. REFORMAREA SISTEMULUI ASIGURATIV.<br \/>\nm. REFORMAREA SISTEMULUI DE AP\u0102RARE \u015eI DE PROTEC\u0162IE CIVIL\u0102 \u00ceN CAZ DE NECESITATE.<br \/>\nn. IMPLEMENTAREA SCHIMBULUI COMERCIAL INTERNA\u0162IONAL \u201eMARF\u0102 CONTRA MARF\u0102\u201d (TROC).<br \/>\no. STIMULAREA COMER\u0162ULUI ELECTRONIC.<br \/>\np. O NOU\u0102 POLITIC\u0102 A FAMILIEI, OBIECTIV STRATEGIC PENTRU MEN\u0162INEREA IDENTIT\u0102\u0162II NA\u0162IONALE.<br \/>\nr. LARGI AUTONOMII LOCALE (AUTARHIA LOCAL\u0102).<br \/>\ns. O NOU\u0102 POLITIC\u0102 REGIONAL\u0102 \u00ceN CENTRUL EUROPEI.<br \/>\n\u015f. INTERNETIZARE GENERALIZAT\u0102.<br \/>\nt. CREAREA DOCUMENTULUI UNIC PERSONAL.<br \/>\n\u0163. CERCETARE \u015eTIIN\u0162IFIC\u0102 EXCLUSIV STATAL\u0102.<br \/>\nu. IMPLEMENTAREA UNUI NOU CONCEPT DE HABITAT ADAPTAT DEZVOLT\u0102RII SUSTENABILE \u015eI AUTARHIEI.<br \/>\nv. PROMOVAREA SPIRITULUI OPEN SOURCE.<br \/>\nx. SCHIMBAREA NUMELUI \u0162\u0102RII \u00ceN DACIA.<br \/>\nz. PROMOVAREA PRINCIPIILOR NOASTRE LA NIVEL INTERNA\u0162IONAL.<\/strong><\/span><\/p>\n<p>Este evident c\u0103 aceste OBIECTIVE (detaliate la FI\u015eIERE), vor fi implementate treptat \u015fi pe parcursul a mul\u0163i ani, \u0163in\u00e2nd cont de conjuncturile interne \u015fi interna\u0163ionale !<br \/>\nNe vom str\u0103dui ca \u00ceNT\u00c2LNIREA ANUAL\u0102 s\u0103 fie un prilej de cunoa\u015ftere, dezbatere, dar \u015fi de a petrece momente pl\u0103cute, eventual \u00eentr-un cadru natural.<\/p>\n","protected":false},"excerpt":{"rendered":"<p>MI\u015eCAREA DACIA nu este o \u201ef\u0103c\u0103tur\u0103\u201d recent\u0103, av\u00e2nd o \u201epritoceal\u0103\u201d de peste trei ani \u015fi nu se \u00eencadreaz\u0103 \u00een categoria \u201ebocitoarelor\u201d care sunt preocupate de \u201edrobul de sare\u201d, ci are un PROIECT CONCRET, pe care a sosit momentul s\u0103-l pun\u0103 \u00een PRACTIC\u0102 !!! MI\u015eCAREA DACIA este singura grupare politic\u0103 ce are ca scop, SCHIMBAREA ACTUALEI [&hellip;]<\/p>\n","protected":false},"author":2,"featured_media":0,"comment_status":"open","ping_status":"open","sticky":false,"template":"","format":"standard","meta":{"footnotes":""},"categories":[73],"tags":[210,390,1081,295,1082,457],"jetpack_featured_media_url":"","_links":{"self":[{"href":"http:\/\/bassdu.mine.bz\/index.php?rest_route=\/wp\/v2\/posts\/2680"}],"collection":[{"href":"http:\/\/bassdu.mine.bz\/index.php?rest_route=\/wp\/v2\/posts"}],"about":[{"href":"http:\/\/bassdu.mine.bz\/index.php?rest_route=\/wp\/v2\/types\/post"}],"author":[{"embeddable":true,"href":"http:\/\/bassdu.mine.bz\/index.php?rest_route=\/wp\/v2\/users\/2"}],"replies":[{"embeddable":true,"href":"http:\/\/bassdu.mine.bz\/index.php?rest_route=%2Fwp%2Fv2%2Fcomments&post=2680"}],"version-history":[{"count":6,"href":"http:\/\/bassdu.mine.bz\/index.php?rest_route=\/wp\/v2\/posts\/2680\/revisions"}],"predecessor-version":[{"id":2687,"href":"http:\/\/bassdu.mine.bz\/index.php?rest_route=\/wp\/v2\/posts\/2680\/revisions\/2687"}],"wp:attachment":[{"href":"http:\/\/bassdu.mine.bz\/index.php?rest_route=%2Fwp%2Fv2%2Fmedia&parent=2680"}],"wp:term":[{"taxonomy":"category","embeddable":true,"href":"http:\/\/bassdu.mine.bz\/index.php?rest_route=%2Fwp%2Fv2%2Fcategories&post=2680"},{"taxonomy":"post_tag","embeddable":true,"href":"http:\/\/bassdu.mine.bz\/index.php?rest_route=%2Fwp%2Fv2%2Ftags&post=2680"}],"curies":[{"name":"wp","href":"https:\/\/api.w.org\/{rel}","templated":true}]}}