{"id":2995,"date":"2013-05-25T18:25:19","date_gmt":"2013-05-25T17:25:19","guid":{"rendered":"http:\/\/bassdu.mine.nu\/?p=2995"},"modified":"2013-05-25T21:12:10","modified_gmt":"2013-05-25T20:12:10","slug":"miscarea-dacia-si-initiativa-cetateneasca-de-modificare-a-constitutiei","status":"publish","type":"post","link":"http:\/\/bassdu.mine.bz\/?p=2995","title":{"rendered":"\u201eMi\u015fcarea Dacia\u201d \u015fi Ini\u0163iativa Cet\u0103\u0163eneasc\u0103 de Modificare a Constitu\u0163iei"},"content":{"rendered":"<p>Mi\u015fcarea Dacia nu a participat la INI\u0162IATIVA CONSTITU\u0162IONAL\u0102 CET\u0102\u0162ENEASC\u0102 , deoarece cuno\u015ftea dinainte concluziile de mai jos ale CELOR \u00ceN DREPT. A\u015fa cum am specificat atunci c\u00e2nd am refuzat invita\u0163ia, ini\u0163iativa cet\u0103\u0163eneasc\u0103 a fost TIMP PIERDUT &#8230; o adev\u0103rat\u0103 \u00eencercare de JUSTIFICARE A SISTEMULUI ACTUAL&#8230; pornit\u0103 de NEspeciali\u015fti \u00een Drept Constitu\u0163ional, fapt \u00een profund contrast cu Principiul de Competen\u0163\u0103 ce ne apar\u0163ine.<br \/>\nMi\u015fcarea Dacia are \u00een vedere MODIFIC\u0102RI CONSTITU\u0162IONALE RADICALE, dar \u00een momentul c\u00e2nd vom avea PUTEREA POLITIC\u0102 \u015fi c\u00e2nd vom avea dreptul de a convoca o ADUNARE CONSTITUANT\u0102. Cred c\u0103 a devenit clar pentru INI\u0162IATORI, c\u0103 o NOU\u0102 CONSTITU\u0162IE se poate g\u00e2ndi numai \u00een cadrul unei NOI PARADIGME SOCIO-ECONOMICE, care s\u0103 ne SCOAT\u0102 RADICAL DIN ACTUALA PARADIGM\u0102 !&#8230; c\u00e2nd vor fi condi\u0163ii \u015fi CONJUNCTURI FAVORABILE, v\u0103 vom ar\u0103ta noi CONSTITU\u0162IE , conform\u0103 cu Principiile \u015fi Obiectivele Mi\u015fc\u0103rii Dacia.<br \/>\nApropos de DACIA, \u015fi de UNIREA cu Basarabia, noi avem IDEILE CLARE \u015fi milit\u0103m pentru o FEDERA\u0162IE (prilej pentru o NOU\u0102 CONSTITU\u0162IE), realizat\u0103 DOAR atunci c\u00e2nd BASARABENII VOR DORI-O !&#8230; iat\u0103 de ce trebuie \u201elucrat\u201d acolo, unde noi facem CE TREBUIE , adic\u0103 REDE\u015eTEPT\u0102M SPIRITUL NA\u0162IONAL AL BASARABENILOR, inclusiv prin num\u0103rul mare de aderen\u0163i (poate cei mai mult reprezenta\u0163i \u00een MD !!!)<br \/>\nIat\u0103 concluziile Consiliului Legislativ (din final) pe care nu avem cum s\u0103 nu le g\u0103sim justificate:<\/p>\n<p><span style=\"color: #800000;\"><em>\u201eAv\u00e2nd \u00een vedere observa\u0163iile formulate \u00een prezentul aviz, rezult\u0103 c\u0103, din punctul de vedere al coeziunii normelor propuse cu dispozi\u0163iile constitu\u0163ionale r\u0103mase nemodificate, proiectul este deficitar, \u00een numeroase cazuri exist\u00e2nd necorel\u0103ri \u015fi contradic\u0163ii ale noilor solu\u0163ii \u00een raport cu cele al c\u0103ror con\u0163inut nu se schimb\u0103. \u00cen plus, mare parte din prevederile constitu\u0163ionale propuse nu sunt suficiente \u015fi eficiente \u015fi, prin urmare, nu pot fi aplicate efectiv \u00een practic\u0103. Prezenta ini\u0163iativ\u0103 nu corespunde nici exigen\u0163elor de redactare a unui act constitu\u0163ional, aceasta nefiind sistematizat\u0103 corespunz\u0103tor \u015fi nici redactat\u0103 \u00eentr-un limbaj \u015fi stil juridic specific normativ, concis, clar \u015fi precis, care s\u0103 exclud\u0103 orice echivoc.<\/em><\/span><\/p>\n<p><span style=\"color: #800000;\"><em>Av\u00e2nd \u00een vedere amploarea \u015fi consisten\u0163a interven\u0163iilor legislative propuse asupra Constitu\u0163iei, prezenta ini\u0163iativ\u0103 cet\u0103\u0163eneasc\u0103, \u00een loc s\u0103 aduc\u0103 un plus de valoare actualei reglement\u0103ri, nu face dec\u00e2t s\u0103 favorizeze interpret\u0103rile eronate \u015fi confuziile cu privire la normele din cadrul Legii fundamentale. \u00cen aceste condi\u0163ii, \u00een redactarea actual\u0103, ini\u0163iativa legislativ\u0103 cet\u0103\u0163eneasc\u0103 privind revizuirea Constitu\u0163iei nu \u00eentrune\u015fte condi\u0163iile necesare pentru a fi promovat\u0103.<\/em><\/span><br \/>\n<span style=\"color: #800000;\"><em> -****-<\/em><\/span><br \/>\n<span style=\"color: #800000;\"><em> PRE\u015eEDINTELEConsiliului Legislativ dr. Drago\u015f Iliescu<\/em><\/span><br \/>\n<span style=\"color: #800000;\"><em> Bucure\u015fti, 22 aprilie 2013\/nr. 308\u201d<\/em><\/span><\/p>\n<p><a href=\"http:\/\/www.nouaconstitutie.info\/dezbateri\/actiuni-cetatenesti\/2-initiative\/195-consiliul-legislativ-avizeaza-negativ-initiativa-legislativa-promovata-de-miscarea-pentru-constitutia-cetatenilor-mcc.html\">http:\/\/www.nouaconstitutie.info\/dezbateri\/actiuni-cetatenesti\/2-initiative\/195-consiliul-legislativ-avizeaza-negativ-initiativa-legislativa-promovata-de-miscarea-pentru-constitutia-cetatenilor-mcc.html<\/a><\/p>\n","protected":false},"excerpt":{"rendered":"<p>Mi\u015fcarea Dacia nu a participat la INI\u0162IATIVA CONSTITU\u0162IONAL\u0102 CET\u0102\u0162ENEASC\u0102 , deoarece cuno\u015ftea dinainte concluziile de mai jos ale CELOR \u00ceN DREPT. A\u015fa cum am specificat atunci c\u00e2nd am refuzat invita\u0163ia, ini\u0163iativa cet\u0103\u0163eneasc\u0103 a fost TIMP PIERDUT &#8230; o adev\u0103rat\u0103 \u00eencercare de JUSTIFICARE A SISTEMULUI ACTUAL&#8230; pornit\u0103 de NEspeciali\u015fti \u00een Drept Constitu\u0163ional, fapt \u00een profund contrast [&hellip;]<\/p>\n","protected":false},"author":2,"featured_media":0,"comment_status":"open","ping_status":"open","sticky":false,"template":"","format":"standard","meta":{"footnotes":""},"categories":[73],"tags":[1184,210],"jetpack_featured_media_url":"","_links":{"self":[{"href":"http:\/\/bassdu.mine.bz\/index.php?rest_route=\/wp\/v2\/posts\/2995"}],"collection":[{"href":"http:\/\/bassdu.mine.bz\/index.php?rest_route=\/wp\/v2\/posts"}],"about":[{"href":"http:\/\/bassdu.mine.bz\/index.php?rest_route=\/wp\/v2\/types\/post"}],"author":[{"embeddable":true,"href":"http:\/\/bassdu.mine.bz\/index.php?rest_route=\/wp\/v2\/users\/2"}],"replies":[{"embeddable":true,"href":"http:\/\/bassdu.mine.bz\/index.php?rest_route=%2Fwp%2Fv2%2Fcomments&post=2995"}],"version-history":[{"count":3,"href":"http:\/\/bassdu.mine.bz\/index.php?rest_route=\/wp\/v2\/posts\/2995\/revisions"}],"predecessor-version":[{"id":3001,"href":"http:\/\/bassdu.mine.bz\/index.php?rest_route=\/wp\/v2\/posts\/2995\/revisions\/3001"}],"wp:attachment":[{"href":"http:\/\/bassdu.mine.bz\/index.php?rest_route=%2Fwp%2Fv2%2Fmedia&parent=2995"}],"wp:term":[{"taxonomy":"category","embeddable":true,"href":"http:\/\/bassdu.mine.bz\/index.php?rest_route=%2Fwp%2Fv2%2Fcategories&post=2995"},{"taxonomy":"post_tag","embeddable":true,"href":"http:\/\/bassdu.mine.bz\/index.php?rest_route=%2Fwp%2Fv2%2Ftags&post=2995"}],"curies":[{"name":"wp","href":"https:\/\/api.w.org\/{rel}","templated":true}]}}