{"id":3092,"date":"2013-08-22T21:17:36","date_gmt":"2013-08-22T20:17:36","guid":{"rendered":"http:\/\/bassdu.mine.nu\/?p=3092"},"modified":"2013-08-28T01:10:38","modified_gmt":"2013-08-28T00:10:38","slug":"miscarea-dacia-la-congresul-international-de-dacologie-buzau-si-chisinau-16-21-august-2013","status":"publish","type":"post","link":"http:\/\/bassdu.mine.bz\/?p=3092","title":{"rendered":"\u201eMi\u015fcarea Dacia\u201d la Congresul Interna\u0163ional de Dacologie &#8211; Buz\u0103u \u015fi Chi\u015fin\u0103u &#8211; 16-21 August 2013  (1)"},"content":{"rendered":"<p style=\"text-align: center;\"><a href=\"http:\/\/bassdu.mine.nu\/images\/2013\/08\/IMG_20130820_1918261-e1377201224723.jpg\"><img loading=\"lazy\" decoding=\"async\" class=\"aligncenter  wp-image-3095\" alt=\"IMG_20130820_191826\" src=\"http:\/\/bassdu.mine.nu\/images\/2013\/08\/IMG_20130820_1918261-e1377201224723-768x1024.jpg\" width=\"538\" height=\"717\" srcset=\"http:\/\/bassdu.mine.bz\/images\/2013\/08\/IMG_20130820_1918261-e1377201224723-768x1024.jpg 768w, http:\/\/bassdu.mine.bz\/images\/2013\/08\/IMG_20130820_1918261-e1377201224723-225x300.jpg 225w\" sizes=\"(max-width: 538px) 100vw, 538px\" \/><\/a>Congresul Interna\u0163ional de Dacologie este foarte important pentru Mi\u015fcarea Dacia, \u00een primul r\u00e2nd deoarece are loc PRIMA MANIFESTARE PUBLIC\u0102 a noastr\u0103 \u015fi \u00een al doilea r\u00e2nd, deoarece am avut CONFIRMAREA INTERESULUI pe care-l st\u00e2rnim, probat de adev\u0103rate \u201eaplauze la scen\u0103 deschis\u0103\u201d !!!&#8230; este adev\u0103rat c\u0103 au fost \u015fi unii care au str\u00e2mbat din nas, dar opinia lor nu ne intereseaz\u0103, fiind ei sus\u0163in\u0103tori din INTERES a ACTUALEI PARADIGME. Dup\u0103 <a href=\"http:\/\/bassdu.mine.nu\/?p=3084\">expunerea<\/a> succint\u0103 pe care am f\u0103cut-o \u00een plen, datorit\u0103 timpului limitat acordat tuturor relatorilor, \u0163in\u00e2nd cont de num\u0103rului mare de lucr\u0103ri, am fost asaltat de profesori universitari, oameni de cultur\u0103 \u015fi art\u0103, filozofi, istorici, filologi, medici, etc. \u015fi am continuat dezbaterile, \u00een a\u015fa fel c\u0103 \u00een cele 5 nop\u0163i, am dormit circa 4,5 ore !?!? A fost un adev\u0103rat \u201emaraton fizic \u015fi intelectual\u201d ! Am stabilit contacte cu personalit\u0103\u0163i COMPETENTE \u00een diverse domenii, am f\u0103cut input de la ele \u015fi am pus baze pentru colabor\u0103ri viitoare. Ca fapt divers, am primit 7 c\u0103r\u0163i cu dedica\u0163ie din partea autorilor \u015fi voi mai primi prin po\u015ft\u0103 altele ! Celor perplec\u015fi, le aduc la cuno\u015ftin\u0163\u0103 c\u0103 DACIA REVIVAL &#8211; RENA\u015eTEREA DACIEI, are \u00eentre preocup\u0103ri \u015fi&#8230; POLITICA ! Pe de alt\u0103 parte, SCHIMBAREA VIZIUNII ASUPRA TRECUTULUI NOSTRU, este o adev\u0103rat\u0103 form\u0103 de manifestare ANTI-SISTEM, ceea ce ne pune din nou al\u0103turi ! Cu ocazia manifest\u0103rilor de la Buz\u0103u \u015fi Chi\u015fin\u0103u, am avut \u00eent\u00e2lniri \u015fi dezbateri cu aderen\u0163i ai MD din ambele state rom\u00e2ne\u015fti. Nu o s\u0103 fac nume, deoarece nu acestea conteaz\u0103 \u00een acest moment, dar v\u0103 asigur c\u0103 dpdv calitativ, avem importante motive de satisfac\u0163ie. \u00cen zilele urm\u0103toare, voi prezenta detalii ale lucr\u0103rilor Congresului, inclusiv cu imagini \u015fi materiale video.<\/p>\n","protected":false},"excerpt":{"rendered":"<p>Congresul Interna\u0163ional de Dacologie este foarte important pentru Mi\u015fcarea Dacia, \u00een primul r\u00e2nd deoarece are loc PRIMA MANIFESTARE PUBLIC\u0102 a noastr\u0103 \u015fi \u00een al doilea r\u00e2nd, deoarece am avut CONFIRMAREA INTERESULUI pe care-l st\u00e2rnim, probat de adev\u0103rate \u201eaplauze la scen\u0103 deschis\u0103\u201d !!!&#8230; este adev\u0103rat c\u0103 au fost \u015fi unii care au str\u00e2mbat din nas, dar [&hellip;]<\/p>\n","protected":false},"author":2,"featured_media":0,"comment_status":"open","ping_status":"open","sticky":false,"template":"","format":"standard","meta":{"footnotes":""},"categories":[73],"tags":[1241,1240,210],"jetpack_featured_media_url":"","_links":{"self":[{"href":"http:\/\/bassdu.mine.bz\/index.php?rest_route=\/wp\/v2\/posts\/3092"}],"collection":[{"href":"http:\/\/bassdu.mine.bz\/index.php?rest_route=\/wp\/v2\/posts"}],"about":[{"href":"http:\/\/bassdu.mine.bz\/index.php?rest_route=\/wp\/v2\/types\/post"}],"author":[{"embeddable":true,"href":"http:\/\/bassdu.mine.bz\/index.php?rest_route=\/wp\/v2\/users\/2"}],"replies":[{"embeddable":true,"href":"http:\/\/bassdu.mine.bz\/index.php?rest_route=%2Fwp%2Fv2%2Fcomments&post=3092"}],"version-history":[{"count":9,"href":"http:\/\/bassdu.mine.bz\/index.php?rest_route=\/wp\/v2\/posts\/3092\/revisions"}],"predecessor-version":[{"id":3102,"href":"http:\/\/bassdu.mine.bz\/index.php?rest_route=\/wp\/v2\/posts\/3092\/revisions\/3102"}],"wp:attachment":[{"href":"http:\/\/bassdu.mine.bz\/index.php?rest_route=%2Fwp%2Fv2%2Fmedia&parent=3092"}],"wp:term":[{"taxonomy":"category","embeddable":true,"href":"http:\/\/bassdu.mine.bz\/index.php?rest_route=%2Fwp%2Fv2%2Fcategories&post=3092"},{"taxonomy":"post_tag","embeddable":true,"href":"http:\/\/bassdu.mine.bz\/index.php?rest_route=%2Fwp%2Fv2%2Ftags&post=3092"}],"curies":[{"name":"wp","href":"https:\/\/api.w.org\/{rel}","templated":true}]}}