{"id":3117,"date":"2013-09-06T18:27:09","date_gmt":"2013-09-06T17:27:09","guid":{"rendered":"http:\/\/bassdu.mine.nu\/?p=3117"},"modified":"2013-09-06T18:32:33","modified_gmt":"2013-09-06T17:32:33","slug":"miscarea-dacia-la-congresul-international-de-dacologie-buzau-si-chisinau-16-21-august-2013-2-2","status":"publish","type":"post","link":"http:\/\/bassdu.mine.bz\/?p=3117","title":{"rendered":"\u201eMi\u015fcarea Dacia\u201d la Congresul Interna\u0163ional de Dacologie \u2013 Buz\u0103u \u015fi Chi\u015fin\u0103u \u2013 16-21 August 2013 (2)"},"content":{"rendered":"<p>\u00cen diminea\u0163a zilei de 16 August, a avut loc Ceremonia Oficial\u0103 de deschidere a lucr\u0103rilor Congresului de Dacologie, \u00een prezen\u0163a autorit\u0103\u0163ilor jude\u0163ene \u015fi municipale, a celor religioase, militare \u015fi ale societ\u0103\u0163ii civile. Ceremonia s-a desf\u0103\u015furat la Obeliscul ridicat \u00een 1976 \u00een Parcul Cr\u00e2ng, \u00een cinstea celor 1600 de ani de atestare documentar\u0103 a Buz\u0103ului<\/p>\n<p style=\"text-align: center;\"><iframe loading=\"lazy\" src=\"\/\/www.youtube.com\/embed\/AADYclWugDc?list=UURybeUDwxP-YuCHt63PX4tg\" height=\"360\" width=\"640\" allowfullscreen=\"\" frameborder=\"0\"><\/iframe><\/p>\n<p>La \u00eencheierea Ceremoniei, d-l Napoleon S\u0103vescu a r\u0103spuns \u00eentreb\u0103rilor jurnali\u015ftilor prezen\u0163i, care au participat apoi \u015fi la Conferin\u0163a de Pres\u0103 de la Hotel Pietroasa.<\/p>\n<p><a href=\"http:\/\/bassdu.mine.nu\/images\/2013\/09\/S\u0103vescu-interviu.jpg\"><img loading=\"lazy\" decoding=\"async\" class=\"aligncenter  wp-image-3118\" alt=\"Napoleon S\u0103vescu intervievat \u00een Parcul Cr\u00e2ng \" src=\"http:\/\/bassdu.mine.nu\/images\/2013\/09\/S\u0103vescu-interviu-1024x768.jpg\" width=\"614\" height=\"461\" srcset=\"http:\/\/bassdu.mine.bz\/images\/2013\/09\/S\u0103vescu-interviu-1024x768.jpg 1024w, http:\/\/bassdu.mine.bz\/images\/2013\/09\/S\u0103vescu-interviu-300x225.jpg 300w\" sizes=\"(max-width: 614px) 100vw, 614px\" \/><\/a><\/p>\n<p style=\"text-align: center;\">Dup\u0103 masa de pr\u00e2nz,\u00a0s-a vizitat Episcopia Buz\u0103ului cu al s\u0103u bogat Muzeu, dup\u0103 care grupul de participan\u0163i la Congres , s-a deplasat cu autocarele la M\u00e2n\u0103stirea Ciolanu \u015fi la Tab\u0103ra de Sculptur\u0103 de la M\u0103gura , aflat\u0103 \u00een vecin\u0103tate :<\/p>\n<p><a href=\"http:\/\/bassdu.mine.nu\/images\/2013\/09\/IMG_20130816_152423.jpg\"><img loading=\"lazy\" decoding=\"async\" class=\"aligncenter  wp-image-3128\" alt=\"Episcopia Buz\u0103ului\" src=\"http:\/\/bassdu.mine.nu\/images\/2013\/09\/IMG_20130816_152423-1024x768.jpg\" width=\"614\" height=\"461\" srcset=\"http:\/\/bassdu.mine.bz\/images\/2013\/09\/IMG_20130816_152423-1024x768.jpg 1024w, http:\/\/bassdu.mine.bz\/images\/2013\/09\/IMG_20130816_152423-300x225.jpg 300w\" sizes=\"(max-width: 614px) 100vw, 614px\" \/><\/a>La Episcopia Buz\u0103ului<\/p>\n<p><iframe loading=\"lazy\" src=\"\/\/www.youtube.com\/embed\/3xs9B0mV2_Y?list=UURybeUDwxP-YuCHt63PX4tg\" height=\"360\" width=\"640\" allowfullscreen=\"\" frameborder=\"0\"><\/iframe><iframe loading=\"lazy\" src=\"\/\/www.youtube.com\/embed\/d9KfSX7fY_8?list=UURybeUDwxP-YuCHt63PX4tg\" height=\"360\" width=\"640\" allowfullscreen=\"\" frameborder=\"0\"><\/iframe><\/p>\n<p><a href=\"http:\/\/bassdu.mine.nu\/images\/2013\/09\/IMG_20130816_184148.jpg\"><img loading=\"lazy\" decoding=\"async\" class=\"aligncenter size-medium wp-image-3122\" alt=\"IMG_20130816_184148\" src=\"http:\/\/bassdu.mine.nu\/images\/2013\/09\/IMG_20130816_184148-300x225.jpg\" width=\"300\" height=\"225\" srcset=\"http:\/\/bassdu.mine.bz\/images\/2013\/09\/IMG_20130816_184148-300x225.jpg 300w, http:\/\/bassdu.mine.bz\/images\/2013\/09\/IMG_20130816_184148-1024x768.jpg 1024w\" sizes=\"(max-width: 300px) 100vw, 300px\" \/><\/a>La \u00eentoarcerea spre Buz\u0103u, s-a f\u0103cut popas la F\u00e2nt\u00e2na lui Mihai, aflat\u0103 pe \u015foseaua spre Siriu-Bra\u015fov :<\/p>\n<p><a href=\"http:\/\/bassdu.mine.nu\/images\/2013\/09\/IMG_20130816_194018.jpg\"><img loading=\"lazy\" decoding=\"async\" class=\"aligncenter  wp-image-3123\" alt=\"F\u00e2nt\u00e2na lui Mihai\" src=\"http:\/\/bassdu.mine.nu\/images\/2013\/09\/IMG_20130816_194018-1024x768.jpg\" width=\"614\" height=\"461\" srcset=\"http:\/\/bassdu.mine.bz\/images\/2013\/09\/IMG_20130816_194018-1024x768.jpg 1024w, http:\/\/bassdu.mine.bz\/images\/2013\/09\/IMG_20130816_194018-300x225.jpg 300w\" sizes=\"(max-width: 614px) 100vw, 614px\" \/><\/a><br \/>\nRe\u0163ine\u0163i simbolul solar prezent pe Monument, deoarece \u00eel ve\u0163i reg\u0103si \u00eentr-o postare viitoare, referitoare la o descoperire pe care am f\u0103cut-o \u00een \u201eambient familiar\u201d<br \/>\nSeara, a avut loc Cina Festiv\u0103 \u00een saloanele Hotelului Pietroasa, dup\u0103 care s-a mers la culcare t\u00e2rziu \u00een noapte.<br \/>\n(va urma)<\/p>\n","protected":false},"excerpt":{"rendered":"<p>\u00cen diminea\u0163a zilei de 16 August, a avut loc Ceremonia Oficial\u0103 de deschidere a lucr\u0103rilor Congresului de Dacologie, \u00een prezen\u0163a autorit\u0103\u0163ilor jude\u0163ene \u015fi municipale, a celor religioase, militare \u015fi ale societ\u0103\u0163ii civile. Ceremonia s-a desf\u0103\u015furat la Obeliscul ridicat \u00een 1976 \u00een Parcul Cr\u00e2ng, \u00een cinstea celor 1600 de ani de atestare documentar\u0103 a Buz\u0103ului La [&hellip;]<\/p>\n","protected":false},"author":2,"featured_media":0,"comment_status":"open","ping_status":"open","sticky":false,"template":"","format":"standard","meta":{"footnotes":""},"categories":[3],"tags":[1244,1248,1247,1245,1249,1246],"jetpack_featured_media_url":"","_links":{"self":[{"href":"http:\/\/bassdu.mine.bz\/index.php?rest_route=\/wp\/v2\/posts\/3117"}],"collection":[{"href":"http:\/\/bassdu.mine.bz\/index.php?rest_route=\/wp\/v2\/posts"}],"about":[{"href":"http:\/\/bassdu.mine.bz\/index.php?rest_route=\/wp\/v2\/types\/post"}],"author":[{"embeddable":true,"href":"http:\/\/bassdu.mine.bz\/index.php?rest_route=\/wp\/v2\/users\/2"}],"replies":[{"embeddable":true,"href":"http:\/\/bassdu.mine.bz\/index.php?rest_route=%2Fwp%2Fv2%2Fcomments&post=3117"}],"version-history":[{"count":8,"href":"http:\/\/bassdu.mine.bz\/index.php?rest_route=\/wp\/v2\/posts\/3117\/revisions"}],"predecessor-version":[{"id":3127,"href":"http:\/\/bassdu.mine.bz\/index.php?rest_route=\/wp\/v2\/posts\/3117\/revisions\/3127"}],"wp:attachment":[{"href":"http:\/\/bassdu.mine.bz\/index.php?rest_route=%2Fwp%2Fv2%2Fmedia&parent=3117"}],"wp:term":[{"taxonomy":"category","embeddable":true,"href":"http:\/\/bassdu.mine.bz\/index.php?rest_route=%2Fwp%2Fv2%2Fcategories&post=3117"},{"taxonomy":"post_tag","embeddable":true,"href":"http:\/\/bassdu.mine.bz\/index.php?rest_route=%2Fwp%2Fv2%2Ftags&post=3117"}],"curies":[{"name":"wp","href":"https:\/\/api.w.org\/{rel}","templated":true}]}}