{"id":3535,"date":"2014-03-16T01:42:24","date_gmt":"2014-03-16T00:42:24","guid":{"rendered":"http:\/\/bassdu.mine.nu\/?p=3535"},"modified":"2014-03-16T02:12:52","modified_gmt":"2014-03-16T01:12:52","slug":"pagani","status":"publish","type":"post","link":"http:\/\/bassdu.mine.bz\/?p=3535","title":{"rendered":"P\u0102G\u00c2NI???"},"content":{"rendered":"<p>Ca s\u0103 nu mai zic\u0103 cineva, c\u0103 la Vatican nu ar exista NOUT\u0102\u0162I pentru rum\u00e2ni!?<\/p>\n<p>\u201e<span style=\"color: #993300;\"><strong>In un documento scritto, secondo alcuni scienziati, intorno agli anni 1313, scoperto nella Biblioteca Apostolica Vaticana e che \u00e8 una variante di un testo di cronaca universale copiato nel 1394, viene precisato cosi :&#8221;(&#8230;) la settima prouincia si \u00e8 Ungheria ( \u2026 )in quella medesima prouincia sono i Rumeni \u2026e sono paghani.<\/strong><\/span>&#8221;<\/p>\n<p><span style=\"color: #000000;\"><strong>TRADUCERE<\/strong><\/span>:<\/p>\n<p>\u201e<span style=\"color: #000080;\"><strong>\u00centr-un document scris dup\u0103 opinia unor cercet\u0103tori, \u00een anul 1313, descoperit \u00een Biblioteca Apostolic\u0103 Vatican\u0103, care este o variant\u0103 a unei Cronici Unversale copiate \u00een 1394, se precizeaz\u0103 astfel: \u201e (&#8230;) a \u015faptea provincie e Ungaria (&#8230;) \u00een acea provincie SUNT \u201eRUMENII\u201d&#8230; \u015eI SUNT P\u0102G\u00c2NI<\/strong><\/span>\u201d.<\/p>\n<p>Ast\u0103zi se explic\u0103 termenul de P\u0102G\u00c2N cu ORTODOX, dar eu am mari dubii!?!?!?<br \/>\nPe de alt\u0103 parte, din text rezult\u0103 NUMELE PROVINCIEI, dar \u015fi OCUPAN\u0162II acesteia&#8230; RUM\u00c2NII, f\u0103r\u0103 a se men\u0163iona \u015fi alte neamuri, care se sub\u00een\u0163elege c\u0103 dac\u0103 erau, erau&#8230; minoritare!!!<br \/>\nApoi, este scris \u00een text de A \u015eAPTEA PROVINCIE&#8230; A CUI PROVINCIE???<br \/>\nAst\u0103zi, termenul de P\u0102G\u00c2N are un anumit sens \u00een dogma iudeo-cre\u015ftin\u0103, dar \u015fi GALERIU era P\u0102G\u00c2N \u00een sec al IV-lea d.C. \u015fi nu era un &#8230; S\u0102LBATIC!?!?&#8230; cred c\u0103 trebuie meditat profund asupra acestui termen de P\u0102G\u00c2N!&#8230; tot a\u015fa cum trebuie s\u0103 medit\u0103m asupra termenilor de \u0162\u0102RAN \u015fi CIOBAN care ast\u0103zi sunt TERMENI DISPRE\u0162UITORI, c\u00e2nd de fapt reflect\u0103 apartenen\u0163a la BAZA SOCIET\u0102\u0162II, ace\u015ftia fiind P\u0102STR\u0102TORII IDENTIT\u0102\u0162II NA\u0162IONALE, ei fiind LUCR\u0102TORII T\u0102R\u00c2NII \u015fi OIERII PRIMORDIALI, care \u201educ \u00een c\u00e2rc\u0103 Neamul\u201d de milenii!!!<br \/>\nRum\u00e2nii mai exist\u0103 ca atare, deoarece am fost \u201econserva\u0163i\u201d \u00een CIVILIZA\u0162IA S\u0102TEASC\u0102, o CIVILIZA\u0162IE ORAL\u0102 \u015fi poate pentru mult timp&#8230; P\u0102G\u00c2N\u0102!? Bine\u00een\u0163eles c\u0103 adep\u0163ii CIVILIZA\u0162IEI OR\u0102\u015eENE\u015eTI vor s\u0103 ne bage \u00een cap \u201ealte alea\u201d, dar \u201eOPINCA \u0162\u0102RII\u201d suntem noi \u015fi suntem mai \u201ec\u0103po\u015fi\u201d \u00a0dec\u00e2t \u00ee\u015fi pot imagina unii!?<br \/>\nPoate c\u0103 proiectul nostru de la MI\u015eCAREA DACIA pentru o LUME NOU\u0102, trebuie s\u0103 se adape din altceva, dec\u00e2t din dogme \u015fi ideologii STR\u0102INE NOU\u0102!?!?<\/p>\n<p><a href=\"http:\/\/bassdu.mine.nu\/images\/2014\/03\/tarani-300x187.jpg\"><img loading=\"lazy\" decoding=\"async\" class=\"aligncenter size-full wp-image-3541\" alt=\"tarani-300x187\" src=\"http:\/\/bassdu.mine.nu\/images\/2014\/03\/tarani-300x187.jpg\" width=\"300\" height=\"187\" \/><\/a><\/p>\n<p>\u201e<span style=\"color: #000000;\"><strong>Unde s-au retras \u0163\u0103ranii, intreb\u0103m din nou? C\u0103ci din istoria aceasta cople\u015fit\u0103 de valurile nihilismului \u015fi ale anarhiei, este mai mult decat evident c\u0103 ei s-au retras. <span style=\"text-decoration: underline;\">O boicoteaz\u0103<\/span>. Cine-ar putea s\u0103 ignore, dac\u0103 vrea s\u0103 nu se sminteasc\u0103, acest boicot \u0163\u0103r\u0103nesc al istoriei? Se in\u0163elege, oare, ce fapt teribil este acesta? Ce efecte cumplite trebuie s\u0103 decurg\u0103 din acest boicot? Alo! Este cineva la cap\u0103tul firului ca s\u0103 asculte acest strig\u0103t de alarm\u0103, aceast\u0103 alarm\u0103 tarzie, poate prea tarzie? Lumea f\u0103r\u0103 de \u0163\u0103rani ar fi o lume infrico\u015f\u0103tor de mediocr\u0103, o lume de manele, in care bunul sim\u0163 s-ar ve\u015fteji cu totul, cump\u0103na lumii s-ar deregla, osia lumii s-ar in\u0163epeni, fiindc\u0103 nimic pe lume nu poate func\u0163iona f\u0103r\u0103 de oamenii p\u0103mantului, cu tot cu in\u0163elepciunile \u015fi cu inv\u0103\u0163\u0103turile lor.\u201d<\/strong><\/span><\/p>\n<p><span style=\"color: #000000;\"><strong>Autor: Prof. Univ. Dr. Ilie Badescu<\/strong><\/span><\/p>\n","protected":false},"excerpt":{"rendered":"<p>Ca s\u0103 nu mai zic\u0103 cineva, c\u0103 la Vatican nu ar exista NOUT\u0102\u0162I pentru rum\u00e2ni!? \u201eIn un documento scritto, secondo alcuni scienziati, intorno agli anni 1313, scoperto nella Biblioteca Apostolica Vaticana e che \u00e8 una variante di un testo di cronaca universale copiato nel 1394, viene precisato cosi :&#8221;(&#8230;) la settima prouincia si \u00e8 Ungheria [&hellip;]<\/p>\n","protected":false},"author":2,"featured_media":0,"comment_status":"open","ping_status":"open","sticky":false,"template":"","format":"standard","meta":{"footnotes":""},"categories":[3],"tags":[1450,1449,906,1046,210,1448,1360,729,598],"jetpack_featured_media_url":"","_links":{"self":[{"href":"http:\/\/bassdu.mine.bz\/index.php?rest_route=\/wp\/v2\/posts\/3535"}],"collection":[{"href":"http:\/\/bassdu.mine.bz\/index.php?rest_route=\/wp\/v2\/posts"}],"about":[{"href":"http:\/\/bassdu.mine.bz\/index.php?rest_route=\/wp\/v2\/types\/post"}],"author":[{"embeddable":true,"href":"http:\/\/bassdu.mine.bz\/index.php?rest_route=\/wp\/v2\/users\/2"}],"replies":[{"embeddable":true,"href":"http:\/\/bassdu.mine.bz\/index.php?rest_route=%2Fwp%2Fv2%2Fcomments&post=3535"}],"version-history":[{"count":6,"href":"http:\/\/bassdu.mine.bz\/index.php?rest_route=\/wp\/v2\/posts\/3535\/revisions"}],"predecessor-version":[{"id":3542,"href":"http:\/\/bassdu.mine.bz\/index.php?rest_route=\/wp\/v2\/posts\/3535\/revisions\/3542"}],"wp:attachment":[{"href":"http:\/\/bassdu.mine.bz\/index.php?rest_route=%2Fwp%2Fv2%2Fmedia&parent=3535"}],"wp:term":[{"taxonomy":"category","embeddable":true,"href":"http:\/\/bassdu.mine.bz\/index.php?rest_route=%2Fwp%2Fv2%2Fcategories&post=3535"},{"taxonomy":"post_tag","embeddable":true,"href":"http:\/\/bassdu.mine.bz\/index.php?rest_route=%2Fwp%2Fv2%2Ftags&post=3535"}],"curies":[{"name":"wp","href":"https:\/\/api.w.org\/{rel}","templated":true}]}}