{"id":3594,"date":"2014-04-25T10:34:46","date_gmt":"2014-04-25T09:34:46","guid":{"rendered":"http:\/\/bassdu.mine.nu\/?p=3594"},"modified":"2014-04-25T11:33:36","modified_gmt":"2014-04-25T10:33:36","slug":"ce-ti-e-si-cu-minunile-astea","status":"publish","type":"post","link":"http:\/\/bassdu.mine.bz\/?p=3594","title":{"rendered":"Ce \u0163i-e \u015fi cu minunile astea!?"},"content":{"rendered":"<p>La Roma, este pe cale s\u0103 se produc\u0103 o mare afluen\u0163\u0103 de credincio\u015fi catolici \u00een Vatican, cu ocazia ceremoniei de beatificare a papilor Ioan al XXIII-lea \u015fi Ioan-Paul al II-lea, ca ultim pas spre SANCTIFICAREA lor. Se a\u015fteapt\u0103 \u00eentre 3 \u015fi 5 milioane de catolici, cu mari consecin\u0163e asupra viabilit\u0103\u0163ii \u00een capitala italian\u0103. Poli\u0163ia Local\u0103 a declarat deja o grev\u0103 de protest, declar\u00e2nd c\u0103 nu poate gestiona un astfel de eveniment. Singurii care se bucur\u0103 sunt comercian\u0163ii, care vor face afaceri de aur. Asta, \u00eentr-o Rom\u0103 \u00een grav\u0103 criz\u0103 financiar\u0103 \u015fi care de cur\u00e2nd a fost salvat\u0103 de la faliment, bine\u00een\u0163eles din banii contribuabililor italieni, ci nu din imensul patrimoniu al Bisericii Catolice, pus la ad\u0103post de guverna\u0163ii actuali \u015fi cei trecu\u0163i, \u00eencep\u00e2nd cu Patti Lateranensi de pe vremea lui Mussolini \u015fi termin\u00e2nd cu ajutoarele de stat de azi pentru \u015fcolile \u015fi structurile sanitare catolice, scutirile de taxe, etc.!?<br \/>\nPentru a fi sanctificat, se parcurge un iter complex, un important loc ocup\u00e2ndu-l MINUNILE, pe care \u201ecandida\u0163ii\u201d trebuie s\u0103 le fac\u0103 de acolo de unde se g\u0103sesc&#8230; presupunem \u015fi ni se spune, c\u0103 de-a dreapta Tat\u0103lui, sau m\u0103 rog, pe acolo pe undeva.<br \/>\nUn accident teribil a \u00eentunecat \u00eens\u0103 acest eveniment:<br \/>\n\u00cen ziua de 24 Aprilie, o statuie a lui Cristo Redentore din Val Camonica, dedicat\u0103 lui Papa Ioan Paul al II-lea, s-a pr\u0103bu\u015fit, omor\u00e2nd un t\u00e2n\u0103r handicapat de 21 de ani \u015fi r\u0103nind grav un alt participant la pelerinaj. Ca fapt divers, victima locuia pe Via Papa Ioan al XXIII-lea, col\u0163 cu Via Ioan Paul al II-lea!?<br \/>\n<a href=\"http:\/\/http:\/\/www.ilfattoquotidiano.it\/2014\/04\/24\/brescia-crolla-croce-dedicata-a-papa-wojtyla-muore-21enne\/962858\/\">http:\/\/www.ilfattoquotidiano.it\/2014\/04\/24\/brescia-crolla-croce-dedicata-a-papa-wojtyla-muore-21enne\/962858\/<\/a><br \/>\nS\u0103 fie vorba despre o \u00ceNCERCARE A CREDIN\u0162EI, sau \u015fi-a b\u0103gat necuratu coada, c\u0103 prea cad fulgere pe cupol\u0103 \u015fi pier porumbeii papali???&#8230; interpretare liber\u0103&#8230;<\/p>\n<div style=\"width: 658px\" class=\"wp-caption alignnone\"><img loading=\"lazy\" decoding=\"async\" class=\"   \" alt=\"\" src=\"http:\/\/www.bresciacup.it\/public\/2011\/immagini\/CEVO\/partenza%20dalla%20croce.jpg\" width=\"648\" height=\"432\" \/><p class=\"wp-caption-text\">Pe o p\u0103\u015fune la 1200 de metri \u00een Val Camonica&#8230;<\/p><\/div>\n<p>&nbsp;<\/p>\n","protected":false},"excerpt":{"rendered":"<p>La Roma, este pe cale s\u0103 se produc\u0103 o mare afluen\u0163\u0103 de credincio\u015fi catolici \u00een Vatican, cu ocazia ceremoniei de beatificare a papilor Ioan al XXIII-lea \u015fi Ioan-Paul al II-lea, ca ultim pas spre SANCTIFICAREA lor. Se a\u015fteapt\u0103 \u00eentre 3 \u015fi 5 milioane de catolici, cu mari consecin\u0163e asupra viabilit\u0103\u0163ii \u00een capitala italian\u0103. Poli\u0163ia Local\u0103 [&hellip;]<\/p>\n","protected":false},"author":2,"featured_media":0,"comment_status":"open","ping_status":"open","sticky":false,"template":"","format":"standard","meta":{"footnotes":""},"categories":[3],"tags":[1469,1472,1471,167,1473,598],"jetpack_featured_media_url":"","_links":{"self":[{"href":"http:\/\/bassdu.mine.bz\/index.php?rest_route=\/wp\/v2\/posts\/3594"}],"collection":[{"href":"http:\/\/bassdu.mine.bz\/index.php?rest_route=\/wp\/v2\/posts"}],"about":[{"href":"http:\/\/bassdu.mine.bz\/index.php?rest_route=\/wp\/v2\/types\/post"}],"author":[{"embeddable":true,"href":"http:\/\/bassdu.mine.bz\/index.php?rest_route=\/wp\/v2\/users\/2"}],"replies":[{"embeddable":true,"href":"http:\/\/bassdu.mine.bz\/index.php?rest_route=%2Fwp%2Fv2%2Fcomments&post=3594"}],"version-history":[{"count":6,"href":"http:\/\/bassdu.mine.bz\/index.php?rest_route=\/wp\/v2\/posts\/3594\/revisions"}],"predecessor-version":[{"id":3600,"href":"http:\/\/bassdu.mine.bz\/index.php?rest_route=\/wp\/v2\/posts\/3594\/revisions\/3600"}],"wp:attachment":[{"href":"http:\/\/bassdu.mine.bz\/index.php?rest_route=%2Fwp%2Fv2%2Fmedia&parent=3594"}],"wp:term":[{"taxonomy":"category","embeddable":true,"href":"http:\/\/bassdu.mine.bz\/index.php?rest_route=%2Fwp%2Fv2%2Fcategories&post=3594"},{"taxonomy":"post_tag","embeddable":true,"href":"http:\/\/bassdu.mine.bz\/index.php?rest_route=%2Fwp%2Fv2%2Ftags&post=3594"}],"curies":[{"name":"wp","href":"https:\/\/api.w.org\/{rel}","templated":true}]}}