{"id":3810,"date":"2015-05-10T00:57:57","date_gmt":"2015-05-09T23:57:57","guid":{"rendered":"http:\/\/bassdu.mine.nu\/?p=3810"},"modified":"2015-05-10T01:09:25","modified_gmt":"2015-05-10T00:09:25","slug":"9-mai","status":"publish","type":"post","link":"http:\/\/bassdu.mine.bz\/?p=3810","title":{"rendered":"9 MAI"},"content":{"rendered":"<p>O s\u0103 prezint \u00een ordine cele 3 semnifica\u0163ii ale zilei de 9 MAI:<br \/>\n<strong>9 MAI &#8211; Ziua Independen\u0163ei de Stat a Rom\u00e2niei<\/strong><\/p>\n<p>Monica Krueger:<br \/>\n\u201e9 mai este Ziua Independen\u0163ei Rom\u00e2niei. PE 9 MAI 1877, Parlamentul \u0163\u0103rii proclam\u0103 \u201eIndependen\u0163a absolut\u0103 a Rom\u00e2niei\u201d, prim ministrul Mihail Kog\u0103lniceanu declar\u00e2nd oficial c\u0103 suntem:<br \/>\n\u201e\u00een stare de rezbel\u2026, dezlega\u0163i de leg\u0103turile noastre cu \u00cenalta Poart\u0103 \u015fi prin urmare ce suntem? Suntem independen\u0163i, suntem na\u0163iune de sine st\u0103t\u0103toare\u201d<br \/>\nAstfel, Camera Deputa\u021bilor \u0219i Senatul voteaz\u0103 mo\u021biunea prin care se lua la cuno\u0219tin\u021b\u0103 c\u0103 \u201erezbelul \u00eentre Rom\u00e2nia \u0219i Turcia, ca ruperea leg\u0103turilor noastre cu Poarta \u0219i independen\u021ba absolut\u0103 a Rom\u00e2niei, au primit consacrarea lor oficial\u0103\u201d, adic\u0103 s-a votat mo\u021biunea de proclamare a independen\u021bei Rom\u00e2niei. \u00cen acea\u0219i zi, dup\u0103 amiaza, s-a str\u00e2ns \u00een jurul cl\u0103dirii Adun\u0103rii, un mare num\u0103r de bucure\u0219teni, care au primit cu entuziasm vestea proclam\u0103rii independen\u021bei, manifest\u00e2nd p\u00e2n\u0103 t\u00e2rziu. Acestei mul\u021bimi i s-a al\u0103turat \u0219i \u201evreo mie de studen\u021bi\u201d, dup\u0103 aprecierea lui Nicolae Iorga, av\u00e2nd drapele \u0219i tor\u021be aprinse, c\u00e2nt\u00e2nd \u201eDe\u0219teapt\u0103-te rom\u00e2ne!\u201d. Tot \u00een acea\u0219i sear\u0103, de 9 mai 1877, au avut loc manifesta\u021bii de bucurie \u0219i la Craiova \u0219i Ia\u0219i.<br \/>\nA doua zi, dup\u0103 ce principele Carol I a semnat actul de independen\u021b\u0103, guvernul rom\u00e2n a \u00eencetat plata tributului de 914.000 lei c\u0103tre Poarta Otoman\u0103, suma fiind direc\u021bionat\u0103 \u00een bugetul ministerului ap\u0103r\u0103rii. Aceasta este o mic\u0103 parte din jertfa material\u0103 \u0219i de s\u00e2nge a \u00eenainta\u0219ilor no\u0219tri, astfel c\u0103 pentru echiparea \u0219i \u00eentre\u021binerea armatei rom\u00e2ne s-au adunat din dona\u021biile poporului suma de 1.639.798 lei, din care cu 1.212.661 lei s-au pl\u0103tit armele achizi\u021bionate. De asemenea poporul a oferit pentru nevoile armatei rom\u00e2ne: 91.436 p\u00e2ini; 32.363 obiecte de \u00eembr\u0103c\u0103minte \u0219i \u00eenc\u0103l\u0163\u0103minte; 10.967 fe\u0219e; 6.724 vite, oi cai; 93.789 kilograme de alimente; 8.649 hectolitri de cereale \u0219i fasole \u0219i multe altele. \u00centreaga valoare a dona\u021biilor primite de autorit\u0103\u021bile rom\u00e2ne \u00eensumeaz\u0103 suma de 9.247.000 lei. Pe l\u00e2ng\u0103 toate acestea poporul rom\u00e2n a prestat 1.045.747 de zile de munc\u0103 pentru transporturi \u0219i 53.676 zile lucr\u0103toare \u00een construc\u021bii.<br \/>\nPoporul rom\u00e2n a participat \u00een b\u0103t\u0103liile r\u0103zboiului de Independen\u021b\u0103 (1877 \u2013 1878), purtate pentru neat\u00e2rnarea \u021b\u0103rii cu peste 58.000 de oameni pe fronturi, din care mai mult de jum\u0103tate au fost omor\u00e2\u021bi sau r\u0103ni\u021bi. \u0218i toate acestea pentru ca urma\u0219ii lor s\u0103 tr\u0103iasc\u0103 \u00eentr-o \u021bar\u0103 liber\u0103, nesupus\u0103 niciunei puteri str\u0103ine. \u201d<\/p>\n<p><a href=\"http:\/\/bassdu.mine.nu\/images\/2015\/05\/800px-Grivita_1877.jpg\"><img loading=\"lazy\" decoding=\"async\" class=\"aligncenter wp-image-3811\" src=\"http:\/\/bassdu.mine.nu\/images\/2015\/05\/800px-Grivita_1877.jpg\" alt=\"800px-Grivita_1877\" width=\"596\" height=\"442\" srcset=\"http:\/\/bassdu.mine.bz\/images\/2015\/05\/800px-Grivita_1877.jpg 800w, http:\/\/bassdu.mine.bz\/images\/2015\/05\/800px-Grivita_1877-300x222.jpg 300w\" sizes=\"(max-width: 596px) 100vw, 596px\" \/><\/a><\/p>\n<p><strong>9 MAI &#8211; Ziua Victoriei asupra Nazismului<\/strong><\/p>\n<p>9 MAI coincide pe alte meleaguri europene cu ajunul invaziei germane a \u021a\u0103rilor de Jos, Belgiei, Luxemburgului \u0219i a Fran\u021bei, deci are alte valen\u0163e istorice.<br \/>\n9 MAI este s\u0103rb\u0103torit fastuos ca zi a victoriei, numai \u00een zonele de influen\u0163\u0103 ruseasc\u0103, inclusiv Republica Moldova, unde mai persist\u0103 EFECTELE MANIPUL\u0102RII SOVIETICE.<\/p>\n<p><iframe loading=\"lazy\" src=\"https:\/\/www.youtube.com\/embed\/ILklTPuW9VE\" width=\"640\" height=\"360\" frameborder=\"0\" allowfullscreen=\"allowfullscreen\"><\/iframe><\/p>\n<p>Vizion\u00e2nd acest filmule\u0163, ne d\u0103m cu u\u015furin\u0163\u0103 seama, c\u0103 RE-UNIFICAREA celor 2 state rom\u00e2ne\u015fti este \u00eenc\u0103 departe de a fi realizat\u0103 \u015fi asta deoarece UNIONI\u015eTII ori \u201esunt purta\u0163i \u00een pustii\u201d de monarhi\u015fti, liberali, social-democra\u0163i \u015fi al\u0163i EXPONEN\u0162I AI ACTUALULUI SISTEM, care nu cunosc altceva dec\u00e2t STRATEGIA TENSIUNII, adic\u0103 a CONFRUNT\u0102RII IDEOLOGICE \u00eentre cet\u0103\u0163eni, ori sunt de-a dreptul dobitoci \u015fi militeaz\u0103 pentru \u201eac\u0163iuni de for\u0163\u0103\u201d, orbi\u0163i de apartenen\u0163a la UE \u015fi NATO!?<br \/>\nMI\u015eCAREA DACIA este convins\u0103 c\u0103 RE-UNIREA se va face numai c\u00e2nd majoritatea moldovenilor din st\u00e2nga Prutului \u015fi a na\u0163ionalit\u0103\u0163ilor conlocuitoare acolo, vor vedea \u00een Rom\u00e2nia un EXEMPLU POZITIV, ci nu unul NEGATIV cum se prezint\u0103 azi, din vina unei CLASE POLITICE ANTI-NA\u0162IONALE!?<br \/>\nRE-UNIREA se va face \u015fi cu \u201eoamenii lui Dodon \u015fi Voronin\u201d, deci asupra lor trebuie concentrat\u0103 propaganda!!!<br \/>\nImportant de subliniat, este c\u0103 Pu\u021bin a revenit la manifesta\u0163iile oceanice, dup\u0103 ce \u00eenainta\u015fii s\u0103i renun\u0163aser\u0103 \u00een numele unei destinderi post-r\u0103zboi-rece.<br \/>\nDac\u0103 \u0163inem cont de DICTATUL DE LA VIENA prin care Germania nazist\u0103 \u015fi Italia fascist\u0103 smulgeau o bun\u0103 parte din Transilvania, cu aprobarea tacit\u0103 a restului occidentului, avem motive serioase s\u0103 s\u0103rb\u0103torim \u015fi noi rom\u00e2nii!<br \/>\nDe asemenea, noi rom\u00e2nii avem 500.000 de motive de COMEMORARE A VICTIMELOR WW2!!!<\/p>\n<p>O DEMISTIFICARE interesant\u0103 a zilei de 9 MAI \u00een acest context, avem mai jos din cuvintele d-lui<br \/>\nAcademician Florin Constantiniu \u00a0(1933 \u2013 2012):<\/p>\n<p>\u201e Strania alian\u021b\u0103 dintre cele dou\u0103 mari democra\u021bii occidentale \u2013 Marea Britanie \u0219i SUA \u2013 \u0219i Uniunea Sovietic\u0103, str\u00e2nsa colaborare dintre Churchill, Roosevelt \u0219i Stalin pun sub semnul \u00eentreb\u0103rii ata\u0219amentul primilor doi fa\u021b\u0103 de principiile Cartei Atlanticului, \u00een numele c\u0103rora sus\u021bineau c\u0103 duc r\u0103zboiul.<br \/>\nVoiau, \u00eentr-adev\u0103r, Churchill \u0219i Roosevelt ca popoarele s\u0103 fie libere \u00een a-\u0219i decide soarta? Cum se \u00eemp\u0103ca o astfel\u00a0de afirma\u021bie cu alian\u021ba care-i f\u0103cea partenerii unui regim \u2013 cel sovietic \u2013 la fel de odios ca \u0219i cel nazist?<br \/>\nChurchill \u0219i Roosevelt au sf\u00e2r\u0219it prin a ceda \u00een fa\u021ba exigen\u021belor lui Stalin, hot\u0103r\u00e2t s\u0103 creeze un mare br\u00e2u protector al frontierelor sovietice. Acordul de procentaj Churchill-Stalin, din octombrie 1944, a fost o \u00een\u021belegere care nu se deosebea, \u00een esen\u021ba ei cinic\u0103, de Pactul Molotov-Ribbentrop.<\/p>\n<p><a href=\"http:\/\/bassdu.mine.nu\/images\/2015\/05\/stalin2.jpeg\"><img loading=\"lazy\" decoding=\"async\" class=\"aligncenter  wp-image-3816\" src=\"http:\/\/bassdu.mine.nu\/images\/2015\/05\/stalin2.jpeg\" alt=\"stalin2\" width=\"460\" height=\"372\" \/><\/a><\/p>\n<p>Cel de-al doilea r\u0103zboi mondial nu a \u00eensemnat \u2013 a\u0219a cum se pretinde \u2013 o b\u0103t\u0103lie \u00eentre bine \u0219i r\u0103u, o confruntare \u00eentre libertate \u0219i opresiune, ci competi\u021bia dintre dou\u0103 bande de r\u0103uf\u0103c\u0103tori&#8230;&#8230; una condus\u0103 de Hitler, alta de Stalin. Un Stalin, ale c\u0103rui crime erau acoperite de cei doi complici ai s\u0103i, Churchill \u0219i Roosevelt. Nu cred c\u0103 victoria bandei sovieto-anglo-americane trebuie celebrat\u0103. Pentru \u021b\u0103rile baltice \u0219i cele din Europa de Est ea a adus o robie de peste patru decenii. Este momentul s\u0103 ne \u00eentreb\u0103m: victoria cui o s\u0103rb\u0103torim la 9 mai 1945? Personal, cred c\u0103 nu este nimic de s\u0103rb\u0103torit.\u201d<\/p>\n<p><strong>9 MAI- Ziua Europei<\/strong><\/p>\n<p>Pe continentul european, Ziua Europei este o s\u0103rb\u0103toare anual\u0103 a p\u0103cii \u0219i unit\u0103\u021bii \u00een Europa. Sunt dou\u0103 date pentru s\u0103rb\u0103torirea acestei zile: 5 mai pentru Consiliul Europei \u0219i 9 mai pentru Uniunea European\u0103 (UE). Pentru UE, aceast\u0103 zi este de asemenea cunoscut\u0103 ca Ziua Schuman, comemor\u00e2nd declara\u021bia istoric\u0103 a ministrului de externe francez, Robert Schuman.<\/p>\n<p>Evolu\u0163ia Rom\u00e2niei dup\u0103 1989 \u015fi mai ales dup\u0103 aderarea la Uniunea European\u0103 din 2007, nu ne ofer\u0103 mari motive de satisfac\u0163ie!? Rom\u00e2nia a fost practic COLONIZAT\u0102, DISTRUS\u0102 ECONOMIC, \u00ceNSTR\u0102INAT\u0102, MANELIZAT\u0102, CONSUMERIZAT\u0102, etc. cu consecin\u0163e dramatice pe termen lung.<br \/>\nAceast\u0103 situa\u0163ie a devenit \u015fi o fr\u00e2n\u0103 \u00een calea RE-UNIFIC\u0102RII celor dou\u0103 state rom\u00e2ne\u015fti, rom\u00e2nii din st\u00e2nga Prutului con\u015ftientiz\u00e2nd PERICOLELE ADER\u0102RII LA O ASTFEL DE UNIUNE, mult mai \u00eensemnate dec\u00e2t eventualele AVANTAJE.<br \/>\nMI\u015eCAREA DACIA nu este eurosceptic\u0103, dar se \u00eencadreaz\u0103 \u00een r\u00e2ndul mi\u015fc\u0103rilor ce militeaz\u0103 pentru O EUROP\u0102 A POPOARELOR SUVERANE, CI NU A CAPITALURILOR cum este azi, o Europ\u0103 care s\u0103 renun\u0163e treptat la ACTUALA PARADIGM\u0102 SOCIO-ECONOMIC\u0102!?<br \/>\nViitorul apropiat va consemna din punctul nostru de vedere mari transform\u0103ri statutare ale UE, sau aceasta se va destr\u0103ma, sub efectul unor for\u0163e centrifuge din diverse \u0163\u0103ri!?<\/p>\n","protected":false},"excerpt":{"rendered":"<p>O s\u0103 prezint \u00een ordine cele 3 semnifica\u0163ii ale zilei de 9 MAI: 9 MAI &#8211; Ziua Independen\u0163ei de Stat a Rom\u00e2niei Monica Krueger: \u201e9 mai este Ziua Independen\u0163ei Rom\u00e2niei. PE 9 MAI 1877, Parlamentul \u0163\u0103rii proclam\u0103 \u201eIndependen\u0163a absolut\u0103 a Rom\u00e2niei\u201d, prim ministrul Mihail Kog\u0103lniceanu declar\u00e2nd oficial c\u0103 suntem: \u201e\u00een stare de rezbel\u2026, dezlega\u0163i de [&hellip;]<\/p>\n","protected":false},"author":2,"featured_media":0,"comment_status":"open","ping_status":"open","sticky":false,"template":"","format":"standard","meta":{"footnotes":""},"categories":[3],"tags":[1556],"jetpack_featured_media_url":"","_links":{"self":[{"href":"http:\/\/bassdu.mine.bz\/index.php?rest_route=\/wp\/v2\/posts\/3810"}],"collection":[{"href":"http:\/\/bassdu.mine.bz\/index.php?rest_route=\/wp\/v2\/posts"}],"about":[{"href":"http:\/\/bassdu.mine.bz\/index.php?rest_route=\/wp\/v2\/types\/post"}],"author":[{"embeddable":true,"href":"http:\/\/bassdu.mine.bz\/index.php?rest_route=\/wp\/v2\/users\/2"}],"replies":[{"embeddable":true,"href":"http:\/\/bassdu.mine.bz\/index.php?rest_route=%2Fwp%2Fv2%2Fcomments&post=3810"}],"version-history":[{"count":6,"href":"http:\/\/bassdu.mine.bz\/index.php?rest_route=\/wp\/v2\/posts\/3810\/revisions"}],"predecessor-version":[{"id":3818,"href":"http:\/\/bassdu.mine.bz\/index.php?rest_route=\/wp\/v2\/posts\/3810\/revisions\/3818"}],"wp:attachment":[{"href":"http:\/\/bassdu.mine.bz\/index.php?rest_route=%2Fwp%2Fv2%2Fmedia&parent=3810"}],"wp:term":[{"taxonomy":"category","embeddable":true,"href":"http:\/\/bassdu.mine.bz\/index.php?rest_route=%2Fwp%2Fv2%2Fcategories&post=3810"},{"taxonomy":"post_tag","embeddable":true,"href":"http:\/\/bassdu.mine.bz\/index.php?rest_route=%2Fwp%2Fv2%2Ftags&post=3810"}],"curies":[{"name":"wp","href":"https:\/\/api.w.org\/{rel}","templated":true}]}}