{"id":4050,"date":"2017-02-01T12:37:16","date_gmt":"2017-02-01T11:37:16","guid":{"rendered":"http:\/\/bassdu.mine.bz\/?p=4050"},"modified":"2017-02-01T12:37:16","modified_gmt":"2017-02-01T11:37:16","slug":"pozitia-miscarii-dacia-fata-de-manifestatiile-din-romania","status":"publish","type":"post","link":"http:\/\/bassdu.mine.bz\/?p=4050","title":{"rendered":"Pozi\u0163ia MI\u015eC\u0102RII DACIA fa\u0163\u0103 de manifesta\u0163iile din Rom\u00e2nia"},"content":{"rendered":"<p>Aceast\u0103 pozi\u0163ie este dictat\u0103 de PRINCIPIILE expuse pe larg \u00een Manifestul \u201e<span style=\"color: #1d2129;\"><span style=\"font-family: Helvetica, Arial, sans-serif;\"><span style=\"font-size: small;\">\u03a9 NOU\u0102 LUME \u2013 OPORTUNIT\u0102\u021aI EGALE PENTRU TO\u021aI COPIII<\/span><\/span><\/span><span style=\"color: #1d2129;\"><span style=\"font-family: Helvetica, Arial, sans-serif;\"><span style=\"font-size: small;\">\u201d.<br \/>\nSingurul aspect pozitiv al manifesta\u0163iilor este c\u0103 avem de-a face cu o TREZIRE, dar \u00een viziunea noastr\u0103 e necesar\u0103 o DE\u015eTEPTARE, dup\u0103 cum spune \u015fi Imnul. Cei din Pia\u0163\u0103 au priceput c\u0103 sunt o FOR\u0162\u0102 \u015fi asta este bine. Probleme se nasc \u00een momentul \u00een care aceast\u0103 FOR\u0162\u0102 <\/span><\/span><\/span><span style=\"color: #1d2129;\"><span style=\"font-family: Helvetica, Arial, sans-serif;\"><span style=\"font-size: small;\">\u00een valoare absolut\u0103 <\/span><\/span><\/span><span style=\"color: #1d2129;\"><span style=\"font-family: Helvetica, Arial, sans-serif;\"><span style=\"font-size: small;\">nu <\/span><\/span><\/span><span style=\"color: #1d2129;\"><span style=\"font-family: Helvetica, Arial, sans-serif;\"><span style=\"font-size: small;\">are componentele<\/span><\/span><\/span><span style=\"color: #1d2129;\"><span style=\"font-family: Helvetica, Arial, sans-serif;\"><span style=\"font-size: small;\"> vectorial<\/span><\/span><\/span><span style=\"color: #1d2129;\"><span style=\"font-family: Helvetica, Arial, sans-serif;\"><span style=\"font-size: small;\">e<\/span><\/span><\/span><span style=\"color: #1d2129;\"><span style=\"font-family: Helvetica, Arial, sans-serif;\"><span style=\"font-size: small;\"> pe aceea\u015fi direc\u0163ie, suma <\/span><\/span><\/span><span style=\"color: #1d2129;\"><span style=\"font-family: Helvetica, Arial, sans-serif;\"><span style=\"font-size: small;\">lor <\/span><\/span><\/span><span style=\"color: #1d2129;\"><span style=\"font-family: Helvetica, Arial, sans-serif;\"><span style=\"font-size: small;\">tinz\u00e2nd spre Zero.<br \/>\nDac\u0103 \u00een Pia\u0163\u0103 avem galeria lui Dinamo, Steaua, sau altor echipe de ghiolbani ce c\u00e2\u015ftig\u0103 milioane pentru a alerga dup\u0103 o b\u0103\u015fic\u0103, avem o problem\u0103.<br \/>\nDac\u0103 \u00een Pia\u0163\u0103 venim m\u00e2na\u0163i de promotorii Liberalismului, Globaliz\u0103rii, Consumerismului, <\/span><\/span><\/span><span style=\"color: #1d2129;\"><span style=\"font-family: Helvetica, Arial, sans-serif;\"><span style=\"font-size: small;\">Banksterilor, Privilegiilor Mo\u015ftenite sau dob\u00e2ndite ILEGAL,<\/span><\/span><\/span><span style=\"color: #1d2129;\"><span style=\"font-family: Helvetica, Arial, sans-serif;\"><span style=\"font-size: small;\"> Monopolismului Global, <\/span><\/span><\/span><span style=\"color: #1d2129;\"><span style=\"font-family: Helvetica, Arial, sans-serif;\"><span style=\"font-size: small;\">Statului Debil, CRAPitalismului \u015fi ai STRATEGIEI TENSIUNII, avem o problem\u0103.<br \/>\nROM\u00c2NIA a r\u0103mas singura \u0163ar\u0103 din zon\u0103 ancorat\u0103 \u00eenc\u0103 unei Uniuni Europene desuete, dezna\u0163ionalizante, dictatoriale, f\u0103r\u0103 a spune p\u00e2s!?<br \/>\nLumea este \u00een cea mai mare fermenta\u0163ie din ultimii 72 de ani \u015fi nimic din ceea ce Azi pare SOLID, nu va mai fi ca atare M\u00e2ine, iar \u201e\u00cent\u00e2rzia\u0163ii\u201d sunt destina\u0163i s\u0103 suporte consecin\u0163e grave.<br \/>\nParadoxal, \u00een Pia\u0163\u0103 sunt cei c\u0103rora li se umple zilnic gura de DEMOCRA\u0162IE!?<br \/>\nP\u0103i dac\u0103 PSD a c\u00e2\u015ftigat deta\u015fat alegerile, cum po\u0163i tu Opozi\u0163ie s\u0103 emi\u0163i preten\u0163ii de Guvernare?<br \/>\nVre\u0163i MAIDAN-izarea Rom\u00e2niei? Voi tinerii, \u015fti\u0163i ce \u00eenseamn\u0103???<br \/>\nO Rom\u00e2nie INSTABIL\u0102 POLITIC este \u00een pericol de EXTINC\u0162IE!!!<br \/>\nV\u0103 asuma\u0163i acest RISC, mai ales voi tinerii ce ve\u0163i fi sigur CARNE DE TUN!?!?<br \/>\n<\/span><\/span><\/span><span style=\"color: #1d2129;\"><span style=\"font-family: Helvetica, Arial, sans-serif;\"><span style=\"font-size: small;\">Aten\u0163ie, c\u0103 e suficient\u0103 o M\u0103ciuc\u0103 la un car de Oale!<\/span><\/span><\/span><span style=\"color: #1d2129;\"><span style=\"font-family: Helvetica, Arial, sans-serif;\"><span style=\"font-size: small;\"><br \/>\nS\u0103 nu se \u00een\u0163eleag\u0103 gre\u015fit: MI\u015eCAREA DACIA nu <\/span><\/span><\/span><span style=\"color: #1d2129;\"><span style=\"font-family: Helvetica, Arial, sans-serif;\"><span style=\"font-size: small;\">sprijin\u0103 NICIUN PARTID \u015fi mai ales PSD-ul, responsabilul major al DEZASTRULUI DIRIJAT DIN AFAR\u0102 AL ROM\u00c2NIEI!!!<br \/>\n<\/span><\/span><\/span><span style=\"color: #1d2129;\"><span style=\"font-family: Helvetica, Arial, sans-serif;\"><span style=\"font-size: small;\">\u015ei MI\u015eCAREA DACIA urm\u0103re\u015fte REVOLU\u0162IA, dar cu \u00ceN\u0162ELEPCIUNE, pentru a evita TRAUME.<\/span><\/span><\/span><span style=\"color: #1d2129;\"><span style=\"font-family: Helvetica, Arial, sans-serif;\"><span style=\"font-size: small;\"><br \/>\n<\/span><\/span><\/span><span style=\"color: #1d2129;\"><span style=\"font-family: Helvetica, Arial, sans-serif;\"><span style=\"font-size: small;\">N<\/span><\/span><\/span><span style=\"color: #1d2129;\"><span style=\"font-family: Helvetica, Arial, sans-serif;\"><span style=\"font-size: small;\">u este greu de priceput c\u0103 Opozi\u0163ia actual\u0103, la guvernare p\u00e2n\u0103 mai ieri, nu e u\u015f\u0103 de biseric\u0103 \u015fi are \u015fi ea \u201efali\u0163ii\u201d <\/span><\/span><\/span><span style=\"color: #1d2129;\"><span style=\"font-family: Helvetica, Arial, sans-serif;\"><span style=\"font-size: small;\">e<\/span><\/span><\/span><span style=\"color: #1d2129;\"><span style=\"font-family: Helvetica, Arial, sans-serif;\"><span style=\"font-size: small;\">i, \u00een aceea\u015fi m\u0103sur\u0103 ca PSD-ul.<br \/>\nDisperarea Opozi\u0163iei <\/span><\/span><\/span><span style=\"color: #1d2129;\"><span style=\"font-family: Helvetica, Arial, sans-serif;\"><span style=\"font-size: small;\">\u00een acapararea Puterii <\/span><\/span><\/span><span style=\"color: #1d2129;\"><span style=\"font-family: Helvetica, Arial, sans-serif;\"><span style=\"font-size: small;\">este evident\u0103 dac\u0103 \u0163inem cont c\u0103 <\/span><\/span><\/span><span style=\"color: #1d2129;\"><span style=\"font-family: Helvetica, Arial, sans-serif;\"><span style=\"font-size: small;\">totu\u015fi <\/span><\/span><\/span><span style=\"color: #1d2129;\"><span style=\"font-family: Helvetica, Arial, sans-serif;\"><span style=\"font-size: small;\">PSD-ul a m\u0103rit salariul minim \u015fi cele din Educa\u0163ie \u015fi S\u0103n\u0103tate, a m\u0103rit pensiile, a eliminat o serie de taxe <\/span><\/span><\/span><span style=\"color: #1d2129;\"><span style=\"font-family: Helvetica, Arial, sans-serif;\"><span style=\"font-size: small;\">\u015fi promite o atitudine mai critic\u0103 \u00een Uniunea European\u0103.<br \/>\nOare voi tinerii de azi crede\u0163i c\u0103 pute\u0163i face Revolu\u0163ie <\/span><\/span><\/span><span style=\"color: #1d2129;\"><span style=\"font-family: Helvetica, Arial, sans-serif;\"><span style=\"font-size: small;\">f\u0103r\u0103 a poseda o IDEOLOGIE REVOLU\u0162IONAR\u0102<\/span><\/span><\/span><span style=\"color: #1d2129;\"><span style=\"font-family: Helvetica, Arial, sans-serif;\"><span style=\"font-size: small;\">? Mai crede\u0163i \u00een basmul c\u0103 \u00een 1989 a fost Revolu\u0163ie? Nu<\/span><\/span><\/span><span style=\"color: #1d2129;\"><span style=\"font-family: Helvetica, Arial, sans-serif;\"><span style=\"font-size: small;\"> pui\u015fori, a fost o LOVITUR\u0102 DE STAT orchestrat\u0103 din AFAR\u0102!<\/span><\/span><\/span><span style=\"color: #1d2129;\"><span style=\"font-family: Helvetica, Arial, sans-serif;\"><span style=\"font-size: small;\"><br \/>\n<\/span><\/span><\/span><span style=\"color: #1d2129;\"><span style=\"font-family: Helvetica, Arial, sans-serif;\"><span style=\"font-size: small;\">Revolu\u0163iile se fac \u00een alt\u0103 parte, ci nu \u00een Pia\u0163\u0103, mai ales \u00eentr-o Colonie cum e Rom\u00e2nia azi!<br \/>\nO REVOLU\u0162IE \u00eenseamn\u0103 SCHIMBAREA SISTEMULUI, ci nu a unor OAMENI sau PARTIDE ce vor doar \u201eo alt\u0103 M\u0103rie cu aceea\u015fi p\u0103l\u0103rie\u201d.<br \/>\nDe ce nu ie\u015fi\u0163i \u00een Pia\u0163\u0103 \u00eempotriva Boga\u0163ilor, Multina\u0163ionalelor Neocolonialiste, Banksterilor, Privilegia\u0163ilor Suprapl\u0103ti\u0163i din <\/span><\/span><\/span><span style=\"color: #1d2129;\"><span style=\"font-family: Helvetica, Arial, sans-serif;\"><span style=\"font-size: small;\">Economie, <\/span><\/span><\/span><span style=\"color: #1d2129;\"><span style=\"font-family: Helvetica, Arial, sans-serif;\"><span style=\"font-size: small;\">Media, Sport, Mod\u0103, Politic\u0103, Justi\u0163ie, Publicitate, \u00eempotriva Globaliz\u0103rii, Puterii Financiare Globale, Imperialismului Militarist, Multiculturalismului Dezna\u0163ionalizant, Religiilor Abrahamice, Dezvolt\u0103rii Nesustenabile Psihopatice, <\/span><\/span><\/span><span style=\"color: #1d2129;\"><span style=\"font-family: Helvetica, Arial, sans-serif;\"><span style=\"font-size: small;\">Inechit\u0103\u0163ii Sociale, <\/span><\/span><\/span><span style=\"color: #1d2129;\"><span style=\"font-family: Helvetica, Arial, sans-serif;\"><span style=\"font-size: small;\">\u015fi tot ce mai combate MI\u015eCAREA DACIA pe baza unor PRINCIPII ILUMINSTE???<br \/>\n<\/span><\/span><\/span><span style=\"color: #1d2129;\"><span style=\"font-family: Helvetica, Arial, sans-serif;\"><span style=\"font-size: small;\">Nici MI\u015eCAREA DACIA nu aprob\u0103 actuala Lege, dar spre deosebire de voi, nu aprob\u0103 \u00ceNTREGUL SISTEM DE LEGI, \u00eencep\u00e2nd cu Constitu\u0163ia IMPUS\u0102 DIN AFAR\u0102 dup\u0103 1989!!!<\/span><\/span><\/span><span style=\"color: #1d2129;\"><span style=\"font-family: Helvetica, Arial, sans-serif;\"><span style=\"font-size: small;\"><br \/>\n<\/span><\/span><\/span><span style=\"color: #1d2129;\"><span style=\"font-family: Helvetica, Arial, sans-serif;\"><span style=\"font-size: small;\">MI\u015eCAREA DACIA \u015ftie ce vrea s\u0103 pun\u0103 \u00een loc: MERITOCRA\u0162IA ILUMINIST\u0102 izvor\u00e2t\u0103 din min\u0163ile cele mai \u00ceN\u0162ELEPTE ale Omenirii.<\/span><\/span><\/span><span style=\"color: #1d2129;\"><span style=\"font-family: Helvetica, Arial, sans-serif;\"><span style=\"font-size: small;\"><br \/>\nVoi, ce PRINCIPII ave\u0163i? <\/span><\/span><\/span><span style=\"color: #1d2129;\"><span style=\"font-family: Helvetica, Arial, sans-serif;\"><span style=\"font-size: small;\">Zero Barat! <\/span><\/span><\/span><span style=\"color: #1d2129;\"><span style=\"font-family: Helvetica, Arial, sans-serif;\"><span style=\"font-size: small;\">Iat\u0103 de ce nu sunte\u0163i un PERICOL PENTRU SISTEM!<\/span><\/span><\/span><span style=\"color: #1d2129;\"><span style=\"font-family: Helvetica, Arial, sans-serif;\"><span style=\"font-size: small;\"><br \/>\n<\/span><\/span><\/span><span style=\"color: #1d2129;\"><span style=\"font-family: Helvetica, Arial, sans-serif;\"><span style=\"font-size: small;\">Voi tinerii de azi, sunte\u0163i mult mai bine sp\u0103la\u0163i pe creiere de SISTEM. Pe vremea \u00cempu\u015fcatului, \u015ftiam m\u0103car c\u0103 TR\u0102IM \u00ceNTR-O MINCIUN\u0102&#8230; voi nici <\/span><\/span><\/span><span style=\"color: #1d2129;\"><span style=\"font-family: Helvetica, Arial, sans-serif;\"><span style=\"font-size: small;\">m\u0103car <\/span><\/span><\/span><span style=\"color: #1d2129;\"><span style=\"font-family: Helvetica, Arial, sans-serif;\"><span style=\"font-size: small;\">asta nu pricepe\u0163i, dec\u00e2t cu mici excep\u0163ii!?<br \/>\nSISTEMUL e puternic \u015fi numai O FOR\u0162\u0102 EGAL\u0102 \u015eI DE SENS CONTRAR \u00eel poate d\u0103r\u00e2ma!<br \/>\nNu o spunem ca s\u0103 v\u0103 r\u0103nim, ci ca s\u0103 v\u0103 \u00eemp\u0103rt\u0103\u015fim CUNOA\u015eTEREA!<br \/>\n\u015ei noi am fost tineri \u015fi am gre\u015fit, dar am avut Onestitatea Intelectual\u0103 de a ne recunoa\u015fte GRE\u015eELILE, \u00een urma <\/span><\/span><\/span><span style=\"color: #1d2129;\"><span style=\"font-family: Helvetica, Arial, sans-serif;\"><span style=\"font-size: small;\">PROPRIILOR EXPERIEN\u0162E \u015fi a <\/span><\/span><\/span><span style=\"color: #1d2129;\"><span style=\"font-family: Helvetica, Arial, sans-serif;\"><span style=\"font-size: small;\">INFORM\u0102RII PERMANENTE d<\/span><\/span><\/span><span style=\"color: #1d2129;\"><span style=\"font-family: Helvetica, Arial, sans-serif;\"><span style=\"font-size: small;\">in<\/span><\/span><\/span><span style=\"color: #1d2129;\"><span style=\"font-family: Helvetica, Arial, sans-serif;\"><span style=\"font-size: small;\"> \u201eSurse <\/span><\/span><\/span><span style=\"color: #1d2129;\"><span style=\"font-family: Helvetica, Arial, sans-serif;\"><span style=\"font-size: small;\">Alternative Sistemului\u201d. <\/span><\/span><\/span><span style=\"color: #1d2129;\"><span style=\"font-family: Helvetica, Arial, sans-serif;\"><span style=\"font-size: small;\">Nu ne-am mul\u0163umit cu ce \u201eni s-a dat\u201d, ci am C\u0102UTAT \u015fi altceva!<\/span><\/span><\/span><span style=\"color: #1d2129;\"><span style=\"font-family: Helvetica, Arial, sans-serif;\"><span style=\"font-size: small;\"><br \/>\nDepinde de voi dac\u0103 ve\u0163i constitui o MAS\u0102 CRITIC\u0102 REVOLU\u0162IONAR\u0102, sau CARNE DE TUN!<\/p>\n<p>\u201eCelor care simt c\u0103 ceva este profund \u00een neregul\u0103\u00a0<\/span><\/span><\/span><span style=\"color: #1d2129;\"><span style=\"font-family: Helvetica, Arial, sans-serif;\"><span style=\"font-size: small;\">cu lumea;<\/span><\/span><\/span><\/p>\n<p><span style=\"color: #1d2129;\"><span style=\"font-family: Helvetica, Arial, sans-serif;\"><span style=\"font-size: small;\">Celor care \u201ecaut\u0103 ceva\u201d f\u0103r\u0103 s\u0103 \u015ftie ce caut\u0103 \u015fi\u00a0<\/span><\/span><\/span><span style=\"color: #1d2129;\"><span style=\"font-family: Helvetica, Arial, sans-serif;\"><span style=\"font-size: small;\">f\u0103r\u0103 s\u0103 \u015ftie unde s\u0103 caute;<\/span><\/span><\/span><\/p>\n<p><span style=\"color: #1d2129;\"><span style=\"font-family: Helvetica, Arial, sans-serif;\"><span style=\"font-size: small;\">Celor care percep c\u0103 omenirea a r\u0103mas f\u0103r\u0103\u00a0<\/span><\/span><\/span><span style=\"color: #1d2129;\"><span style=\"font-family: Helvetica, Arial, sans-serif;\"><span style=\"font-size: small;\">busol\u0103 \u015fi a pierdut drumul;<\/span><\/span><\/span><\/p>\n<p><span style=\"color: #1d2129;\"><span style=\"font-family: Helvetica, Arial, sans-serif;\"><span style=\"font-size: small;\">Celor c\u0103rora talentul le permite s\u0103 \u00een\u0163eleag\u0103;<\/span><\/span><\/span><\/p>\n<p><span style=\"color: #1d2129;\"><span style=\"font-family: Helvetica, Arial, sans-serif;\"><span style=\"font-size: small;\">Celor c\u0103rora voin\u0163a le poate sus\u0163ine efortul;<\/span><\/span><\/span><\/p>\n<p><span style=\"color: #1d2129;\"><span style=\"font-family: Helvetica, Arial, sans-serif;\"><span style=\"font-size: small;\">MI\u015eCAREA DACIA le poate ar\u0103ta calea.\u201d<\/p>\n<p>https:\/\/www.academia.edu\/29966650\/%CE%A9_NOUA_LUME.pdf<\/span><\/span><\/span><\/p>\n","protected":false},"excerpt":{"rendered":"<p>Aceast\u0103 pozi\u0163ie este dictat\u0103 de PRINCIPIILE expuse pe larg \u00een Manifestul \u201e\u03a9 NOU\u0102 LUME \u2013 OPORTUNIT\u0102\u021aI EGALE PENTRU TO\u021aI COPIII\u201d. Singurul aspect pozitiv al manifesta\u0163iilor este c\u0103 avem de-a face cu o TREZIRE, dar \u00een viziunea noastr\u0103 e necesar\u0103 o DE\u015eTEPTARE, dup\u0103 cum spune \u015fi Imnul. Cei din Pia\u0163\u0103 au priceput c\u0103 sunt o FOR\u0162\u0102 [&hellip;]<\/p>\n","protected":false},"author":2,"featured_media":0,"comment_status":"open","ping_status":"open","sticky":false,"template":"","format":"standard","meta":{"footnotes":""},"categories":[1],"tags":[585,1596,1336,1649,295,1380,457,38],"jetpack_featured_media_url":"","_links":{"self":[{"href":"http:\/\/bassdu.mine.bz\/index.php?rest_route=\/wp\/v2\/posts\/4050"}],"collection":[{"href":"http:\/\/bassdu.mine.bz\/index.php?rest_route=\/wp\/v2\/posts"}],"about":[{"href":"http:\/\/bassdu.mine.bz\/index.php?rest_route=\/wp\/v2\/types\/post"}],"author":[{"embeddable":true,"href":"http:\/\/bassdu.mine.bz\/index.php?rest_route=\/wp\/v2\/users\/2"}],"replies":[{"embeddable":true,"href":"http:\/\/bassdu.mine.bz\/index.php?rest_route=%2Fwp%2Fv2%2Fcomments&post=4050"}],"version-history":[{"count":1,"href":"http:\/\/bassdu.mine.bz\/index.php?rest_route=\/wp\/v2\/posts\/4050\/revisions"}],"predecessor-version":[{"id":4051,"href":"http:\/\/bassdu.mine.bz\/index.php?rest_route=\/wp\/v2\/posts\/4050\/revisions\/4051"}],"wp:attachment":[{"href":"http:\/\/bassdu.mine.bz\/index.php?rest_route=%2Fwp%2Fv2%2Fmedia&parent=4050"}],"wp:term":[{"taxonomy":"category","embeddable":true,"href":"http:\/\/bassdu.mine.bz\/index.php?rest_route=%2Fwp%2Fv2%2Fcategories&post=4050"},{"taxonomy":"post_tag","embeddable":true,"href":"http:\/\/bassdu.mine.bz\/index.php?rest_route=%2Fwp%2Fv2%2Ftags&post=4050"}],"curies":[{"name":"wp","href":"https:\/\/api.w.org\/{rel}","templated":true}]}}