{"id":4059,"date":"2017-02-20T22:38:42","date_gmt":"2017-02-20T21:38:42","guid":{"rendered":"http:\/\/bassdu.mine.bz\/?p=4059"},"modified":"2017-02-20T22:38:42","modified_gmt":"2017-02-20T21:38:42","slug":"despre-multiculturalism","status":"publish","type":"post","link":"http:\/\/bassdu.mine.bz\/?p=4059","title":{"rendered":"Despre MULTICULTURALISM"},"content":{"rendered":"<p><em><\/em><\/p>\n<p>&nbsp;<\/p>\n<p>Lansarea Manifestului Mi\u015fc\u0103rii Dacia \u201e\u03a9 NOU\u0102 LUME \u2013 OPORTUNIT\u0102\u021aI EGALE PENTRU TO\u021aI COPIII\u201d de la Ploie\u015fti \u00een luna noiembrie a anului trecut, a fost precedat\u0103 de o popularizare strict la grupul Facebook \u201eMi\u015fcarea Virtual\u0103 Dacia\u201d, cu numai o zi \u00eenainte de eveniment.<br \/>\nCu ocazia Lans\u0103rii, tuturor celor prezen\u0163i li s-a oferit gratis c\u00e2te un exemplar.<br \/>\nDup\u0103 prezentarea de c\u0103tre cei trei autori, ace\u015ftia au r\u0103spuns la \u00eentreb\u0103rile celor prezen\u0163i.<br \/>\nNu mic\u0103 ne-a fost suprinderea c\u00e2nd dou\u0103 ONG-iste prezente \u00een sala Palatului Culturii (astfel s-au prezentat), ne-au acuzat pentru pozi\u0163ia mi\u015fc\u0103rii apropos de RESPINGEREA MULTICULTURALISMULUI!?<br \/>\nBine\u00een\u0163eles c\u0103 ne-am argumentat pozi\u0163ia prin prisma PRINCIPIILOR noastre \u015fi ne-am permis \u00een final s\u0103 le \u00eentreb\u0103m CINE LE PL\u0102TE\u015eTE. Nu am \u00eentrebat CINE le-a trimis, deoarece ar fi fost inutil, \u015ftiind noi CINE E P\u0102PU\u015eARUL. Nu am primit un r\u0103spuns, acestea prefer\u00e2nd s\u0103 p\u0103r\u0103seasc\u0103 sala, amenin\u0163\u00e2ndu-ne cu \u00eenfierarea \u00een \u201ejurnale\u201d. Men\u0163ionez c\u0103 nu am avut \u015ftiri despre a\u015fa ceva, poate pentru c\u0103 ne-am manifestat inten\u0163ia de a solicita inclusiv \u00een justi\u0163ie DREPTUL LA REPLIC\u0102, fiind noi o organiza\u0163ie a c\u0103rei imagine ar putea fi \u00eentinat\u0103!? Probabil c\u0103 au fost sf\u0103tuite s\u0103 IGNORE conform uneia dintre metodele de MANIPULARE a opiniei publice de c\u0103tre SISTEM.<br \/>\nIat\u0103 un ARGUMENT foarte important \u00een favoarea pozi\u0163iei Mi\u015fc\u0103rii Dacia \u015fi anume: BIODIVERSITATEA<br \/>\nCei informa\u0163i, \u015ftiu despre existen\u0163a lui Richard von Coudenhove-Kalergi, ideatorul actualei UNIUNI EUROPENE \u015fi promotor al MULTICULTURALISMULUI ca mijloc de ob\u0163inere a rasei eurasiano-negroide:<\/p>\n<p><span style=\"color: #000080;\"><em>\u201eIn his book Praktischer Idealismus (Practical Idealism), written in 1925, he describes the future of Jews in Europe and of european racial composition with the following words:[45]<\/em><\/span><br \/>\n<span style=\"color: #000080;\"><em>The man of the future will be of mixed race. Today&#8217;s races and classes will gradually disappear owing to the vanishing of space, time, and prejudice. The Eurasian-Negroid race of the future, similar in its appearance to the Ancient Egyptians, will replace the diversity of peoples with a diversity of individuals.\u201d<\/em><\/span> Wikipedia<\/p>\n<p>Probabil c\u0103 nu e un secret pentru mul\u0163i, c\u0103 aceasta este o pozi\u0163ie sus\u0163inut\u0103 \u015fi de multe loji masonice!?<br \/>\nMI\u015eCAREA DACIA combate aceast\u0103 IDEE, \u00een principal pe motiv de CONSERVARE A BIODIVERSIT\u0102\u0162II. BIODIVERSITATEA FAUNEI \u015eI FLOREI dar \u015fi a SPECIEI UMANE este o garan\u0163ie a EVOLU\u0162IEI DIALECTICE.<br \/>\nCei informa\u0163i cunosc pericolele MONOCULTURILOR pentru AGRICULTUR\u0102 \u015fi mai cunosc de asemenea \u015fi multitudinea de specii de plante \u015fi animale ce dispar ZILNIC de pe suprafa\u0163a P\u0103m\u00e2ntului<br \/>\n(<a href=\"https:\/\/it.wikipedia.org\/wiki\/Categoria:Animali_estinti\">https:\/\/it.wikipedia.org\/wiki\/Categoria:Animali_estinti<\/a>, respectiv <a href=\"https:\/\/it.wikipedia.org\/wiki\/Categoria:Piante_estinte\">https:\/\/it.wikipedia.org\/wiki\/Categoria:Piante_estinte<\/a> ).<br \/>\nUnele dispar natural datorit\u0103 PROBLEMELOR DE ADAPTARE, iar altele datorit\u0103 INTERVEN\u0162IEI OMULUI.<br \/>\nImagina\u0163i-v\u0103 c\u0103 ar exista o singur\u0103 RAS\u0102 UMAN\u0102.<br \/>\nCine a citit \u201e\u03a9 NOU\u0102 LUME \u2013 OPORTUNIT\u0102\u021aI EGALE PENTRU TO\u021aI COPIII\u201d , a luat cuno\u015ftin\u0163\u0103 despre TRANSUMANISM \u015fi despre cele dou\u0103 c\u0103i distincte pe care poate p\u0103\u015fi Omenirea, deci nu o s\u0103 detaliez aici, ci o s\u0103 citez cu urm\u0103torul prilej.<br \/>\nPe scurt, \u00een cazul unei \u201emonorase\u201d, se pot materializa dou\u0103 EFECTE:<br \/>\n<span style=\"color: #800000;\">1. CINEVA ar putea s\u0103 dezvolte UN SINGUR VIRUS sau BACTERIE \u015fi s\u0103 ofere ANTIDOTUL numai CELOR ALE\u015eI.<\/span><br \/>\n<span style=\"color: #800000;\">2. NATURA \u00eens\u0103\u015fi ar putea face asta, duc\u00e2nd eventual la EXTINC\u0162IA SPECIEI.<\/span><br \/>\nIat\u0103 de ce BIODIVERSITATEA poate \u015fi trebuie s\u0103 fie salvat\u0103!<br \/>\nEste cunoscut\u0103 existen\u0163a unei B\u0102NCI DE SEMIN\u0162E la SVALBARD \u00een Norvegia.<br \/>\nCINE \u015fi DE CE crede\u0163i c\u0103 a ideat-o???<br \/>\nBIODIVERSITATEA UMAN\u0102 nu e \u00eent\u00e2mpl\u0103toare, fiind explicat\u0103 cu diferen\u0163ele \u00een interac\u0163iunea diverselor popula\u0163ii cu iradierea solar\u0103, latitudinea, relieful, radia\u0163ia cosmic\u0103 \u015fi terestr\u0103, clima, mineralele, solul, apa, aerul, temperatura ambientului, \u015famd.<br \/>\nParafraz\u00e2nd, nu e \u00eent\u00e2mpl\u0103tor c\u0103 brazii nu cresc la Ecuator, iar palmierii nu cresc \u00een regiunile sub-arctice!!!<br \/>\nDac\u0103 CINEVA are alt\u0103 IDEE, ori e IGNORANT, ori mai grav, are un SCOP!?<br \/>\nNumai cu aceast\u0103 ARGUMENTA\u0162IE (dar nu e singura) \u015fi putem s\u0103 ne prezent\u0103m \u00een fa\u0163a oric\u0103ror \u201eopozan\u0163i\u201d!!!<br \/>\nNu e vorba deci despre RASISM sau altceva, ci despre RA\u0162IUNE!<br \/>\nDin p\u0103cate, tr\u0103im vremuri tulburi c\u00e2nd IGNORAN\u0162I sau R\u0102U-INTEN\u0162IONA\u0162I promoveaz\u0103 MULTICULTURALISMUL!?<br \/>\nCa fapt divers, fiul meu nu a fost acceptat la \u015fcoal\u0103 \u00een Italia \u00een 1990 f\u0103r\u0103 CERTIFICATUL VACCIN\u0102RILOR din Rom\u00e2nia&#8230; azi p\u0103trund \u00een Europa f\u0103r\u0103 niciun control sanitar MII DE STR\u0102INI PE ZI!?!?<br \/>\nCUI PRODEST???<\/p>\n","protected":false},"excerpt":{"rendered":"<p>&nbsp; Lansarea Manifestului Mi\u015fc\u0103rii Dacia \u201e\u03a9 NOU\u0102 LUME \u2013 OPORTUNIT\u0102\u021aI EGALE PENTRU TO\u021aI COPIII\u201d de la Ploie\u015fti \u00een luna noiembrie a anului trecut, a fost precedat\u0103 de o popularizare strict la grupul Facebook \u201eMi\u015fcarea Virtual\u0103 Dacia\u201d, cu numai o zi \u00eenainte de eveniment. Cu ocazia Lans\u0103rii, tuturor celor prezen\u0163i li s-a oferit gratis c\u00e2te un [&hellip;]<\/p>\n","protected":false},"author":2,"featured_media":0,"comment_status":"open","ping_status":"open","sticky":false,"template":"","format":"standard","meta":{"footnotes":""},"categories":[1593],"tags":[1657,1653,210,1654,1627,1656,295,404,1599,1591,1655],"jetpack_featured_media_url":"","_links":{"self":[{"href":"http:\/\/bassdu.mine.bz\/index.php?rest_route=\/wp\/v2\/posts\/4059"}],"collection":[{"href":"http:\/\/bassdu.mine.bz\/index.php?rest_route=\/wp\/v2\/posts"}],"about":[{"href":"http:\/\/bassdu.mine.bz\/index.php?rest_route=\/wp\/v2\/types\/post"}],"author":[{"embeddable":true,"href":"http:\/\/bassdu.mine.bz\/index.php?rest_route=\/wp\/v2\/users\/2"}],"replies":[{"embeddable":true,"href":"http:\/\/bassdu.mine.bz\/index.php?rest_route=%2Fwp%2Fv2%2Fcomments&post=4059"}],"version-history":[{"count":1,"href":"http:\/\/bassdu.mine.bz\/index.php?rest_route=\/wp\/v2\/posts\/4059\/revisions"}],"predecessor-version":[{"id":4060,"href":"http:\/\/bassdu.mine.bz\/index.php?rest_route=\/wp\/v2\/posts\/4059\/revisions\/4060"}],"wp:attachment":[{"href":"http:\/\/bassdu.mine.bz\/index.php?rest_route=%2Fwp%2Fv2%2Fmedia&parent=4059"}],"wp:term":[{"taxonomy":"category","embeddable":true,"href":"http:\/\/bassdu.mine.bz\/index.php?rest_route=%2Fwp%2Fv2%2Fcategories&post=4059"},{"taxonomy":"post_tag","embeddable":true,"href":"http:\/\/bassdu.mine.bz\/index.php?rest_route=%2Fwp%2Fv2%2Ftags&post=4059"}],"curies":[{"name":"wp","href":"https:\/\/api.w.org\/{rel}","templated":true}]}}