{"id":4101,"date":"2017-04-24T22:00:54","date_gmt":"2017-04-24T21:00:54","guid":{"rendered":"http:\/\/bassdu.mine.bz\/?p=4101"},"modified":"2017-05-07T12:40:25","modified_gmt":"2017-05-07T11:40:25","slug":"corabia-nebunilor","status":"publish","type":"post","link":"http:\/\/bassdu.mine.bz\/?p=4101","title":{"rendered":"CORABIA NEBUNILOR"},"content":{"rendered":"<p><a href=\"http:\/\/bassdu.mine.bz\/images\/2017\/04\/macron.jpeg\"><img loading=\"lazy\" decoding=\"async\" class=\"aligncenter size-full wp-image-4100\" src=\"http:\/\/bassdu.mine.bz\/images\/2017\/04\/macron.jpeg\" alt=\"macron\" width=\"640\" height=\"458\" srcset=\"http:\/\/bassdu.mine.bz\/images\/2017\/04\/macron.jpeg 640w, http:\/\/bassdu.mine.bz\/images\/2017\/04\/macron-300x215.jpeg 300w\" sizes=\"(max-width: 640px) 100vw, 640px\" \/><\/a><br \/>\nAm tot mai des impresia c\u0103 suntem pe CORABIA NEBUNILOR!<br \/>\nCredeam c\u0103 suntem \u0103i mai pro\u015fti din Europa, dar m\u0103 \u00een\u015felam; francezii, mai ales cei din marile ora\u015fe, ne bat de departe! Am avut \u015fi noi SORO\u015eI\u015eTII no\u015ftri: un CIOLANIS \u201eIndpendentus Tehnocratus\u201d, am avut \u015fi-un \/Nicu\u015for D\u0103nu\u0163\/B\u0103iat dr\u0103gu\u0163\/Chiar dac\u0103\u00a0pelticu\u0163\/, am avut \u015fi noi FrancoAfoana noastr\u0103, dar n-au trecut D\u00e2mbovi\u0163a precum Macrou prin Senna.<br \/>\nSe spune c\u0103 Macrou \u015fi-a cunoscut nevasta c\u00e2nd avea 15 ani, iar ea 41, ba mai era \u015fi c\u0103s\u0103torit\u0103 \u015fi cu trei puradei.<br \/>\nAr fi scris \u00eempreunat o pies\u0103 de Teatru (ce altceva?), ea r\u0103m\u00e2n\u00e2nd uluit\u0103 de Inteligen\u0163a MINORULUI&#8230; a\u015fa c\u0103 i-a dat-o.<br \/>\nCum p\u0103rin\u0163ii MINORULUI se opuneau RELA\u0162IEI (mi se pare normal), l-au mutat cu \u015fcoala, nu \u00eenainte ca Macrou s\u0103 declare plin de testosteron c\u0103 va termina studiile \u015fi apoi o va lua de nevast\u0103!? Precoce MINORUL, cu ideile clare \u015fi cu o mare pasiune pentru TEATRU, care-i va ajuta mult \u00een cariera POLITIC\u0102!?<br \/>\nDac\u0103 Macron avea 15 ani, iar \u201eprofesoara de Teatru\u201d avea 41, se poate vorbi de PEDOFILIE?<br \/>\nNicidecum, deoarece erau \u00a0\u00eentr-un LICEU IEZUIT, iar acolo sunt alte reguli dec\u00e2t pentru \u201emajoritatea democratic\u0103\u201d.<br \/>\nDac\u0103 nu au azi al\u0163i copii \u00een afar\u0103 de cei mo\u015fteni\u0163i (aproape de v\u00e2rsta\u00a0tat\u0103lui vitreg), e din cauz\u0103 c\u0103 \u201eea nu mai poate\u201d, sau c\u0103 \u201eel nu mai poate\u201d? Nu de alta, dar circul\u0103 zvonuri c\u0103 el ar avea ca \u201eprieten\u201d un jurnalist renumit, c\u0103 deh, d\u0103 bine cu breasla asta&#8230; cum a dat bine \u015fi cu LGBT, care i-a adus o gr\u0103mad\u0103 de voturi ca \u015fi\u00a0alte ONG-uri. Oricum, ar putea \u015fi ei s\u0103 \u00eenchirieze un uter, c\u0103 e la mod\u0103, sau s\u0103 adopte vreun bebe naufragiat, beneficiar al legii \u201eIus Soli\u201d. Asta e o lege potrivit c\u0103reia unul n\u0103scut \u00een Fran\u0163a ob\u0163ine IMEDIAT cet\u0103\u0163enia francez\u0103, indiferent de cea a p\u0103rin\u0163ilor&#8230; \u015fi sunt o gr\u0103mad\u0103 de gravide prin apele teritoriale ale Europei, de parc\u0103 toate africanele se hot\u0103r\u0103sc s\u0103 emigreze ilegal, imediat ce au fost \u00eens\u0103m\u00e2n\u0163ate!? Astfel\u00a0ar face o pl\u0103cere \u015fi VATICANULUI care ne tot ceart\u0103 c\u0103 nu suntem ospitali \u015fi c\u0103 ne \u00eenconjur\u0103m de ziduri, de parc\u0103 noi am avea AVEREA lor, iar ei nu ar avea ziduri groase de jur \u00eemprejur!?<br \/>\nDac\u0103 noi avem TEFELEII \u00een \u201eMicul Paris\u201d, observ\u0103m c\u0103 \u015fi \u00een \u201e\u0103la Mare\u201d sunt bine dota\u0163i, de dat\u0103 ce Le Pen s-a clasat a 5-a pe acolo cu numai 5% din sufragii, de\u015fi era \u00een frunte, distan\u0163at\u0103 cu 6% \u00een \u201eFran\u0163a Profund\u0103\u201d. Ai dracului PROVINCIALI!&#8230; te pomene\u015fti c\u0103 \u00eentr-o zi nu mai dau de m\u00e2ncare la or\u0103\u015feni, de ai dracului ce sunt!?\u00a0Io a\u015fa a\u015f face!<br \/>\nSerios vorbind, explica\u0163ia procentelor e simpl\u0103: \u00een ora\u015fe sunt ca \u015fi pe la noi ONG-urile soro\u015fiste, Guvernan\u0163ii, Birocra\u0163ii, Politicienii, Fotbali\u015ftii, Vedetele radio-tv, \u00cenalta Mod\u0103, Publicitatea, Organele Mediatice, Partidele \u015fi alte categorii de PRIVILEGIA\u0162I pe care-i doare \u00een cur de FRAN\u0162A PROFUND\u0102 \u015fi\u00a0care se pare c\u0103 au uitat de anul 1789, sau se hr\u0103nesc cu iluzia lui Fukuyama, cum c\u0103 am ajuns la Sf\u00e2r\u015fitul Istoriei dup\u0103 1989!?<br \/>\nSe vede c\u0103 atentatele teroriste care au afectat Parisul, au avut un efect contrar LOGICII!? Ciudat!?<br \/>\nIat\u0103 alte ciud\u0103\u0163enii:<br \/>\nDe\u015fi Macrou provine din Partidul Socialist al lui Hollande, care ar trebui \u00een teorie s\u0103 fie reprezentantul pulimii \u015fi pizdimii, iat\u0103 cum sunt preferin\u0163ele electorale ale fran\u0163ujilor \u00een func\u0163ie de VENIT:<br \/>\nPrintre cei cu sub 35 mii euro\/an, Marine Le Pen are un consens de 46%; sub 70 mii euro, preferin\u0163ele pentru FN ajung la 44%; sub 90mii 38%; sub 100mii 36%; de la 140 mii \u00een sus, e domeniul exclusiv al lui Macrou \u015fi Fillon. Se observ\u0103 imediat cum consensul doamnei Le Pen scade pe m\u0103sur\u0103 ce cre\u015fte VENITUL ANUAL!? S-a \u00eentors dracului lumea pe dos! Nu e ciudat c\u0103 un partid \u201ede st\u00e2nga\u201d din care a \u201eevadat\u201d Macrou cu SORO\u015eISTA\u00a0\u015ftampil\u0103\u00a0de \u201eindependent\u201d, s\u0103 fie sprijinit de ceea ce numeam p\u00e2n\u0103 nu demult DREAPTA??? Nu v\u0103 e clar c\u0103 a fost o strategie de-a lui HOLLANDE de a supravie\u0163ui politic dup\u0103 \u201emoartea din Urne\u201d, prin crearea unei \u201ealte M\u0103rii cu aceea\u015fi p\u0103l\u0103rie\u201d?<br \/>\nPutem conclude apropos de \u201eteoria st\u00e2ngist\u0103\u201d, cu celebra zic\u0103toare: \u201eTeoria ca Teoria, dar Practica te omoar\u0103!\u201d<br \/>\nP\u0103i cum s\u0103 nu te omoare, c\u00e2nd din \u201est\u00e2nga\u201d MACROU \u00a0ajunge SLUJITOR pe la FERENGII din clanul ROTHSCHILD \u015fi de acolo \u201evia Hollande\u201d direct&#8230;\u00a0PRE\u015eEDINTE AL FRAN\u0162EI???<br \/>\nBine c\u0103 nu sunt francez, c\u0103 de\u015fi sunt de ST\u00c2NGA (vorba vine, c\u0103 sunt \u201ede deasupra\u201d), a\u015f vota LE PEN!<br \/>\nP\u00e2n\u0103\u00a0\u015fi comuni\u015ftii lui MELENCHON, tot asta cred or s\u0103 fac\u0103.<br \/>\nP\u0103i cum s\u0103 n-o faci, c\u00e2nd este singura care pledeaz\u0103 \u00eempotriva PUTERII FINANCIARE GLOBALIZATOARE, \u00eempotriva\u00a0MARIONETELOR de la Bruxelles aflate \u00een slujba P\u0102PU\u015eARILOR FERENGI\u00a0, \u00eempotriva agresivit\u0103\u0163ii NATO, \u00eempotriva monedei Euro ce a favorizat exclusiv Germania, \u00eempotriva ISLAMIZ\u0102RII EUROPEI, pentru SUVERANITATE NA\u0162IONAL\u0102 \u015fi \u00eempotriva ONG-urilor ce sunt adev\u0103rate TAXIURI PENTRU IMIGRA\u0162II ILEGALI, pl\u0103tite de ni\u015fte europeni din ce \u00een ce mai v\u0103duvi\u0163i de DREPTURILE FUNDAMENTALE cucerite de-a lungul anilor!? Desigur c\u0103 nimeni nu e perfect, inclusiv d-na Le Pen, dar oricum este un \u201eR\u0103u Minor\u201d pentru Europa.<br \/>\nUn lucru e sigur: revolu\u0163ionarii de la 1789 sunt azi pe post de elicii prin morminte!!!<\/p>\n<p>P.S. O important\u0103 sus\u0163inere a acestui articol se reg\u0103se\u015fte \u00een PSIHANALIZA unui renumit PSIHIATRU:<\/p>\n<div class=\"\" data-block=\"true\" data-editor=\"139ff\" data-offset-key=\"9v2vq-0-0\"><\/div>\n<p>&nbsp;<\/p>\n<p><a href=\"https:\/\/youtu.be\/_4qxmfse5EI\">https:\/\/youtu.be\/_4qxmfse5EI<\/a><\/p>\n<div class=\"\" data-block=\"true\" data-editor=\"139ff\" data-offset-key=\"3ast9-0-0\"><\/div>\n","protected":false},"excerpt":{"rendered":"<p>Am tot mai des impresia c\u0103 suntem pe CORABIA NEBUNILOR! Credeam c\u0103 suntem \u0103i mai pro\u015fti din Europa, dar m\u0103 \u00een\u015felam; francezii, mai ales cei din marile ora\u015fe, ne bat de departe! Am avut \u015fi noi SORO\u015eI\u015eTII no\u015ftri: un CIOLANIS \u201eIndpendentus Tehnocratus\u201d, am avut \u015fi-un \/Nicu\u015for D\u0103nu\u0163\/B\u0103iat dr\u0103gu\u0163\/Chiar dac\u0103\u00a0pelticu\u0163\/, am avut \u015fi noi FrancoAfoana noastr\u0103, [&hellip;]<\/p>\n","protected":false},"author":2,"featured_media":0,"comment_status":"open","ping_status":"open","sticky":false,"template":"","format":"standard","meta":{"footnotes":""},"categories":[3],"tags":[1684,400,1688,1685,1683,1686,1656,1687,1631,598],"jetpack_featured_media_url":"","_links":{"self":[{"href":"http:\/\/bassdu.mine.bz\/index.php?rest_route=\/wp\/v2\/posts\/4101"}],"collection":[{"href":"http:\/\/bassdu.mine.bz\/index.php?rest_route=\/wp\/v2\/posts"}],"about":[{"href":"http:\/\/bassdu.mine.bz\/index.php?rest_route=\/wp\/v2\/types\/post"}],"author":[{"embeddable":true,"href":"http:\/\/bassdu.mine.bz\/index.php?rest_route=\/wp\/v2\/users\/2"}],"replies":[{"embeddable":true,"href":"http:\/\/bassdu.mine.bz\/index.php?rest_route=%2Fwp%2Fv2%2Fcomments&post=4101"}],"version-history":[{"count":5,"href":"http:\/\/bassdu.mine.bz\/index.php?rest_route=\/wp\/v2\/posts\/4101\/revisions"}],"predecessor-version":[{"id":4106,"href":"http:\/\/bassdu.mine.bz\/index.php?rest_route=\/wp\/v2\/posts\/4101\/revisions\/4106"}],"wp:attachment":[{"href":"http:\/\/bassdu.mine.bz\/index.php?rest_route=%2Fwp%2Fv2%2Fmedia&parent=4101"}],"wp:term":[{"taxonomy":"category","embeddable":true,"href":"http:\/\/bassdu.mine.bz\/index.php?rest_route=%2Fwp%2Fv2%2Fcategories&post=4101"},{"taxonomy":"post_tag","embeddable":true,"href":"http:\/\/bassdu.mine.bz\/index.php?rest_route=%2Fwp%2Fv2%2Ftags&post=4101"}],"curies":[{"name":"wp","href":"https:\/\/api.w.org\/{rel}","templated":true}]}}