{"id":4130,"date":"2017-10-20T11:46:59","date_gmt":"2017-10-20T10:46:59","guid":{"rendered":"http:\/\/bassdu.mine.bz\/?p=4130"},"modified":"2017-10-20T11:56:16","modified_gmt":"2017-10-20T10:56:16","slug":"revitalizarea-blogului","status":"publish","type":"post","link":"http:\/\/bassdu.mine.bz\/?p=4130","title":{"rendered":"\u201eRevitalizarea\u201d Blogului"},"content":{"rendered":"<p><a href=\"http:\/\/bassdu.mine.bz\/images\/2017\/10\/sigla-md.jpg\"><img loading=\"lazy\" decoding=\"async\" class=\"aligncenter wp-image-4135 size-medium\" src=\"http:\/\/bassdu.mine.bz\/images\/2017\/10\/sigla-md-300x300.jpg\" alt=\"\" width=\"300\" height=\"300\" srcset=\"http:\/\/bassdu.mine.bz\/images\/2017\/10\/sigla-md-300x300.jpg 300w, http:\/\/bassdu.mine.bz\/images\/2017\/10\/sigla-md-150x150.jpg 150w, http:\/\/bassdu.mine.bz\/images\/2017\/10\/sigla-md-768x768.jpg 768w, http:\/\/bassdu.mine.bz\/images\/2017\/10\/sigla-md-144x144.jpg 144w, http:\/\/bassdu.mine.bz\/images\/2017\/10\/sigla-md.jpg 960w\" sizes=\"(max-width: 300px) 100vw, 300px\" \/><\/a><\/p>\n<p>\u00cen urm\u0103 cu un an, dup\u0103 apari\u0163ia primei C\u0103r\u0163i-Manifest a Mi\u015fc\u0103rii Dacia \u201e<span style=\"color: #1d2129;\"><span style=\"font-family: Helvetica, Arial, sans-serif;\"><span style=\"font-size: medium;\">\u03a9 NOU\u0102 LUME \u2013 OPORTUNIT\u0102\u021aI EGALE PENTRU TO\u021aI COPIII<\/span><\/span><\/span><span style=\"color: #1d2129;\"><span style=\"font-family: Helvetica, Arial, sans-serif;\"><span style=\"font-size: medium;\">\u201d<\/span><\/span><\/span><span style=\"color: #1d2129;\"><span style=\"font-family: Helvetica, Arial, sans-serif;\"><span style=\"font-size: medium;\">, <\/span><\/span><\/span><span style=\"font-size: medium;\">anun\u0163asem reactivarea blogului personal. \u00centre timp, Sfatul Mi\u015fc\u0103rii Dacia a decis s\u0103 scrie o a doua carte \u201eRepublica Ob\u015fteasc\u0103 Dacia (R.O.D.) &#8211; Ghid de Meritocra\u0163ie Iluminist\u0103 Practic\u0103<\/span><span style=\"font-size: medium;\">\u201d cuprinz\u00e2nd dezvolt\u0103ri PRACTICE la PRINCIPIILE expuse \u00een prima: un adev\u0103rat PROGRAM DE GUVERNARE. <\/span><span style=\"font-size: medium;\">A\u015fa se face c\u0103 sunt \u201e\u00een \u00eent\u00e2rziere\u201d.<\/span><span style=\"font-size: medium;\"><br \/>\nCu aceast<\/span><span style=\"font-size: medium;\">\u0103 a doua carte<\/span><span style=\"font-size: medium;\">, consider\u0103m c\u0103 am pus toate \u201epietrele de fundament\u201d pentru O Nou\u0103 Lume baza<\/span><span style=\"font-size: medium;\">t\u0103 pe o <\/span><span style=\"font-size: medium;\">No<\/span><span style=\"font-size: medium;\">u\u0103<\/span><span style=\"font-size: medium;\"> Paradigm<\/span><span style=\"font-size: medium;\">\u0103<\/span><span style=\"font-size: medium;\"> Socio-Economic<\/span><span style=\"font-size: medium;\">\u0103<\/span><span style=\"font-size: medium;\">.<br \/>\nDe acum, actualii \u201esfetnici\u201d ai mi\u015fc\u0103rii \u015fi cei care li se vor al\u0103tura pe parcurs, vor purcede la detalieri ale ILUMINISMULUI \u015fi la ANALIZE ale conjuncturilor interne \u015fi interna\u0163ionale, prin prisma MERITOCRA\u0162IEI ILUMINISTE.<br \/>\nVom dezv\u0103lui treptat \u015fi dup\u0103 \u201eputerile\u201d noastre c\u00e2t mai mult din <\/span><span style=\"font-size: medium;\">Cunoa\u015fterea noastr\u0103.<br \/>\nNu v\u0103 cerem s\u0103 Crede\u0163i ce spunem noi, ci s\u0103 C\u0103uta\u0163i voi \u00een\u015fiv\u0103 \u015fi s\u0103 v\u0103 forma\u0163i Propriile Idei.<br \/>\nNoi nu facem altceva dec\u00e2t s\u0103 v\u0103 d\u0103m o m\u00e2n\u0103 de ajutor.<br \/>\n<\/span><span style=\"font-size: medium;\">Multe din post\u0103rile de pe acest blog \u015fi din cele ale prietenilor no\u015ftri ilumini\u015fti din \u0163ar\u0103 \u015fi din afara ei, vor fi cuprinse cu toat\u0103 probabilitatea \u00een alte c\u0103r\u0163i dedicate MERITOCRA\u0162IEI ILUMINISTE.<br \/>\nN.B. Nu avem absolut nimic \u00een comun cu al\u0163i \u201emeritocra\u0163i\u201d care-l au pe Ben <\/span><span style=\"font-size: medium;\">Shalom <\/span><span style=\"font-size: medium;\">Bernanke (Federeal Reserve <\/span><span style=\"font-size: medium;\">USA<\/span><span style=\"font-size: medium;\">) pe prima pagin\u0103!!! Pentru ei AVEREA e un Merit, pe c\u00e2nd pentru Mi\u015fcarea Dacia, NU!<\/span><\/p>\n","protected":false},"excerpt":{"rendered":"<p>\u00cen urm\u0103 cu un an, dup\u0103 apari\u0163ia primei C\u0103r\u0163i-Manifest a Mi\u015fc\u0103rii Dacia \u201e\u03a9 NOU\u0102 LUME \u2013 OPORTUNIT\u0102\u021aI EGALE PENTRU TO\u021aI COPIII\u201d, anun\u0163asem reactivarea blogului personal. \u00centre timp, Sfatul Mi\u015fc\u0103rii Dacia a decis s\u0103 scrie o a doua carte \u201eRepublica Ob\u015fteasc\u0103 Dacia (R.O.D.) &#8211; Ghid de Meritocra\u0163ie Iluminist\u0103 Practic\u0103\u201d cuprinz\u00e2nd dezvolt\u0103ri PRACTICE la PRINCIPIILE expuse \u00een [&hellip;]<\/p>\n","protected":false},"author":2,"featured_media":0,"comment_status":"open","ping_status":"open","sticky":false,"template":"","format":"standard","meta":{"footnotes":""},"categories":[1593],"tags":[1700,1655],"jetpack_featured_media_url":"","_links":{"self":[{"href":"http:\/\/bassdu.mine.bz\/index.php?rest_route=\/wp\/v2\/posts\/4130"}],"collection":[{"href":"http:\/\/bassdu.mine.bz\/index.php?rest_route=\/wp\/v2\/posts"}],"about":[{"href":"http:\/\/bassdu.mine.bz\/index.php?rest_route=\/wp\/v2\/types\/post"}],"author":[{"embeddable":true,"href":"http:\/\/bassdu.mine.bz\/index.php?rest_route=\/wp\/v2\/users\/2"}],"replies":[{"embeddable":true,"href":"http:\/\/bassdu.mine.bz\/index.php?rest_route=%2Fwp%2Fv2%2Fcomments&post=4130"}],"version-history":[{"count":5,"href":"http:\/\/bassdu.mine.bz\/index.php?rest_route=\/wp\/v2\/posts\/4130\/revisions"}],"predecessor-version":[{"id":4136,"href":"http:\/\/bassdu.mine.bz\/index.php?rest_route=\/wp\/v2\/posts\/4130\/revisions\/4136"}],"wp:attachment":[{"href":"http:\/\/bassdu.mine.bz\/index.php?rest_route=%2Fwp%2Fv2%2Fmedia&parent=4130"}],"wp:term":[{"taxonomy":"category","embeddable":true,"href":"http:\/\/bassdu.mine.bz\/index.php?rest_route=%2Fwp%2Fv2%2Fcategories&post=4130"},{"taxonomy":"post_tag","embeddable":true,"href":"http:\/\/bassdu.mine.bz\/index.php?rest_route=%2Fwp%2Fv2%2Ftags&post=4130"}],"curies":[{"name":"wp","href":"https:\/\/api.w.org\/{rel}","templated":true}]}}