{"id":4493,"date":"2017-12-26T23:36:56","date_gmt":"2017-12-26T22:36:56","guid":{"rendered":"http:\/\/bassdu.mine.bz\/?p=4493"},"modified":"2017-12-26T23:40:46","modified_gmt":"2017-12-26T22:40:46","slug":"dare-de-seama-anuala","status":"publish","type":"post","link":"http:\/\/bassdu.mine.bz\/?p=4493","title":{"rendered":"Dare de Seam\u0103 Anual\u0103"},"content":{"rendered":"<p><a href=\"http:\/\/bassdu.mine.bz\/images\/2017\/12\/IMG_20170730_105813.jpg\"><img loading=\"lazy\" decoding=\"async\" class=\"aligncenter wp-image-4494\" src=\"http:\/\/bassdu.mine.bz\/images\/2017\/12\/IMG_20170730_105813.jpg\" alt=\"\" width=\"460\" height=\"345\" srcset=\"http:\/\/bassdu.mine.bz\/images\/2017\/12\/IMG_20170730_105813.jpg 4608w, http:\/\/bassdu.mine.bz\/images\/2017\/12\/IMG_20170730_105813-300x225.jpg 300w, http:\/\/bassdu.mine.bz\/images\/2017\/12\/IMG_20170730_105813-768x576.jpg 768w, http:\/\/bassdu.mine.bz\/images\/2017\/12\/IMG_20170730_105813-1024x768.jpg 1024w\" sizes=\"(max-width: 460px) 100vw, 460px\" \/><\/a><br \/>\nMI\u015eCAREA DACIA a intrat \u00een al 9-lea an de existen\u0163\u0103.<br \/>\nSunt pu\u0163ini aceia care ne-au urm\u0103rit, ne-au fost al\u0103turi \u015fi au \u201erezistat\u201d Timpului \u015fi\u00a0<span class=\"text_exposed_show\">Volumului foarte mare de Informa\u0163ii pe care le-am furnizat, dar pentru noi nu CANTITATEA conteaz\u0103, ci CALITATEA.<br \/>\n\u00cen 2017 am realizat Videoconferin\u0163e s\u0103pt\u0103m\u00e2nale, s-a publicat intens pe paginile noastre \u015fi la grupul fb, a avut loc \u00cent\u00e2lnirea Anual\u0103 \u015fi s-a publicat cea de-a doua carte a Mi\u015fc\u0103rii Dacia \u201eRepublica Ob\u015fteasc\u0103 Dacia (R.O.D.) &#8211; Ghid de Meritocra\u0163ie Iluminist\u0103 Practic\u0103\u201d.<br \/>\nAceasta, ca \u015fi prima carte \u201e\u03a9 Nou\u0103 Lume &#8211; Oportunit\u0103\u021bi Egale Pentru To\u021bi Copiii\u201d, a fost tip\u0103rit\u0103 f\u0103r\u0103 sponsori din afara mi\u015fc\u0103rii \u015fi a fost distribuit\u0103 gratuit at\u00e2t \u201epe h\u00e2rtie\u201d, c\u00e2t \u015fi online.<br \/>\n\u00cen prezent, lucr\u0103m la cea de-a treia.<\/p>\n<p><a href=\"http:\/\/bassdu.mine.bz\/images\/2017\/12\/24650671_1753289358079609_2069877977_o.jpg\"><img loading=\"lazy\" decoding=\"async\" class=\"aligncenter wp-image-4495\" src=\"http:\/\/bassdu.mine.bz\/images\/2017\/12\/24650671_1753289358079609_2069877977_o.jpg\" alt=\"\" width=\"489\" height=\"673\" srcset=\"http:\/\/bassdu.mine.bz\/images\/2017\/12\/24650671_1753289358079609_2069877977_o.jpg 1489w, http:\/\/bassdu.mine.bz\/images\/2017\/12\/24650671_1753289358079609_2069877977_o-218x300.jpg 218w, http:\/\/bassdu.mine.bz\/images\/2017\/12\/24650671_1753289358079609_2069877977_o-768x1056.jpg 768w, http:\/\/bassdu.mine.bz\/images\/2017\/12\/24650671_1753289358079609_2069877977_o-745x1024.jpg 745w\" sizes=\"(max-width: 489px) 100vw, 489px\" \/><\/a><\/p>\n<p>Cei care au \u201erezistat\u201d \u00een preajma noastr\u0103, suntem siguri c\u0103 au f\u0103cut un mare pas spre Iluminare, iar noi promitem s\u0103 men\u0163inem acest ritm \u015fi \u00een continuare, deoarece \u015eTIM c\u0103 Omenirea e \u00een grav pericol de Extinc\u0163ie, dac\u0103 nu se va produce O Mare Schimbare de Paradigm\u0103 Socio-Economic\u0103.<br \/>\nARGUMENTELE noastre nu sunt Emotive, Senzoriale, sau Mitice, ci sunt Ra\u0163ionale \u015fi Logice, iar cine cite\u015fte \u015fi \u00een\u0163elege ce scriem noi, poate confirma.<br \/>\nLa nivel global s-au pus \u00een mi\u015fcare Mecanisme \u015fi For\u0163e ale Iluminismului care au dat na\u015ftere celui de AL DOILEA VAL AL ILUMINISMULUI&#8230; \u015eI ULTIMUL.<br \/>\nMi\u015fcarea Dacia este participant\u0103 activ\u0103.<br \/>\nAcesta se va transforma \u00eentr-un TSUNAMI \u015fi depinde de voi dac\u0103 Daco-Rom\u00e2nia va face Surfing pe el, sau va fi \u00cenghi\u0163it\u0103.<br \/>\nOmenirea \u00een general, are dou\u0103 alternative: HIPERUMANITATEA sau EXTINC\u0162IA.<br \/>\nMi\u015fcarea Dacia militeaz\u0103 pentru HIPERUMANITATE \u015fi poate \u00eendruma pe aceast\u0103 Cale, av\u00e2nd Sprijinul Celor Mai Luminate Min\u0163i Ale Omenirii.<br \/>\nDeocamdat\u0103 Omenirea nu pare s\u0103 perceap\u0103 Pericolul, motiv pentru care e foarte probabil un&#8230; ARMAGEDDON.<br \/>\nCu speran\u0163a c\u0103 tot mai mul\u0163i vor avea parte de ILUMINARE \u00een Noul Ciclu Solar, v\u0103 ur\u0103m<br \/>\nVIA\u0162\u0102 VE\u015eNIC\u0102!<br \/>\n<a href=\"http:\/\/bassdu.mine.bz\/images\/2017\/12\/26104622_1912950878954412_529725987_o.jpg\"><img loading=\"lazy\" decoding=\"async\" class=\"aligncenter wp-image-4496\" src=\"http:\/\/bassdu.mine.bz\/images\/2017\/12\/26104622_1912950878954412_529725987_o.jpg\" alt=\"\" width=\"600\" height=\"450\" srcset=\"http:\/\/bassdu.mine.bz\/images\/2017\/12\/26104622_1912950878954412_529725987_o.jpg 1024w, http:\/\/bassdu.mine.bz\/images\/2017\/12\/26104622_1912950878954412_529725987_o-300x225.jpg 300w, http:\/\/bassdu.mine.bz\/images\/2017\/12\/26104622_1912950878954412_529725987_o-768x576.jpg 768w\" sizes=\"(max-width: 600px) 100vw, 600px\" \/><\/a><\/span><\/p>\n<p>&nbsp;<\/p>\n","protected":false},"excerpt":{"rendered":"<p>MI\u015eCAREA DACIA a intrat \u00een al 9-lea an de existen\u0163\u0103. Sunt pu\u0163ini aceia care ne-au urm\u0103rit, ne-au fost al\u0103turi \u015fi au \u201erezistat\u201d Timpului \u015fi\u00a0Volumului foarte mare de Informa\u0163ii pe care le-am furnizat, dar pentru noi nu CANTITATEA conteaz\u0103, ci CALITATEA. \u00cen 2017 am realizat Videoconferin\u0163e s\u0103pt\u0103m\u00e2nale, s-a publicat intens pe paginile noastre \u015fi la grupul [&hellip;]<\/p>\n","protected":false},"author":2,"featured_media":0,"comment_status":"open","ping_status":"open","sticky":false,"template":"","format":"standard","meta":{"footnotes":""},"categories":[1593],"tags":[210],"jetpack_featured_media_url":"","_links":{"self":[{"href":"http:\/\/bassdu.mine.bz\/index.php?rest_route=\/wp\/v2\/posts\/4493"}],"collection":[{"href":"http:\/\/bassdu.mine.bz\/index.php?rest_route=\/wp\/v2\/posts"}],"about":[{"href":"http:\/\/bassdu.mine.bz\/index.php?rest_route=\/wp\/v2\/types\/post"}],"author":[{"embeddable":true,"href":"http:\/\/bassdu.mine.bz\/index.php?rest_route=\/wp\/v2\/users\/2"}],"replies":[{"embeddable":true,"href":"http:\/\/bassdu.mine.bz\/index.php?rest_route=%2Fwp%2Fv2%2Fcomments&post=4493"}],"version-history":[{"count":4,"href":"http:\/\/bassdu.mine.bz\/index.php?rest_route=\/wp\/v2\/posts\/4493\/revisions"}],"predecessor-version":[{"id":4500,"href":"http:\/\/bassdu.mine.bz\/index.php?rest_route=\/wp\/v2\/posts\/4493\/revisions\/4500"}],"wp:attachment":[{"href":"http:\/\/bassdu.mine.bz\/index.php?rest_route=%2Fwp%2Fv2%2Fmedia&parent=4493"}],"wp:term":[{"taxonomy":"category","embeddable":true,"href":"http:\/\/bassdu.mine.bz\/index.php?rest_route=%2Fwp%2Fv2%2Fcategories&post=4493"},{"taxonomy":"post_tag","embeddable":true,"href":"http:\/\/bassdu.mine.bz\/index.php?rest_route=%2Fwp%2Fv2%2Ftags&post=4493"}],"curies":[{"name":"wp","href":"https:\/\/api.w.org\/{rel}","templated":true}]}}