{"id":4654,"date":"2018-01-23T19:56:26","date_gmt":"2018-01-23T18:56:26","guid":{"rendered":"http:\/\/bassdu.mine.bz\/?p=4654"},"modified":"2018-01-23T19:56:26","modified_gmt":"2018-01-23T18:56:26","slug":"mathematicos-5","status":"publish","type":"post","link":"http:\/\/bassdu.mine.bz\/?p=4654","title":{"rendered":"Mathematicos (5)"},"content":{"rendered":"<p><b>Colectiv \u015fi Individual<br \/>\n<\/b><\/p>\n<p>Este vital s\u0103 \u00een\u021belegem c\u0103 <b>L<\/b><b>umea <\/b><b>S<\/b><b>pa\u021bi<\/b><b>u-Timp<\/b><b> a <\/b><b>M<\/b><b>ateriei <\/b>(universul \u0219tiin\u021bific) este un produs <b>H<\/b><b>olografic<\/b> al <b>Colectivului Monadic<\/b> &#8211; colec\u021bia tuturor Monadelor -.<\/p>\n<p><b>Monadele Individuale<\/b> sunt legate de <b>organismele individuale din spa\u021biu-timp<\/b> \u0219i fiecare <b>Corp <\/b>are o perspectiv\u0103 spa\u021biu-timp extrem de limitat\u0103 \u00een compara\u021bie cu \u00eentregul univers. Putem detecta cu <b>S<\/b><b>im\u021burile<\/b> noastre doar mediul nostru <b>I<\/b><b>mediat \u0219i <\/b><b>L<\/b><b>ocal.<\/b> Acest c\u00e2mp \u00eengust de spa\u021biu-timp este cel prezentat <b>Sinelui Empiric<\/b> (<b>Con\u0219tientul<\/b> nostru).<\/p>\n<p>Totu\u0219i, <b>NeCon\u0219tientul <\/b>nostru &#8211; <b>Sinele Transcendent<\/b> &#8211; trebuie s\u0103 \u0219tie ce experien\u021be are <b>Sinele Empiric.<\/b> De aceea, prin intermediul <b>Transform\u0103rilor Fourier<\/b>, Sinele Empiric trebuie s\u0103 transforme func\u021biile sale <b>Locale<\/b> de spa\u021biu-timp \u00een func\u021bii de <b>Frecven\u021b\u0103<\/b> \u0219i s\u0103 transmit\u0103 aceste informa\u021bii \u00eenapoi c\u0103tre<b> Sinele Transcendental.<\/b><\/p>\n<p><b>Sinele Empiric<\/b> are o viziune <b>spa\u021bio-temporal\u0103<\/b> asupra mediului s\u0103u local, \u00een timp ce<\/p>\n<p><b>Sinele Transcendent<\/b> are o viziune de <b>Frecven\u021b\u0103<\/b>, care poate fi legat\u0103 de toate celelalte Informa\u021bii de Frecven\u021b\u0103 pe care le posed\u0103, acoperind \u00eentregul univers (aceast\u0103 Informa\u021bie de Frecven\u0163\u0103 nu este disponibil\u0103 pentru Sinele Empiric).<\/p>\n<p><b>Sinele Empiric<\/b> este un sistem de \u201esupape reduc\u0103toare\u201d, conectat la mediul local.<\/p>\n<p><b>Sinele Transcendent<\/b> este <b>Minte Maxim\u0103<\/b>, conectat la \u00eentregul univers.<br \/>\n<b>Cele patru zone matematice<\/b><\/p>\n<p><b>Matematica Ontologic\u0103<\/b> se desf\u0103\u0219oar\u0103 \u00een patru zone distincte:<\/p>\n<p><b>1) Spa\u0163iu-Timp: <\/b>Acesta este domeniul <b>func\u021biilor spa\u021biu-timp<\/b> care interac\u021bioneaz\u0103 doar cu <b>func\u021bii spa\u021biu-timp.<\/b> Este un domeniu <b>Colectiv<\/b>, perceput de organismele <b>Individuale.<\/b><\/p>\n<p><b>2) Frecven\u021b\u0103: <\/b>Acesta este domeniul \u00een care interac\u021bioneaz\u0103 <b>func\u021biile de frecven\u021b\u0103<\/b><\/p>\n<p>cu <b>func\u021bii de frecven\u021b\u0103.<\/b> Acest lucru poate implica <b>func\u021bii de frecven\u021b\u0103 Colectiv<\/b><b>e<\/b> (care implic\u0103 mai multe sau toate monadele), <b>func\u021bii de frecven\u021b\u0103 Individuale <\/b>(care implic\u0103 monade individuale) \u0219i <b>func\u021bii colective \u0219i individuale de frecven\u021b\u0103 <\/b>(multe sau toate monadele care interac\u021bioneaz\u0103 cu monade individuale).<\/p>\n<p><b>3) Interfa\u021ba Spa\u021biu-Timp &#8211; Frecven\u021b\u0103: <\/b>Acesta este domeniul \u00een care <b>func\u0163iile spa\u021biu-timp<\/b> sunt transformate \u00een <b>func\u021bii de frecven\u021b\u0103<\/b> prin intermediul<b> <\/b><b>T<\/b><b>ransform\u0103rii Fourier.<\/b> Aceasta permite <b>Materiei (Corp) <\/b>s\u0103 interac\u021bioneze cu<b> Mintea.<\/b> Este domeniul \u00een care <b>Sim\u021burile <\/b>(\u201elentilele\u201d noastre umane) traduc informa\u021bii despre <b>Universul Fizic Local<\/b> \u00een <b>Date de Frecven\u021b\u0103<\/b> pentru <b>Sinele Transcendent.<\/b><\/p>\n<p><b>4) Interfa\u021ba Frecven\u021b\u0103 &#8211; Spa\u021biu-Timp:<\/b> la nivel <b>Colectiv<\/b>, acesta este domeniul \u00een care <b>func\u021biile de Frecven\u021b\u0103<\/b> sunt transformate \u00een <b>func\u021bii Spa\u021biu-Timp<\/b> prin <b>Transform<\/b><b>\u0103ri<\/b><b> Invers<\/b><b>e<\/b><b> Fourier<\/b> (Func\u021biile spa\u021biu-timp sunt apoi detectate ca <b>Obiecte<\/b> \u00een spa\u021biu-timp de <b>Sim\u021buri<\/b>). La nivel <b>Individual<\/b>, a\u0219a sunt construite lumile noastre de <b>vise private<\/b>. Acest domeniu permite <b>Min\u0163ii<\/b> s\u0103 interac\u021bioneze cu <b>Materia\/<\/b><b>Corpul<\/b><b>.<\/b> Este domeniul <b>Voin\u021bei;<\/b> este modul \u00een care alegerile<b> Mintale<\/b> sunt transpuse \u00een ac\u021biuni <b>Fizice<\/b> \u00een Lumea Material\u0103.<\/p>\n<p><b>Universul nu este mecanicist.<\/b><br \/>\nAceasta a fost <b>eroarea fundamental\u0103 a fizicii clasice.<\/b><\/p>\n<p>Doar <b>Domeniul<\/b><b> <\/b><b>S<\/b><b>pa\u021biu-<\/b><b>T<\/b><b>imp<\/b> are aparen\u0163a <b>mecani<\/b><b>ci<\/b><b>smului.<\/b><br \/>\n<b>Domeniul de Frecven\u021b\u0103 <\/b>este cel al <b>Voin\u021bei <\/b>\u0219i al <b>Teleologiei.<\/b> Celelalte dou\u0103 domenii sunt cele definite de <b>Transform\u0103ri Fourier.<\/b><\/p>\n<p>Acesta este un <b>Univers Matematic<\/b>, nu <b>\u015etiin\u021bific, Religios <\/b>sau <b>Filosofic.<\/b><br \/>\nP\u00e2n\u0103 c\u00e2nd nu \u00een\u021belege\u021bi asta, nu ve\u021bi \u00een\u021belege niciodat\u0103 <b>Realitatea.<\/p>\n<p><a href=\"http:\/\/bassdu.mine.bz\/images\/2017\/11\/iluminati.jpg\"><img loading=\"lazy\" decoding=\"async\" class=\"aligncenter size-full wp-image-4315\" src=\"http:\/\/bassdu.mine.bz\/images\/2017\/11\/iluminati.jpg\" alt=\"\" width=\"258\" height=\"195\" \/><\/a><br \/>\n<\/b><\/p>\n","protected":false},"excerpt":{"rendered":"<p>Colectiv \u015fi Individual Este vital s\u0103 \u00een\u021belegem c\u0103 Lumea Spa\u021biu-Timp a Materiei (universul \u0219tiin\u021bific) este un produs Holografic al Colectivului Monadic &#8211; colec\u021bia tuturor Monadelor -. Monadele Individuale sunt legate de organismele individuale din spa\u021biu-timp \u0219i fiecare Corp are o perspectiv\u0103 spa\u021biu-timp extrem de limitat\u0103 \u00een compara\u021bie cu \u00eentregul univers. Putem detecta cu Sim\u021burile noastre [&hellip;]<\/p>\n","protected":false},"author":2,"featured_media":0,"comment_status":"open","ping_status":"open","sticky":false,"template":"","format":"standard","meta":{"footnotes":""},"categories":[1593],"tags":[2229,1747,1399,2226,2230,1648,1749,2069,1748,2125,1377,2119,2231,2232,2093,2227,2228,2190],"jetpack_featured_media_url":"","_links":{"self":[{"href":"http:\/\/bassdu.mine.bz\/index.php?rest_route=\/wp\/v2\/posts\/4654"}],"collection":[{"href":"http:\/\/bassdu.mine.bz\/index.php?rest_route=\/wp\/v2\/posts"}],"about":[{"href":"http:\/\/bassdu.mine.bz\/index.php?rest_route=\/wp\/v2\/types\/post"}],"author":[{"embeddable":true,"href":"http:\/\/bassdu.mine.bz\/index.php?rest_route=\/wp\/v2\/users\/2"}],"replies":[{"embeddable":true,"href":"http:\/\/bassdu.mine.bz\/index.php?rest_route=%2Fwp%2Fv2%2Fcomments&post=4654"}],"version-history":[{"count":1,"href":"http:\/\/bassdu.mine.bz\/index.php?rest_route=\/wp\/v2\/posts\/4654\/revisions"}],"predecessor-version":[{"id":4655,"href":"http:\/\/bassdu.mine.bz\/index.php?rest_route=\/wp\/v2\/posts\/4654\/revisions\/4655"}],"wp:attachment":[{"href":"http:\/\/bassdu.mine.bz\/index.php?rest_route=%2Fwp%2Fv2%2Fmedia&parent=4654"}],"wp:term":[{"taxonomy":"category","embeddable":true,"href":"http:\/\/bassdu.mine.bz\/index.php?rest_route=%2Fwp%2Fv2%2Fcategories&post=4654"},{"taxonomy":"post_tag","embeddable":true,"href":"http:\/\/bassdu.mine.bz\/index.php?rest_route=%2Fwp%2Fv2%2Ftags&post=4654"}],"curies":[{"name":"wp","href":"https:\/\/api.w.org\/{rel}","templated":true}]}}