{"id":5670,"date":"2019-05-15T09:49:17","date_gmt":"2019-05-15T08:49:17","guid":{"rendered":"http:\/\/bassdu.mine.bz\/?p=5670"},"modified":"2019-05-15T09:49:17","modified_gmt":"2019-05-15T08:49:17","slug":"lansare-draft-a-patra-carte-a-miscarii-dacia-adevarul-despre-illuminati-al-doilea-val-al-iluminismului-si-ultimul-addendum","status":"publish","type":"post","link":"http:\/\/bassdu.mine.bz\/?p=5670","title":{"rendered":"Lansare Draft a patra carte a Mi\u015fc\u0103rii Dacia: \u201eADEV\u0102RUL DESPRE ILLUMINATI &#8211; Al Doilea Val Al Iluminismului, \u015ei Ultimul &#8211; ADDENDUM\u201d"},"content":{"rendered":"<div id=\"js_132\" class=\"_5pbx userContent _3576\" data-testid=\"post_message\" data-ft=\"{&quot;tn&quot;:&quot;K&quot;}\">\n<div id=\"id_5cdbc1a71d58c1d33393953\" class=\"text_exposed_root text_exposed\">\n<p>A Patra Carte a Mi\u015fc\u0103rii Dacia a fost lansat\u0103 \u00een versiune PDF.<\/p>\n<p>\u201eCuv\u00e2nt \u00eenainte<br \/>\nAceast\u0103 a patra Carte a Mi\u015fc\u0103rii Dacia este o completare a celei de-a treia, \u201eCartea Ro\u0219ie\u201d.<br \/>\nDin capul locului men\u0163ion\u0103m c\u0103 noi nu suntem scriitori, nu suntem nici filosofi, psihologi,<span class=\"text_exposed_show\"><br \/>\nmatematicieni sau oameni de \u015ftiin\u0163\u0103, ci \u201ec\u00e2te un pic din toate\u201d. Aceast\u0103 caracteristic\u0103 am c\u0103p\u0103tat-o<br \/>\ndup\u0103 citirea multor c\u0103r\u0163i scrise sub egida ILLUMINATI, care ne-au confirmat \u00een cea mai mare parte<br \/>\nIDEILE cu care am pornit la drum acum 10 ani. Rolul c\u0103r\u0163ilor ILLUMINATI a fost determinant \u00een<br \/>\nevolu\u0163ia MI\u015eC\u0102RII DACIA, aduc\u00e2ndu-ne \u00een plus o CUNOA\u015eTERE substan\u0163ial\u0103 \u00een toate domeniile<br \/>\nmen\u0163ionate.<br \/>\nNu se pot pune bazele unei IDEOLOGII (\u201eCartea Alb\u0103\u201d) \u015fi unui PROIECT DE \u0162AR\u0102<br \/>\n(\u201eCartea Neagr\u0103\u201d), f\u0103r\u0103 aceste CUNO\u015eTIN\u0162E aduse nou\u0103 de Min\u0163ile Cele Mai Luminate Ale<br \/>\nOmenirii precum Pitagora, Platon, Heraclit, Anaximandru, Plotinus, Hypatia, Simon Magus,<br \/>\nHermes Trismegistus, Weishaupt, Goethe, Leibniz, Hegel \u015fi al\u0163ii de aceea\u015fi caratur\u0103. Tocmai de<br \/>\naceea \u201ele-am dat cuv\u00e2ntul\u201d \u00een cea de-a treia Carte, \u201eADEV\u0102RUL DESPRE ILLUMINATI\u201d, unde<br \/>\nnu am f\u0103cut altceva, \u00een principal, dec\u00e2t s\u0103 public\u0103m Traduceri din texte ILLUMINATI, provenind<br \/>\ndin cele peste 100 de c\u0103r\u0163i ale lor (scrise sub pseudonim), grupate \u00een diverse Serii: \u201eGod Series\u201d,<br \/>\n\u201eTruth Series\u201d, \u201eAngel Series\u201d, dar \u015fi din alte Surse precum\u00a0<a href=\"https:\/\/l.facebook.com\/l.php?u=http%3A%2F%2Fwww.armageddonconspiracy.co.uk%2F%3Ffbclid%3DIwAR2hPqseYQUKEMR4W5EUVrqqddRCjkQ1LOUIHW1gGsZh9r6fR1mVCEK8_0g&amp;h=AT0c5RXY9AN5xRNragNfM7OkrlRv0BmfV-oVp6slIGNgLHcdOX_GgUwVdWz_erXXuHVyPL4AFWFR-EHlBSMRq_3G60VnnMJ0DkVDV8DG4SlJJGLnFRB_GHvD_DqZpBzVb5gLbc0y8I8Tx4CzuRzla6rhFQ\" target=\"_blank\" rel=\"noopener nofollow\" data-ft=\"{&quot;tn&quot;:&quot;-U&quot;}\" data-lynx-mode=\"asynclazy\">www.armageddonconspiracy.co.uk<\/a>,<br \/>\n<a href=\"https:\/\/l.facebook.com\/l.php?u=http%3A%2F%2Fwww.Hyperianism.com%2F%3Ffbclid%3DIwAR1UrOm6vYpVwDrQDjBBFJBmTxeRtlFt-gV0roaK5-ZYJibdIWM5CW6EUrI&amp;h=AT2k_1NAVoRgcB6QCv8rh5GUqfRnWuifbDHLhujkFopajBUkTG6Sr9BM_igx8ZgVQs7xbLjIbvbBkzblkiIhiXWNEaEJ_NbAB4Nh9PGG7pGtF26rdxo7eiFj87YxXsm9YWJS3aF3F4YKPIQkiF-cXq-TTw\" target=\"_blank\" rel=\"noopener nofollow\" data-ft=\"{&quot;tn&quot;:&quot;-U&quot;}\" data-lynx-mode=\"asynclazy\">www.Hyperianism.com<\/a>\u00a0,\u00a0<a href=\"https:\/\/l.facebook.com\/l.php?u=https%3A%2F%2Fit.khanacademy.org%2F%3Ffbclid%3DIwAR0cT2Bq5nEsiamkHyuZI4eA2xo2Q9fLGbjdiZZcPqVTSMPSwPU42qn7CVQ&amp;h=AT2zRfAvue1PKfaLQ4xzpXPpSh3-Al9_hc2HPNsHExHn1zmF-p0P6ivVllOul0T9y-Mn7vRvbiv4Y5VNw1LHcS7od6UNWKbyDquQp3n8-Y5IorKaC02qbwfBMeJ7b8rvHQkeVqll8UADjm0YZEWireMQkA\" target=\"_blank\" rel=\"noopener nofollow\" data-ft=\"{&quot;tn&quot;:&quot;-U&quot;}\" data-lynx-mode=\"asynclazy\">https:\/\/it.khanacademy.org\/<\/a>\u00a0\u015fi altele.<br \/>\nMultora li se va p\u0103rea c\u0103 repet\u0103m anumite IDEI, dar pe de o parte se poate constata c\u0103 sunt<br \/>\ndiferen\u0163e de puncte de vedere, iar pe de alta, nu ascundem inten\u0163ia noastr\u0103 de a \u201etip\u0103ri perseverent \u00een<br \/>\nMintea cititorului\u201d concepte importante ILUMINISTE.<br \/>\nNu am acordat prea mult\u0103 aten\u0163ie sintaxei limbii rom\u00e2ne, nefiind u\u015for s\u0103 transmi\u0163i<br \/>\nconcomitent c\u00e2t mai fidel Mesajul textului original din englez\u0103. Apoi, suntem \u015fi gr\u0103bi\u0163i a publica,<br \/>\ndeoarece Rom\u00e2nia se afl\u0103 deja \u00een mare \u00cent\u00e2rziere.<br \/>\nMen\u0163ion\u0103m, de asemenea, c\u0103 tot ce cuprinde aceast\u0103 a patra carte a fost deja publicat pe<br \/>\nFacebook la grupul \u015fi paginile noastre (\u015fi nu numai), dar \u015fi pe blogul personal www.dacia-<br \/>\niluminist\u0103.ro, astfel c\u0103 cine ne-a urm\u0103rit constant, poate pretinde c\u0103 a citit-o deja.<br \/>\nMaterialele sunt prezentate \u201erandom\u201d, dup\u0103 cum e obiceiul c\u0103r\u0163ilor ILLUMINATI.<br \/>\nLectur\u0103 pl\u0103cut\u0103 \u015fi mai ales ILUMINANT\u0102!<br \/>\nCONDU, URMEAZ\u0102 SAU D\u0102-TE LA O PARTE!\u201d<\/span><\/p>\n<div class=\"text_exposed_show\">\n<p><a href=\"https:\/\/l.facebook.com\/l.php?u=https%3A%2F%2Fwww.academia.edu%2F39129767%2FADEV%25C4%2582RUL_DESPRE_ILLUMINATI_-Al_Doilea_Val_Al_Iluminismului_%25C5%259Ei_Ultimul_-_ADDENDUM%3Ffbclid%3DIwAR3qNO5jOCEEtFfxtcFe_CT0M-v9f5FAFUY834mm3-Y0YQx_2fSBQekjoeA&amp;h=AT0unfCa1ZKbPXMpuHVTNGvrE5OEyPKCg-pd3DBYfj7FOPKLf1FN347e1WrXUReTdBDusxJ-kdvWQiXZ82n_fhrvWAlwXPAcT-iMcf7jk6ErpTxdH0ZwtGywhmOQNzLRVIbaePGLUQSCUDO4KEfunB2wEA\" target=\"_blank\" rel=\"noopener nofollow\" data-ft=\"{&quot;tn&quot;:&quot;-U&quot;}\" data-lynx-mode=\"asynclazy\">https:\/\/www.academia.edu\/\u2026\/ADEV%C4%82RUL_DESPRE_ILLUMINATI_\u2026<\/a><\/p>\n<\/div>\n<\/div>\n<\/div>\n<div class=\"_3x-2\" data-ft=\"{&quot;tn&quot;:&quot;H&quot;}\">\n<div data-ft=\"{&quot;tn&quot;:&quot;H&quot;}\">\n<div class=\"mtm\">\n<div id=\"u_fetchstream_6_26\" class=\"_6m2 _1zpr clearfix _dcs _4_w4 _41u- _5cwb _23bq _2bf7 _64lx _3eqz _20pq _3eqw _2rk1 _359m _3906\" data-ft=\"{&quot;tn&quot;:&quot;H&quot;}\">\n<div class=\"_3907\">\n<div class=\"clearfix _2r3x\">\n<div class=\"lfloat _ohe\">\n<div class=\"_6ks\">\n<div class=\"_6l- __c_\">\n<div class=\"uiScaledImageContainer _6m5 fbStoryAttachmentImage\"><img loading=\"lazy\" decoding=\"async\" class=\"scaledImageFitWidth img\" src=\"https:\/\/external-mxp1-1.xx.fbcdn.net\/safe_image.php?d=AQDkkYgjAzzsi7WC&amp;w=160&amp;h=160&amp;url=http%3A%2F%2Fa.academia-assets.com%2Fimages%2Fopen-graph-icons%2Ffb-paper.gif&amp;cfs=1&amp;upscale=1&amp;fallback=news_d_placeholder_publisher_square&amp;_nc_hash=AQBvcFBT2JzCGDrX\" alt=\"\" width=\"158\" height=\"158\" data-src=\"https:\/\/external-mxp1-1.xx.fbcdn.net\/safe_image.php?d=AQDkkYgjAzzsi7WC&amp;w=160&amp;h=160&amp;url=http%3A%2F%2Fa.academia-assets.com%2Fimages%2Fopen-graph-icons%2Ffb-paper.gif&amp;cfs=1&amp;upscale=1&amp;fallback=news_d_placeholder_publisher_square&amp;_nc_hash=AQBvcFBT2JzCGDrX\" aria-label=\"Modeling of Photovoltaic Panel by using Proteus\" \/><\/div>\n<\/div>\n<\/div>\n<\/div>\n<div class=\"_42ef\">\n<div class=\"_3ekx _29_4\">\n<div class=\"_6m3 _--6\">\n<div class=\"_59tj _2iau\">\n<div>\n<div class=\"_6lz _6mb _1t62 ellipsis\">ACADEMIA.EDU<\/div>\n<div class=\"\"><\/div>\n<\/div>\n<\/div>\n<div class=\"_3n1k\">\n<div class=\"_6m7 _3bt9\"><a href=\"http:\/\/bassdu.mine.bz\/images\/2019\/05\/coperta-red-book-Addendum-var3.jpg\"><img loading=\"lazy\" decoding=\"async\" class=\"aligncenter  wp-image-5671\" src=\"http:\/\/bassdu.mine.bz\/images\/2019\/05\/coperta-red-book-Addendum-var3.jpg\" alt=\"\" width=\"567\" height=\"387\" srcset=\"http:\/\/bassdu.mine.bz\/images\/2019\/05\/coperta-red-book-Addendum-var3.jpg 960w, http:\/\/bassdu.mine.bz\/images\/2019\/05\/coperta-red-book-Addendum-var3-300x205.jpg 300w, http:\/\/bassdu.mine.bz\/images\/2019\/05\/coperta-red-book-Addendum-var3-768x524.jpg 768w\" sizes=\"(max-width: 567px) 100vw, 567px\" \/><\/a><\/div>\n<\/div>\n<\/div>\n<\/div>\n<\/div>\n<\/div>\n<\/div>\n<\/div>\n<\/div>\n<\/div>\n<\/div>\n","protected":false},"excerpt":{"rendered":"<p>A Patra Carte a Mi\u015fc\u0103rii Dacia a fost lansat\u0103 \u00een versiune PDF. \u201eCuv\u00e2nt \u00eenainte Aceast\u0103 a patra Carte a Mi\u015fc\u0103rii Dacia este o completare a celei de-a treia, \u201eCartea Ro\u0219ie\u201d. Din capul locului men\u0163ion\u0103m c\u0103 noi nu suntem scriitori, nu suntem nici filosofi, psihologi, matematicieni sau oameni de \u015ftiin\u0163\u0103, ci \u201ec\u00e2te un pic din toate\u201d. [&hellip;]<\/p>\n","protected":false},"author":2,"featured_media":0,"comment_status":"open","ping_status":"open","sticky":false,"template":"","format":"standard","meta":{"footnotes":""},"categories":[1593],"tags":[3043],"jetpack_featured_media_url":"","_links":{"self":[{"href":"http:\/\/bassdu.mine.bz\/index.php?rest_route=\/wp\/v2\/posts\/5670"}],"collection":[{"href":"http:\/\/bassdu.mine.bz\/index.php?rest_route=\/wp\/v2\/posts"}],"about":[{"href":"http:\/\/bassdu.mine.bz\/index.php?rest_route=\/wp\/v2\/types\/post"}],"author":[{"embeddable":true,"href":"http:\/\/bassdu.mine.bz\/index.php?rest_route=\/wp\/v2\/users\/2"}],"replies":[{"embeddable":true,"href":"http:\/\/bassdu.mine.bz\/index.php?rest_route=%2Fwp%2Fv2%2Fcomments&post=5670"}],"version-history":[{"count":1,"href":"http:\/\/bassdu.mine.bz\/index.php?rest_route=\/wp\/v2\/posts\/5670\/revisions"}],"predecessor-version":[{"id":5672,"href":"http:\/\/bassdu.mine.bz\/index.php?rest_route=\/wp\/v2\/posts\/5670\/revisions\/5672"}],"wp:attachment":[{"href":"http:\/\/bassdu.mine.bz\/index.php?rest_route=%2Fwp%2Fv2%2Fmedia&parent=5670"}],"wp:term":[{"taxonomy":"category","embeddable":true,"href":"http:\/\/bassdu.mine.bz\/index.php?rest_route=%2Fwp%2Fv2%2Fcategories&post=5670"},{"taxonomy":"post_tag","embeddable":true,"href":"http:\/\/bassdu.mine.bz\/index.php?rest_route=%2Fwp%2Fv2%2Ftags&post=5670"}],"curies":[{"name":"wp","href":"https:\/\/api.w.org\/{rel}","templated":true}]}}