{"id":6136,"date":"2020-05-17T17:55:08","date_gmt":"2020-05-17T16:55:08","guid":{"rendered":"http:\/\/bassdu.mine.bz\/?p=6136"},"modified":"2020-05-26T15:46:23","modified_gmt":"2020-05-26T14:46:23","slug":"corona-tsunami-addendum","status":"publish","type":"post","link":"http:\/\/bassdu.mine.bz\/?p=6136","title":{"rendered":"CORONA TSUNAMI ADDENDUM"},"content":{"rendered":"\n\n\n<p><span style=\"font-family: Ubuntu;\"><span style=\"font-size: large;\"><strong>AGENDA ASCUNS\u0102<br \/><br \/><\/strong><br \/><br \/>Voi face din nou pe avocatul diavolului.<br \/>Revin la G\u00c2NDIREA CRITIC\u0102 asupra Hiperianismului cu ocazia afirma\u0163iilor lui Morgue relative la Criza COVID-19, cum c\u0103 OWO nu are o AGEND\u0102 ASCUNS\u0102, <\/span><\/span><span style=\"font-family: Ubuntu;\"><span style=\"font-size: large;\">c\u0103 s-ar c\u0103ca pe ei de fric\u0103, precum<\/span><\/span><span style=\"font-family: Ubuntu;\"><span style=\"font-size: large;\"> \u015fi a recomand\u0103rii explicite a LOCKDOWN-ului. Asta, dup\u0103 ce am mai intrat o dat\u0103 \u00een conflict pe temele <\/span><\/span><span style=\"font-family: Ubuntu;\"><span style=\"font-size: large;\">legate de <\/span><\/span><span style=\"font-family: Ubuntu;\"><span style=\"font-size: large;\">FREE SOURCE \u015fi CAPITALISMUL SOCIAL \u00cen plus cu aceast\u0103 ocazie , \u00eei voi combate \u201e\u00eencrederea necondi\u0163ionat\u0103 \u00een Vaccinuri \u015fi Oamenii de \u015etiin\u0163\u0103\u201d. Nu o s\u0103 intru \u00een prea multe detalii, deoarece multe exist\u0103 deja \u00een a 5-a carte a Mi\u015fc\u0103rii Dacia pe care am scris-o \u015fi finalizat-o de cur\u00e2nd, inclusiv \u00een limba englez\u0103. <\/span><\/span><span style=\"font-family: Ubuntu;\"><span style=\"font-size: large;\">Actualele r\u00e2nduri pot fi considerate un ADDENDUM la Cartea Albastr\u0103 \u00een perspectiva public\u0103rii \u00eempreun\u0103.<br \/><br \/><img loading=\"lazy\" decoding=\"async\" class=\"\" src=\"https:\/\/scontent.fotp1-1.fna.fbcdn.net\/v\/t1.0-9\/s960x960\/96215612_3191431387543189_1592266766015266816_o.jpg?_nc_cat=109&amp;_nc_sid=8024bb&amp;_nc_oc=AQlmmxWPWjyHoz_Nlu6VzhautkBIawwStPv6lFYdqcD7xGrir4Fpk94lY8z-TOWEW4o&amp;_nc_ht=scontent.fotp1-1.fna&amp;_nc_tp=7&amp;oh=929304256650a5f227b05936358189d3&amp;oe=5EE883A9\" alt=\"Este posibil ca imaginea s\u0103 con\u0163in\u0103: posibil text care spune \u201eCORONA TSUNAMI MI\u015eCAREA DACIA LLN EDITURA VICOVIA\u201d\" width=\"367\" height=\"535\" \/><br \/><\/span><\/span><span style=\"font-family: Ubuntu;\"><span style=\"font-size: large;\"><br \/>Iat\u0103 filmule\u0163ul lui Morgue apropos de AGENDA OWO, iar cel care promoveaz\u0103 Lockdown-ul \u015fi Vaccin\u0103rile pot fi v\u0103zute pe canalul s\u0103u youtube, printre multele altele cu adev\u0103rat valoroase:<br \/><br \/><\/span><\/span><span style=\"font-family: Ubuntu;\"><span style=\"font-size: large;\"><a href=\"https:\/\/www.youtube.com\/watch?v=1PVAr943CFQ&amp;feature=share&amp;fbclid=IwAR1xD1V1BirR7IV6jmlvR3w20ILSDIbZcs_azI3KLvqV9I9PkqGb3-ec30k\">https:\/\/www.youtube.com\/watch?v=1PVAr943CFQ&amp;feature=share&amp;fbclid=IwAR1xD1V1Bir<br \/>R7IV6jmlvR3w20ILSDIbZcs_azI3KLvqV9I9PkqGb3-ec3<\/a><\/span><\/span><a href=\"https:\/\/www.youtube.com\/watch?v=1PVAr943CFQ&amp;feature=share&amp;fbclid=IwAR1xD1V1BirR7IV6jmlvR3w20ILSDIbZcs_azI3KLvqV9I9PkqGb3-ec30k\"><span style=\"font-family: Ubuntu;\"><span style=\"font-size: large;\">0k<\/span><\/span><\/a><span style=\"font-family: Ubuntu;\"><span style=\"font-size: large;\"><br \/><br \/>Gre\u015fe\u015fti Morgue!!!<br \/>Tu faci o gr\u0103mad\u0103 de lucruri bune \u015fi eu \u00ee\u0163i mul\u0163umesc din suflet pentru ceea ce de bun faci, dar \u201eerrare humanum est\u201d \u015fi tu nu faci excep\u0163ie \u00een acest caz, ca \u015fi Corona Party (profil fb presupus Illuminati). Tu ne \u00eendemni \u201es\u0103 st\u0103m \u00eenchi\u015fi\u201d, c\u00e2nd de fapt ar trebui s\u0103 lu\u0103m cu asalt Sistemul \u00een proces de Implozie. LOCKDOWN este exact ce vrea Sistemul, <\/span><\/span><span style=\"font-family: Ubuntu;\"><span style=\"font-size: large;\">ca parte a unei Strategii de CONTROL, <\/span><\/span><span style=\"font-family: Ubuntu;\"><span style=\"font-size: large;\">o<\/span><\/span><span style=\"font-family: Ubuntu;\"><span style=\"font-size: large;\">ferindu-se<\/span><\/span><span style=\"font-family: Ubuntu;\"><span style=\"font-size: large;\"> \u201espa\u0163iu de manevr\u0103 for\u0163elor Dreptei Extreme\u201d.<br \/>Este genul de gre\u015feal\u0103 a St\u00e2ngii Regresive Liberale care a mu\u015fcat Momeala Multiculturalismului, Globalismului, Consumerismului \u015famd. <br \/><br \/>OWO a avut \u00eentotdeauna o AGEND\u0102 ASCUNS\u0102, tot a\u015fa cum \u015fi Hiperienii\/Ilumini\u015ftii o au, <\/span><\/span><span style=\"font-family: Ubuntu;\"><span style=\"font-size: large;\">tot a\u015fa cum fiecare individ o are.<\/span><\/span><span style=\"font-family: Ubuntu;\"><span style=\"font-size: large;\"><br \/><br \/><\/span><\/span><span style=\"font-family: Ubuntu;\"><span style=\"font-size: large;\"><b>\u00ce <\/b><\/span><\/span><span style=\"font-family: Ubuntu;\"><span style=\"font-size: large;\">: <\/span><\/span><span style=\"font-family: Ubuntu;\"><span style=\"font-size: large;\"><b>Cu ce crezi tu c\u0103 se ocup\u0103 Bi<\/b><\/span><\/span><span style=\"font-family: Ubuntu;\"><span style=\"font-size: large;\"><b>lderberg<\/b><\/span><\/span><span style=\"font-family: Ubuntu;\"><span style=\"font-size: large;\"><b>&amp;co???<br \/><\/b><\/span><\/span><span style=\"font-family: Ubuntu;\"><span style=\"font-size: large;\"><b>R : <\/b><\/span><\/span><span style=\"font-family: Ubuntu;\"><span style=\"font-size: large;\"><b>Cu elaborarea AGENDEI \u015fi punerea ei \u00een practica de toate zilele!<br \/><br \/><img decoding=\"async\" src=\"https:\/\/www.repstatic.it\/content\/nazionale\/img\/2016\/06\/06\/171545214-75da5b66-40e5-472d-bcaf-d7b34cb40d7a.jpg\" alt=\"Brexit e Ttip nel men\u00f9 del Bilderberg, il club pi\u00f9 segreto del ...\" \/><br \/><\/b><\/span><\/span><span style=\"font-family: Ubuntu;\"><span style=\"font-size: large;\"><br \/>Noutatea este c\u0103 <\/span><\/span><span style=\"font-family: Ubuntu;\"><span style=\"font-size: large;\"><b>OWO \u015fi-a schimbat recent Agenda,<\/b><\/span><\/span><span style=\"font-family: Ubuntu;\"><span style=\"font-size: large;\"> deoarece au con\u015ftientizat c\u0103 vechea Agend\u0103 devenise NESUSTENABIL\u0102. <br \/>\u015ei Ei tr\u0103iesc pe aceast\u0103 planet\u0103 \u015fi au priceput c\u0103 trebuie s\u0103 fac\u0103 UN SALT DE PARADIGM\u0102, <\/span><\/span><span style=\"font-family: Ubuntu;\"><span style=\"font-size: large;\">pentru SUPRAVIE\u0162UIRE.<\/span><\/span><span style=\"font-family: Ubuntu;\"><span style=\"font-size: large;\"><br \/>Evident c\u0103 Paradigma pe care o au ei \u00een vedere e total diferit\u0103 de aceea pe care o avem \u00een vedere noi ilumini\u015ftii.<br \/>Poluarea de toate felurile, Epuizarea Resurselor, Tensiunile de tot felul, Criza Datoriilor Suverane, toate alimentate de Vechea Paradigm\u0103, i-au \u00eempins la aceast\u0103 Schimbare, iar acum se preg\u0103tesc de <\/span><\/span><span style=\"font-family: Ubuntu;\"><span style=\"font-size: large;\"><b>REPORNIRE pe alte coordonate socio-economice.<\/b><\/span><\/span><span style=\"font-family: Ubuntu;\"><span style=\"font-size: large;\"><br \/>Nu este adev\u0103rat c\u0103 se cac\u0103 pe ei de fric\u0103, cum spui tu Morgue!<br \/>\u0102\u015ftia nu sunt pro\u015fti \u015fi nu se cac\u0103 pe ei de fric\u0103. Ei conduc \u015fi azi JOCUL \u015fi o vor face \u00een continuare dac\u0103 nu ne de\u015ftept\u0103m! &#8230; \u015fi se pare c\u0103 nu ne vom de\u015ftepta. Dac\u0103 nici m\u0103car noi ilumini\u015ftii nu pricepem, ce s\u0103 pretindem de la \u201epulime \u015fi pizdime\u201d?<br \/>Dac\u0103 sus\u0163ii c\u0103 nu au o AGEND\u0102 ASCUNS\u0102, nici nu vei putea s\u0103 o contrastezi. E ca \u015fi cum te-ai bate cu un inamic invizibil!!!<br \/>Dac\u0103 nu ai priceput, \u00ee\u0163i explic eu care este <\/span><\/span><span style=\"font-family: Ubuntu;\"><span style=\"font-size: large;\"><b>Agenda<\/b><\/span><\/span><span style=\"font-family: Ubuntu;\"><span style=\"font-size: large;\"> lor, nici m\u0103car a\u015fa de ascuns\u0103:<br \/><br \/><\/span><\/span><span style=\"font-family: Ubuntu;\"><span style=\"font-size: large;\">\u00cen primul r\u00e2nd, s\u0103 identific\u0103m Vechea Ordine Mondial\u0103 (OWO).<br \/>Ei nu sunt nici de Dreapta \u015fi nici de St\u00e2nga, ci sunt deasupra acestei departaj\u0103ri. Ei au creat aceast\u0103 departajare ocup\u00e2nd la v\u00e2rf ambele tabere.<br \/>E suficient s\u0103 vedem cine particip\u0103 la \u00centrunirile Bilderberg ca s\u0103 pricepem.<br \/><\/span><\/span><span style=\"font-family: Ubuntu;\"><span style=\"font-size: large;\"><br \/><\/span><\/span><span style=\"font-family: Ubuntu;\"><span style=\"font-size: large;\"><i><b>Pe scurt, <\/b><\/i><\/span><\/span><span style=\"font-family: Ubuntu;\"><span style=\"font-size: large;\"><i><b>noua lor <\/b><\/i><\/span><\/span><span style=\"font-family: Ubuntu;\"><span style=\"font-size: large;\"><i><b>A<\/b><\/i><\/span><\/span><span style=\"font-family: Ubuntu;\"><span style=\"font-size: large;\"><i><b>gend\u0103 const\u0103 \u00een <\/b><\/i><\/span><\/span><span style=\"font-family: Ubuntu;\"><span style=\"font-size: large;\"><i><b>Sintez<\/b><\/i><\/span><\/span><span style=\"font-family: Ubuntu;\"><span style=\"font-size: large;\"><i><b>a<\/b><\/i><\/span><\/span><span style=\"font-family: Ubuntu;\"><span style=\"font-size: large;\"><i><b> \u00eentre scenariul \u201e1984\u201d \u015fi \u201eThe Brave New World\u201d.<br \/>Vor s\u0103 instituie un CONTROL STRICT \u015fi s\u0103 dea \u00een acela\u015fi timp \u201eP\u00c2<\/b><\/i><\/span><\/span><span style=\"font-family: Ubuntu;\"><span style=\"font-size: large;\"><i><b>INE \u015fi CIRC<\/b><\/i><\/span><\/span><span style=\"font-family: Ubuntu;\"><span style=\"font-size: large;\"><i><b>\u201d unei popula\u0163ii ce va deveni pe timp ce trece tot mai pu\u0163in\u0103, reduc\u00e2ndu-se \u00een final la \u201epopula\u0163ia util\u0103 lor\u201d.<\/b><\/i><\/span><\/span><span style=\"font-family: Ubuntu;\"><span style=\"font-size: large;\"><i><br \/>Avansul Tehnologic \u015fi \u015etiin\u0163ific conduc f\u0103r\u0103 \u00eendoial\u0103 la necesitatea a tot mai pu\u0163ini SCLAVI.<br \/><\/i><\/span><\/span><span style=\"font-family: Ubuntu;\"><span style=\"font-size: large;\"><i><b>Vor da deci un Salariu Universal de Baz\u0103 (UBI) \u201emajorit\u0103\u0163ii democratice\u201d <\/b><\/i><\/span><\/span><span style=\"font-family: Ubuntu;\"><span style=\"font-size: large;\"><i><b>f\u0103r\u0103 ocupa\u0163ie, <\/b><\/i><\/span><\/span><span style=\"font-family: Ubuntu;\"><span style=\"font-size: large;\"><i><b>cu singura obliga\u0163ie de a fi SUPU\u015eI. <br \/>Va fi pe scurt un \u015eANTAJ SOCIAL. <\/b><\/i><\/span><\/span><span style=\"font-family: Ubuntu;\"><span style=\"font-size: large;\"><i><br \/><\/i><\/span><\/span><span style=\"font-family: Ubuntu;\"><span style=\"font-size: large;\"><i><b>Concomitent vor schimba Paradigma Economico-Financiar\u0103<\/b><\/i><\/span><\/span><span style=\"font-family: Ubuntu;\"><span style=\"font-size: large;\"><i><b>.<\/b><\/i><\/span><\/span><span style=\"font-family: Ubuntu;\"><span style=\"font-size: large;\"><i> <br \/>Multe ocupa\u0163ii \u015fi afaceri vor fi eliminate treptat, sau vor fi redimensionate <\/i><\/span><\/span><span style=\"font-family: Ubuntu;\"><span style=\"font-size: large;\"><i>ca <\/i><\/span><\/span><span style=\"font-family: Ubuntu;\"><span style=\"font-size: large;\"><i> fiind <\/i><\/span><\/span><span style=\"font-family: Ubuntu;\"><span style=\"font-size: large;\"><i><b>Fu<\/b><\/i><\/span><\/span><span style=\"font-family: Ubuntu;\"><span style=\"font-size: large;\"><i><b>tile <\/b><\/i><\/span><\/span><span style=\"font-family: Ubuntu;\"><span style=\"font-size: large;\"><i>\u015fi consumatoare de <\/i><\/span><\/span><span style=\"font-family: Ubuntu;\"><span style=\"font-size: large;\"><i><b>Resurse<\/b><\/i><\/span><\/span><span style=\"font-family: Ubuntu;\"><span style=\"font-size: large;\"><i>. M\u0103 g\u00e2ndesc la Transporturi, Turism, Alimenta\u0163ie Public\u0103, Sportul pe Bani, Divertismentul, Moda, Intermediariatul din Comer\u0163, Politic\u0103 \u015fi a\u015fa mai departe, ceea ce nu ar fi r\u0103u, dac\u0103 s-ar face \u00een Interesul General \u015fi nu \u00een Interesul individual \u015fi de grup al unei Elite din ce \u00een ce mai \u201erarefiat\u0103\u201d \u00een viitor \u015fi mai puternic\u0103. <br \/>Mul\u0163i mici oameni de afaceri \u015fi muncitori vor r\u0103m\u00e2ne pe drumuri \u015fi vor depinde de <\/i><\/span><\/span><span style=\"font-family: Ubuntu;\"><span style=\"font-size: large;\"><i><b>UBI. <br \/><\/b><\/i><\/span><\/span><span style=\"font-family: Ubuntu;\"><span style=\"font-size: large;\"><i><b>Clasa Medie, <\/b><\/i><\/span><\/span><span style=\"font-family: Ubuntu;\"><span style=\"font-size: large;\"><i>deja pe cale de extinc\u0163ie, va disp\u0103rea.<br \/><\/i><\/span><\/span><span style=\"font-family: Ubuntu;\"><span style=\"font-size: large;\"><i><br \/>Apoi, <\/i><\/span><\/span><span style=\"font-family: Ubuntu;\"><span style=\"font-size: large;\"><i><b>OWO<\/b><\/i><\/span><\/span><span style=\"font-family: Ubuntu;\"><span style=\"font-size: large;\"><i> va trece la <\/i><\/span><\/span><span style=\"font-family: Ubuntu;\"><span style=\"font-size: large;\"><i><b>faza a 2-a: Controlul Popula\u0163iei<\/b><\/i><\/span><\/span><span style=\"font-family: Ubuntu;\"><span style=\"font-size: large;\"><i> prin orice mijloace pentru a economisi resursele destinate <\/i><\/span><\/span><span style=\"font-family: Ubuntu;\"><span style=\"font-size: large;\"><i><b>UBI. <br \/><\/b><\/i><\/span><\/span><span style=\"font-family: Ubuntu;\"><span style=\"font-size: large;\"><i>Aici nu putem s\u0103 ignor\u0103m VACCINURILE care pot fi folosite \u00een acest scop<\/i><\/span><\/span><span style=\"font-family: Ubuntu;\"><span style=\"font-size: large;\"><i><b>, <\/b><\/i><\/span><\/span><span style=\"font-family: Ubuntu;\"><span style=\"font-size: large;\"><i>demonstrat fiind c\u0103 <\/i><\/span><\/span><span style=\"font-family: Ubuntu;\"><span style=\"font-size: large;\"><i>unele <\/i><\/span><\/span><span style=\"font-family: Ubuntu;\"><span style=\"font-size: large;\"><i>pot fi <\/i><\/span><\/span><span style=\"font-family: Ubuntu;\"><span style=\"font-size: large;\"><i>\u015fi <\/i><\/span><\/span><span style=\"font-family: Ubuntu;\"><span style=\"font-size: large;\"><i>TOXICE. <\/i><\/span><\/span><span style=\"font-family: Ubuntu;\"><span style=\"font-size: large;\"><i>Mai nou, au fabricat (dup\u0103 spusele laureatului Premiului Nobek pentru Medicin\u0103 Luc Montagnier)<\/i><\/span><\/span><i> <\/i><span style=\"font-family: Ubuntu;\"><span style=\"font-size: large;\"><i>pentru anul acesta COVID-19 \u015fi ne-au preg\u0103tit <\/i><\/span><\/span><span style=\"font-family: Ubuntu;\"><span style=\"font-size: large;\"><i>psihic <\/i><\/span><\/span><span style=\"font-family: Ubuntu;\"><span style=\"font-size: large;\"><i>s\u0103 accept\u0103m eventual \u015fi al\u0163i COVID pentru urm\u0103torii 5 ani. \u00cen aceast\u0103 perspectiv\u0103, <\/i><\/span><\/span><span style=\"font-family: Ubuntu;\"><span style=\"font-size: large;\"><i>statele preg\u0103tesc m\u0103suri drastice de limitare a Drepturilor Omului \u00een numele Interesului General.<\/i><\/span><\/span><span style=\"font-family: Ubuntu;\"><span style=\"font-size: large;\"><i><br \/>Pozi\u0163ia ilumini\u015ftilor fa\u0163\u0103 de <\/i><\/span><\/span><span style=\"font-family: Ubuntu;\"><span style=\"font-size: large;\"><i><b>Teoriile Conspira\u0163ionistre<\/b><\/i><\/span><\/span><span style=\"font-family: Ubuntu;\"><span style=\"font-size: large;\"><i> este cunoscut\u0103 \u015fi e par\u0163ial Ra\u0163ional\u0103, mai ales c\u00e2nd e vorba de Neadev\u0103rurile ce se difuzeaz\u0103 \u00een mare parte <\/i><\/span><\/span><span style=\"font-family: Ubuntu;\"><span style=\"font-size: large;\"><i>de exponen\u0163i aservi\u0163i OWO<\/i><\/span><\/span><span style=\"font-family: Ubuntu;\"><span style=\"font-size: large;\"><i>, dar nici chiar ignorarea tuturor nu e ra\u0163ional\u0103&#8230; \u201edac\u0103 ceva e posibil, atunci se poate \u00eent\u00e2mpla.\u201d, <\/i><\/span><\/span><span style=\"font-family: Ubuntu;\"><span style=\"font-size: large;\"><i>mai ales c\u00e2nd avem de-a face cu PSIHOPA\u0162II ce conduc azi Lumea.<br \/><br \/><img loading=\"lazy\" decoding=\"async\" class=\"\" src=\"https:\/\/scontent.fotp1-2.fna.fbcdn.net\/v\/t1.0-9\/96378824_3554381881255154_4648371859543293952_n.jpg?_nc_cat=103&amp;_nc_sid=8024bb&amp;_nc_oc=AQlHmqIPLIf73o_IqCRugqm4k_JjlvRppHBs20l-3pGdSDMv-YhIeN2hYYz4RI09Xso&amp;_nc_ht=scontent.fotp1-2.fna&amp;oh=9f6381925beb967549c7cf1750bbf536&amp;oe=5EE8822A\" alt=\"Este posibil ca imaginea s\u0103 con\u0163in\u0103: 1 persoan\u0103, posibil text care spune \u201eWarren Gunnels @GunnelsWarren In the past DAY, the 8 richest men in their wealth by $6 2B: Mark Zuckerberg: $1.08B Larry Page: $956M Bill Gates: $931M Sergey Brin: 919M Jeff Bezos: $907M Larry Ellison: $634M Warren Buffett: $429M Steve Ballmer: $353M Combined wealth: $653.8B While 33M+ lost jobs 12:46 PM 5\/8\/20 Twitter Web App\u201d\" width=\"344\" height=\"490\" \/><br \/><\/i><\/span><\/span><span style=\"font-family: Ubuntu;\"><span style=\"font-size: large;\"><i><br \/><\/i><\/span><\/span><span style=\"font-family: Ubuntu;\"><span style=\"font-size: large;\"><i><b>Organele Mediatice<\/b><\/i><\/span><\/span><span style=\"font-family: Ubuntu;\"><span style=\"font-size: large;\"><i> vor introduce algoritmi impu\u015fi de Sistem. <br \/><\/i><\/span><\/span><span style=\"font-family: Ubuntu;\"><span style=\"font-size: large;\"><i>Deja o fac \u015fi au introdus pe fa\u0163\u0103 CENZURA a ceea ce ei cheam\u0103 FAKE NEWS. <br \/>\u00cen Italia, jurnali\u015fti<\/i><\/span><\/span><span style=\"font-family: Ubuntu;\"><span style=\"font-size: large;\"><i>i<\/i><\/span><\/span><span style=\"font-family: Ubuntu;\"><span style=\"font-size: large;\"><i> pretind c\u0103 MEDIA FACE OPINIE!? <br \/>De c\u00e2nd trebuie s\u0103 fac\u0103 OPINIE, c\u00e2nd ar trebui s\u0103 fac\u0103 INFORMARE??? <br \/>Este aberant! <br \/>Asta se cheam\u0103 <\/i><\/span><\/span><span style=\"font-family: Ubuntu;\"><span style=\"font-size: large;\"><i><b>MANIPULAREA OPINIEI PUBLICE!!! <br \/><\/b><\/i><\/span><\/span><span style=\"font-family: Ubuntu;\"><span style=\"font-size: large;\"><i>De ce s\u0103 nu-\u015fi fac\u0103 cet\u0103\u0163eanul PROPRIILE OPINII??? <br \/>Ce Preg\u0103tire \u015fi COMPETEN\u0162E au <\/i><\/span><\/span><span style=\"font-family: Ubuntu;\"><span style=\"font-size: large;\"><i>jurnali\u015ftii<\/i><\/span><\/span><span style=\"font-family: Ubuntu;\"><span style=\"font-size: large;\"><i> pentru a-\u015fi aroga acest DREPT?<br \/><br \/><a href=\"https:\/\/youtu.be\/8nW-IPrzM1g\">https:\/\/youtu.be\/8nW-IPrzM1g\u00a0\u00a0<\/a><br \/><\/i><\/span><\/span><span style=\"font-family: Ubuntu;\"><span style=\"font-size: large;\"><i><br \/>Despre FAKEBOOK ce s\u0103 mai v<\/i><\/span><\/span><span style=\"font-family: Ubuntu;\"><span style=\"font-size: large;\"><i>orbi<\/i><\/span><\/span><span style=\"font-family: Ubuntu;\"><span style=\"font-size: large;\"><i>m!?<br \/>Filmule\u0163ul acesta este edificator:<br \/><\/i><\/span><\/span><span style=\"font-family: Ubuntu;\"><span style=\"font-size: large;\"><br \/><\/span><\/span><a href=\"https:\/\/www.youtube.com\/watch?v=11mqff3e2LY&amp;feature=youtu.be&amp;fbclid=IwAR0NtoH_Khqy2dZ6UBGF_AMVmt-IFOxuxjhTVFRwnd_89vXiKQNyxlwOL4w\"><span style=\"font-family: Ubuntu;\"><span style=\"font-size: large;\">https:\/\/www.youtube.com\/watch?v=11mqff3e2LY&amp;feature=youtu.be&amp;fbclid=IwAR0Nt<br \/>oH_Khqy2dZ6UBGF_AMVmt-IFOxuxjhTVFRwnd_89vXiK<br \/>QNyxlwOL4w<\/span><\/span><\/a><span style=\"font-family: Ubuntu;\"><span style=\"font-size: large;\"><br \/><br \/>\u015ei cu acest filmule\u0163, introducem tema <\/span><\/span><span style=\"font-family: Ubuntu;\"><span style=\"font-size: large;\"><b>VACCINURILOR OBLIGATORII.<br \/><\/b><\/span><\/span><span style=\"font-family: Ubuntu;\"><span style=\"font-size: large;\">Pentru a nu da informa\u0163ii gre\u015fite, este foarte important s\u0103 vorbim<\/span><\/span><span style=\"font-family: Ubuntu;\"><span style=\"font-size: large;\"> \u00een cuno\u015ftin\u0163\u0103 de cauz\u0103.<\/span><\/span><\/p>\n<p><span style=\"font-family: Ubuntu;\"><span style=\"font-size: large;\">Am v\u0103zut c\u0103 \u015fi hiperienii \u015fi p\u00e2n\u0103 \u015fi Corona Party sus\u0163in c\u0103 cei care sunt \u00eempotriva Lockdown-ului ar fi Trolls pentru c\u0103 nu ar avea Competen\u0163e Medicale.<\/span><\/span><\/p>\n<p><span style=\"font-family: Ubuntu;\"><span style=\"font-size: large;\">P\u0103i, dac\u0103 un laureat al Premiului Nobel pentru Medicin\u0103 precum <b>Luc Montagnier<\/b> nu e competent, o fi Morgue mai competent \u00een Epidemiologie?<br \/><b><br \/><\/b><a href=\"https:\/\/www.trt.net.tr\/romana\/lume\/2020\/04\/18\/profesorul-francez-montagnier-covid-19-a-fost-fabricat-1400449\">https:\/\/www.trt.net.tr\/romana\/lume\/2020\/04\/18\/<br \/>profesorul-francez-montagnier-covid-19-a-fost-fabricat-1400449<\/a><b><br \/><\/b><b><br \/>De ce am ajuns noi s\u0103 d\u0103m at\u00e2ta credit unor Institu\u0163ii Suprastatale <\/b><b>concepute de<\/b><b> OWO, <\/b><b>precum OMS <\/b><b>(WHO)<\/b><b>?<br \/><\/b>Crede cineva c\u0103 \u0103\u015ftia se mi\u015fc\u0103 f\u0103r\u0103 indica\u0163iile <strong>Bilderberg&amp;co<\/strong>?<b><br \/><\/b>De ce trebuie s\u0103 fie <strong>obligatorii<\/strong>?<br \/>De ce trebuiesc \u201eizola\u0163i\u201d cei care le refuz\u0103?<br \/>P\u0103i dac\u0103 un vaccin \u00ee\u0163i d\u0103 imunitate, atunci un cet\u0103\u0163ean care a f\u0103cut un vaccin e IMUN la o afec\u0163iune eventual purtat\u0103 de unul care nu s-a vaccinat!? Dac\u0103 vaccinul nu e SIGUR \u015fi nu poate garanta imunitatea, \u00eenseamn\u0103 c\u0103 au dreptate cei care nu-l fac!!! Dac\u0103 mai lu\u0103m \u00een considera\u0163ie \u015fi TOXICITATEA dovedit\u0103 de anumite vaccinuri, atunci e \u015fi mai justificat\u0103 atitudinea multora NO WAX.<br \/><br \/><img loading=\"lazy\" decoding=\"async\" class=\"\" src=\"https:\/\/scontent.fotp1-1.fna.fbcdn.net\/v\/t1.0-9\/s960x960\/96949767_10219894286500459_2089045030185467904_o.jpg?_nc_cat=111&amp;_nc_sid=110474&amp;_nc_oc=AQnX3N4iP2ccMuO276xlUOj2prS5VzLjQk3kgzqRUMGiA8qQTVTQf-5jqOiDUC8-FC4&amp;_nc_ht=scontent.fotp1-1.fna&amp;_nc_tp=7&amp;oh=a21b338faee217e06951afa36d8b9b16&amp;oe=5EE53D11\" alt=\"Este posibil ca imaginea s\u0103 con\u0163in\u0103: posibil text care spune \u201eTrying to figure out how an unvaccinated person can give a disease to a vaccinated person if vaccines work...\u201d\" width=\"298\" height=\"249\" \/><br \/><br \/>Noi ilumini\u015ftii vorbim adesea de HOMEOSTAZ\u0102. <br \/>Iat\u0103 pe unii care pun Homeostaza la baza unei NOI MEDICINE, care r\u0103stoarn\u0103 Viziunea Pasteurian\u0103 \u015fi pun pe primul loc CAUZELE ci nu EFECTELE , adic\u0103 pun Ambientul \u00eenaintea Germologiei.<br \/>\u201ePunerea carului \u00eenaintea c\u0103ru\u0163ei\u201d, adic\u0103 obiceiul combaterii EFECTELOR \u00een locul elimin\u0103rii CAUZELOR, este o \u201eboal\u0103\u201d pe care Mi\u015fcarea Dacia combate de 11 ani \u015fi nu se limiteaz\u0103 numai la medicin\u0103!!!<br \/><br \/><img loading=\"lazy\" decoding=\"async\" class=\"\" src=\"https:\/\/scontent.fotp1-1.fna.fbcdn.net\/v\/t1.0-9\/96385765_10222455018189256_4388581343781453824_n.jpg?_nc_cat=107&amp;_nc_sid=110474&amp;_nc_oc=AQlnW6Us0FgXUQv05ZsIRcaXLrMrCHbOvRtn0pgGO9JQXtE4LV9VDnhWgOPbLJPpA14&amp;_nc_ht=scontent.fotp1-1.fna&amp;oh=4d5af362d64275d473ced8fa307fd4d3&amp;oe=5EE8311F\" alt=\"Este posibil ca imaginea s\u0103 con\u0163in\u0103: text\" width=\"409\" height=\"409\" \/><br \/><br \/>Cunoa\u015fte cineva Factorii ce Favorizeaz\u0103 evolu\u0163ia \u015fi transmiterea viru\u015filor?<\/span><\/span><\/p>\n<p><span style=\"font-family: Ubuntu;\"><span style=\"font-size: large;\">V\u0103 spun eu, prelu\u00e2nd de la al\u0163ii mult mai De\u015ftep\u0163i ca mine:<\/span><\/span><\/p>\n<p><span style=\"font-family: Ubuntu;\"><span style=\"font-size: large;\">1. Poluarea aerului, apei \u015fi solului produs\u0103 de:<br \/><\/span><\/span><span style=\"font-family: Ubuntu;\"><span style=\"font-size: large;\">&#8211; Fermele Agricole \u015fi Zootehnice controlate de Multina\u0163ionalele Alimentare.<br \/><\/span><\/span><span style=\"font-family: Ubuntu;\"><span style=\"font-size: large;\">&#8211; Folosirea intensiv\u0103 a Combustibilor Fosili.<br \/><\/span><\/span><span style=\"font-family: Ubuntu;\"><span style=\"font-size: large;\">&#8211; Planned Obsolescence<br \/><\/span><\/span><span style=\"font-family: Ubuntu;\"><span style=\"font-size: large;\">&#8211; Industria FUTILULUI.<br \/><\/span><\/span><span style=\"font-family: Ubuntu;\"><span style=\"font-size: large;\">&#8211; Serviciile FUTILE.<br \/><br \/><\/span><\/span><span style=\"font-family: Ubuntu;\"><span style=\"font-size: large;\">2. Suprapopula\u0163ia.<br \/><\/span><\/span><span style=\"font-family: Ubuntu;\"><span style=\"font-size: large;\">3. Ignoran\u0163a.<br \/><\/span><\/span><span style=\"font-family: Ubuntu;\"><span style=\"font-size: large;\">4. Globalizarea.<br \/>5. Igiena precar\u0103 a maselor largi.<\/span><\/span><\/p>\n<p><span style=\"font-family: Ubuntu;\"><span style=\"font-size: large;\">C\u00e2nd se va aplica un \u201elockdown\u201d acestora???<br \/><br \/><b>De ce sunt eliminate toate opiniile unor oameni de \u015ftiin\u0163\u0103, medici, psihiatrii, sociologi care afirm\u0103 c\u0103 <\/b><b>aceast\u0103 <\/b><b>CRIZ\u0102 este o MANIPULARE, mul\u0163i dintre ei fiind chiar expulza\u0163i din posturile lor?<\/b><br \/>Asta echivaleaz\u0103 cu interzicerea Dialecticii, a G\u00eendirii Critice, chiar \u015fi \u00een prezen\u0163a unor Competen\u0163e, inclusiv de nivel de Premiu Nobel. <br \/>CUI BONO?<br \/>St\u0103m \u00een Lockdown p\u00e2n\u0103 ce un \u201efilantrop\u201d ca Bill Gates ne va vinde un vaccin?<br \/>St\u0103m \u00een Lockdown p\u00e2n\u0103 ce SISTEMUL ne va pune C\u0103p\u0103stru???<br \/>Iat\u0103 ce spune <span style=\"color: #111111;\">Arundhati Roy, activist\u0103 pentru Drepturile Omului, ambientalist\u0103 \u015fi scriitoare indian\u0103 , apropos de \u201e<\/span><span style=\"color: #111111;\">Engine<\/span><span style=\"color: #111111;\">\u201d, care nu este altceva dec\u00e2t NOUA AGEND\u0102 a Sistemului:<br \/><br \/><\/span><span style=\"color: #bf0041;\">\u201dOur Task is to Disable the Engine<\/span><\/span><\/span><\/p>\n<p><span style=\"color: #bf0041;\"><span style=\"font-family: Ubuntu;\"><span style=\"font-size: large;\"><br \/>Pandemics are not new. But this is the first in the Digital Age. We are witnessing the convergence of the interests of national level authoritarians with international disaster capitalists and data miners. Here in India, it\u2019s all happening at speed. Facebook has signed up with India\u2019s biggest mobile phone network, Jio, thereby sharing its 400 million WhatsApp user base. Bill Gates is showering praise on Prime Minister Modi, hoping no doubt to amass profits from whatever protocol is rolled out. On Modi\u2019s recommendation, the surveillance\/health app Arogya Setu has already been downloaded by more than 60 million people. It has been made compulsory for government employees. It has also been made compulsory for government servants to donate one day\u2019s salary to the mysterious PM CARES Fund, which will not be publicly audited.<\/span><\/span><\/span><\/p>\n<p align=\"left\"><span style=\"color: #bf0041;\"><span style=\"font-family: Ubuntu;\"><span style=\"font-size: large;\">Pre-corona, if we were sleepwalking into the Surveillance State, now we are panic-running into the arms of a super-surveillance state in which we are being asked to give up everything\u2014our privacy and our dignity, our independence\u2014and allow ourselves to be controlled and micromanaged. Even after the lockdowns are lifted, unless we move fast, we will be incarcerated forever.<\/span><\/span><\/span><\/p>\n<p align=\"left\"><span style=\"color: #bf0041;\"><span style=\"font-family: Ubuntu;\"><span style=\"font-size: large;\">How do we disable this engine? That is our task.\u201d<\/span><\/span><\/span><\/p>\n<p><span style=\"font-family: Ubuntu;\"><span style=\"font-size: large;\"><br \/><\/span><\/span><span style=\"font-family: Ubuntu;\"><span style=\"font-size: large;\">De ce exist\u0103 at\u00e2ta Interes Privat pentru VIRU\u015eI \u00een mii de loca\u0163ii pe tot globul?<br \/>Se \u015ftie oare c\u00e2te \u201eaccidente\u201ds-au petrecut la aceste Laboratoare? <br \/>Se cunosc cifrele de afaceri ale acestora?<br \/>Se g\u00e2nde\u015fte cineva la Posibilele Surse ale Posibilului Terorism Biologic?<br \/><\/span><\/span><span style=\"font-family: Ubuntu;\"><span style=\"font-size: large;\">Se \u015ftie c\u0103 se pot produce \u00een mod artificial viru\u015fi? P\u0103i dac\u0103 tot zicem c\u0103 tr\u0103im pe o Corabie a Nebunilor <\/span><\/span><span style=\"font-family: Ubuntu;\"><span style=\"font-size: large;\">\u015fi<\/span><\/span><span style=\"font-family: Ubuntu;\"><span style=\"font-size: large;\"> c\u0103 suntem la m\u00e2na unor PSIHOPA\u0162I, chiar nu putem admite c\u0103 pot folosi ace\u015fti viru\u015fi \u201e\u00een mod selectiv\u201d???<\/span><\/span><span style=\"font-family: Ubuntu;\"><span style=\"font-size: large;\"><br \/>\u015etie cineva c\u0103 Bill Gates este cel care decide politicile OMS???<br \/><br \/><img loading=\"lazy\" decoding=\"async\" class=\"\" src=\"https:\/\/scontent.fotp1-2.fna.fbcdn.net\/v\/t1.0-9\/96535070_1127155207625405_5831184910601158656_n.jpg?_nc_cat=101&amp;_nc_sid=ca434c&amp;_nc_oc=AQkNo37R-LZepOrwY11EVD7JMwIOIo-ZO94lOJ9TpJiGsh3O-rWgrwNDiOx2kVU6BDU&amp;_nc_ht=scontent.fotp1-2.fna&amp;oh=abc466dce306cb538df046ad5fa0d539&amp;oe=5EE59D82\" alt=\"Este posibil ca imaginea s\u0103 con\u0163in\u0103: 1 persoan\u0103, posibil text care spune \u201ei_am_a_soldiers_voice Bill Gates (a software developer) is allowed to speak on Covid19 but doctors, both medical and chiropractic, are censored by YouTube? If you don't see the problem here you're part of the problem.\u201d\" width=\"297\" height=\"369\" \/><br \/><br \/>\u015etie cineva cine este liderul OMS? <br \/>E un \u201eom al Chinei\u201d.<br \/>Nu sunt \u00eempotriva unor vaccinuri utile, ci a multora din cele futile care se administreaz\u0103 \u00een numele <\/span><\/span><span style=\"font-family: Ubuntu;\"><span style=\"font-size: large;\"><b>Profitului<\/b><\/span><\/span><span style=\"font-family: Ubuntu;\"><span style=\"font-size: large;\">&#8230; \u00een numele <\/span><\/span><span style=\"font-family: Ubuntu;\"><span style=\"font-size: large;\"><b>Propriet\u0103\u0163ii Intelectuale.<\/b><\/span><\/span><span style=\"font-family: Ubuntu;\"><span style=\"font-size: large;\"><br \/>Eu \u00eensumi am fost eliminat din grupul hiperienilor pentru c\u0103 m-am manifestat \u00eempotriva Propriet\u0103\u0163ii Intelectuale \u015fi nu numai. Dac\u0103 se prefer\u0103 Interesele BIG FARMA, atunci nu am niciun regret.<br \/><\/span><\/span><span style=\"font-family: Ubuntu;\"><span style=\"font-size: large;\">Am ajuns noi ilumini\u015ftii s\u0103 c\u0103dem \u00een plasa Or<\/span><\/span><span style=\"font-family: Ubuntu;\"><span style=\"font-size: large;\">ganelor Mediatice ale Sistemului<\/span><\/span><span style=\"font-family: Ubuntu;\"><span style=\"font-size: large;\">?<br \/><\/span><\/span><span style=\"font-family: Ubuntu;\"><span style=\"font-size: large;\">Nu-l cit\u0103m noi adesea pe Nietzsche care cere \u201e<\/span><\/span><span style=\"font-family: Ubuntu;\"><span style=\"font-size: large;\">S<\/span><\/span><span style=\"font-family: Ubuntu;\"><span style=\"font-size: large;\">chimbarea <\/span><\/span><span style=\"font-family: Ubuntu;\"><span style=\"font-size: large;\">T<\/span><\/span><span style=\"font-family: Ubuntu;\"><span style=\"font-size: large;\">uturor Valorilor\u201d?<\/span><\/span><span style=\"font-family: Ubuntu;\"><span style=\"font-size: large;\"><br \/>Nu ar trebui s\u0103 fim noi <\/span><\/span><span style=\"font-family: Ubuntu;\"><span style=\"font-size: large;\">C<\/span><\/span><span style=\"font-family: Ubuntu;\"><span style=\"font-size: large;\">ircumspec\u0163i?<br \/>Nu am aflat \u00eenc\u0103 faptul c\u0103 TR\u0102IM \u00ceNTR-O MINCIUN\u0102 \u015fi c\u0103 Me<\/span><\/span><span style=\"font-family: Ubuntu;\"><span style=\"font-size: large;\">dia<\/span><\/span><span style=\"font-family: Ubuntu;\"><span style=\"font-size: large;\"> este principalul vector <\/span><\/span><span style=\"font-family: Ubuntu;\"><span style=\"font-size: large;\">al OWO<\/span><\/span><span style=\"font-family: Ubuntu;\"><span style=\"font-size: large;\">?<\/span><\/span><span style=\"font-family: Ubuntu;\"><span style=\"font-size: large;\"><br \/><br \/><\/span><\/span><span style=\"font-family: Ubuntu;\"><span style=\"font-size: large;\">\u00cen final, f<\/span><\/span><span style=\"font-family: Ubuntu;\"><span style=\"font-size: large;\">or\u0163ele de \u201eordine\u201d \u015fi de \u201eap\u0103rare\u201d vor face ceea ce \u00eentotdeauna au f\u0103cut: <\/span><\/span><span style=\"font-family: Ubuntu;\"><span style=\"font-size: large;\"><b>REPRESIUNE <\/b><\/span><\/span><span style=\"font-family: Ubuntu;\"><span style=\"font-size: large;\"><b>FIZIC\u0102<\/b><\/span><\/span><span style=\"font-family: Ubuntu;\"><span style=\"font-size: large;\"><b>.<br \/><br \/><\/b><\/span><\/span><span style=\"font-family: Ubuntu;\"><span style=\"font-size: large;\"><img loading=\"lazy\" decoding=\"async\" class=\"\" src=\"https:\/\/imagenes.expreso.ec\/files\/image_700_402\/uploads\/2020\/05\/14\/5ebd9087700ae.jpeg\" alt=\"2\" width=\"357\" height=\"205\" \/><br \/><br \/><br \/><\/span><\/span><span style=\"font-family: Ubuntu;\"><span style=\"font-size: large;\"><b>\u00cen concluzie, cum se poate ca cineva s\u0103 nu identifice \u00een acest moment o AGEND\u0102 <\/b><\/span><\/span><span style=\"font-family: Ubuntu;\"><span style=\"font-size: large;\"><b>ASCUNS\u0102<\/b><\/span><\/span><span style=\"font-family: Ubuntu;\"><span style=\"font-size: large;\"><b>???<br \/><\/b><\/span><\/span><span style=\"font-family: Ubuntu;\"><span style=\"font-size: large;\"><br \/>Cum am ajuns la a\u015fa concluzii?<br \/>Prin <\/span><\/span><span style=\"font-family: Ubuntu;\"><span style=\"font-size: large;\"><b>RA\u0162IUNE \u015fi LOGIC\u0102.<\/b><\/span><\/span><span style=\"font-family: Ubuntu;\"><span style=\"font-size: large;\"><br \/><\/span><\/span><span style=\"font-family: Ubuntu;\"><span style=\"font-size: large;\">Eu a\u015fa a\u015f proceda dac\u0103 a\u015f fi \u00een locul lor \u015fi se \u015ftie c\u0103 dac\u0103 nu e\u015fti capabil s\u0103 te pui profund \u00een MINTEA adversarului, acesta te va surprinde \u00eentotdeauna. <\/span><\/span><span style=\"font-family: Ubuntu;\"><span style=\"font-size: large;\"><br \/>Suntem \u00eentr-un JOC \u015fi-l pierdem regulat de milenii, deoarece nu suntem capabili s\u0103 contracar\u0103m AGENDA lor. O s\u0103 pierdem \u015fi de data asta, ca \u015fi \u00een 2008.<br \/>REVOLU\u0162IA nu se va produce cu Lockdown, cu Distan\u0163area Social\u0103, sau discut\u00e2nd de sexul \u00eengerilor, ci ie\u015find pe str\u0103zi \u015fi ocup\u00e2nd Centrele de Putere. Din p\u0103cate, din nou St\u00e2nga de toate felurile las\u0103 aceast\u0103 form\u0103 de manifestare Dreptei Radicale, care e drept c\u0103 iese \u00een strad\u0103 ca s\u0103 poat\u0103 merge la biserici, stadioane \u015fi baruri, dar o face \u015fi c\u00e2\u015ftig\u0103 consens, mai ales c\u00e2nd se va demonstra c\u0103 toat\u0103 aceast\u0103 Criz\u0103 a fost un <\/span><\/span><span style=\"font-family: Ubuntu;\"><span style=\"font-size: large;\"><b>FA<\/b><\/span><\/span><span style=\"font-family: Ubuntu;\"><span style=\"font-size: large;\"><b>L<\/b><\/span><\/span><span style=\"font-family: Ubuntu;\"><span style=\"font-size: large;\"><b>SE FLAG<\/b><\/span><\/span><span style=\"font-family: Ubuntu;\"><span style=\"font-size: large;\">, pus la cale poate tocmai de OWO.<br \/><br \/><img loading=\"lazy\" decoding=\"async\" class=\"\" src=\"https:\/\/d.newsweek.com\/en\/full\/1583392\/late-night-hosts-weigh-trumps-response-stay-home-protestors.jpg?w=790&amp;f=be6d47dcd2994ae77c3f856543f4b718\" alt=\"Late-Night Hosts Weigh In on Trump's Response to Stay-Home Protestors \" width=\"355\" height=\"236\" \/><br \/><\/span><\/span><span style=\"font-family: Ubuntu;\"><span style=\"font-size: large;\"><b><br \/>Care ar trebui s\u0103 fie AGENDA noastr\u0103 <\/b><\/span><\/span><span style=\"font-family: Ubuntu;\"><span style=\"font-size: large;\"><b>\u00een acest context<\/b><\/span><\/span><span style=\"font-family: Ubuntu;\"><span style=\"font-size: large;\"><b>?<\/b><\/span><\/span><span style=\"font-family: Ubuntu;\"><span style=\"font-size: large;\"><br \/><br \/>\u00cen primul r\u00e2nd ar trebui ca \u015fi noi s\u0103 dorim un Control al Popula\u0163iei, c\u0103 a\u015fa am v\u0103zut \u00eentr-un filmule\u0163 Illuminati cu Georgia Guidestones, dar nu prin <\/span><\/span><span style=\"font-family: Ubuntu;\"><span style=\"font-size: large;\"><b>Eliminare<\/b><\/span><\/span><span style=\"font-family: Ubuntu;\"><span style=\"font-size: large;\">, ci prin <\/span><\/span><span style=\"font-family: Ubuntu;\"><span style=\"font-size: large;\"><b>Con\u015ftientizare <\/b><\/span><\/span><span style=\"font-family: Ubuntu;\"><span style=\"font-size: large;\">\u015f<\/span><\/span><span style=\"font-family: Ubuntu;\"><span style=\"font-size: large;\">i \u00een mod <\/span><\/span><span style=\"font-family: Ubuntu;\"><span style=\"font-size: large;\"><b>T<\/b><\/span><\/span><span style=\"font-family: Ubuntu;\"><span style=\"font-size: large;\"><b>reptat<\/b><\/span><\/span><span style=\"font-family: Ubuntu;\"><span style=\"font-size: large;\"><b>. <br \/><\/b><\/span><\/span><span style=\"font-family: Ubuntu;\"><span style=\"font-size: large;\"><b>MAO ZEDONG <\/b><\/span><\/span><span style=\"font-family: Ubuntu;\"><span style=\"font-size: large;\">a demonstrat c\u0103 se poate!&#8230; din nou CHINA!?<br \/><br \/><img loading=\"lazy\" decoding=\"async\" class=\"\" src=\"https:\/\/i.pinimg.com\/originals\/8e\/dd\/4e\/8edd4eb1d04916d41dd483abf81ac88b.jpg\" alt=\"Summer Of Monuments: 9-28-14 Special Georgia Guidestone Block Decoded\" width=\"375\" height=\"317\" \/><br \/><\/span><\/span><span style=\"font-family: Ubuntu;\"><span style=\"font-size: large;\"><b><br \/><\/b><\/span><\/span><span style=\"font-family: Ubuntu;\"><span style=\"font-size: large;\">Suprapopula\u0163ia e o chestiune legat\u0103 de <\/span><\/span><span style=\"font-family: Ubuntu;\"><span style=\"font-size: large;\">o<\/span><\/span><span style=\"font-family: Ubuntu;\"><span style=\"font-size: large;\"> Libertate Negativ\u0103, ce trebuie \u00eenlocuit\u0103 de Libertatea Pozitiv\u0103 <\/span><\/span><span style=\"font-family: Ubuntu;\"><span style=\"font-size: large;\">de<\/span><\/span><span style=\"font-family: Ubuntu;\"><span style=\"font-size: large;\"> a se avea \u00een vedere INTERESUL GENERAL. <br \/><\/span><\/span><span style=\"font-family: Ubuntu;\"><span style=\"font-size: large;\">Suprapopula\u0163ia este rezultatul activit\u0103\u0163ii Creierului Reptilian.<br \/>Suprapopula\u0163ia este datorat\u0103 Spiritului Other-Directed \u015fi Tradition-Directed.<br \/>Suprapopula\u0163ia a fost stimulat\u0103 p\u00e2n\u0103 \u00een prezent de OWO cu scopul multiplic\u0103rii num\u0103rului de Sclavi.<br \/><\/span><\/span><span style=\"font-family: Ubuntu;\"><span style=\"font-size: large;\">Trebuiesc luate m\u0103suri de reducere treptat\u0103 a popula\u0163iei globale pentru a avea o <\/span><\/span><span style=\"font-family: Ubuntu;\"><span style=\"font-size: large;\"><b>DEZVOLTARE SUSTENABIL\u0102!!!<br \/><\/b><\/span><\/span><span style=\"font-family: Ubuntu;\"><span style=\"font-size: large;\"><b>Trebuie s\u0103 punem la treab\u0103 Neocortexul.<br \/><br \/><img decoding=\"async\" src=\"https:\/\/1.bp.blogspot.com\/_DeOrUlIt_nQ\/S7j6x_LT7oI\/AAAAAAAAGTQ\/80gNpOp_w3I\/s400\/train-in-pakistan01.jpg\" \/><br \/><\/b><\/span><\/span><span style=\"font-family: Ubuntu;\"><span style=\"font-size: large;\"><br \/>\u015ei \u00een acest caz am notat confuzie printre ilumini\u015ftii \u015fi hiperienii care neag\u0103 existen\u0163a unui pericol \u00een <\/span><\/span><span style=\"font-family: Ubuntu;\"><span style=\"font-size: large;\"><b>Suprapopula\u0163ie<\/b><\/span><\/span><span style=\"font-family: Ubuntu;\"><span style=\"font-size: large;\">, <\/span><\/span><span style=\"font-family: Ubuntu;\"><span style=\"font-size: large;\">de\u015fi Punctul 2 pe Georgia Guidestones este acceptat de Illuminati prin afirma\u0163iile C<\/span><\/span><span style=\"font-family: Ubuntu;\"><span style=\"font-size: large;\">o<\/span><\/span><span style=\"font-family: Ubuntu;\"><span style=\"font-size: large;\">rona Party <\/span><\/span><span style=\"font-family: Ubuntu;\"><span style=\"font-size: large;\">\u015fi publicizarea monumentului <\/span><\/span><span style=\"font-family: Ubuntu;\"><span style=\"font-size: large;\">\u00een propriile filme<\/span><\/span><span style=\"font-family: Ubuntu;\"><span style=\"font-size: large;\">. Aceast\u0103 P<\/span><\/span><span style=\"font-family: Ubuntu;\"><span style=\"font-size: large;\">roblem\u0103 nu mai poate fi rezolvat\u0103 ca de obicei cu R\u0103zboaie \u015fi S\u0103r\u0103cie, fiind necesar\u0103 eventual o&#8230; <\/span><\/span><span style=\"font-family: Ubuntu;\"><span style=\"font-size: large;\"><b>Pandemie!<\/b><\/span><\/span><span style=\"font-family: Ubuntu;\"><span style=\"font-size: large;\"><b>?<\/b><\/span><\/span><span style=\"font-family: Ubuntu;\"><span style=\"font-size: large;\"> <br \/>Noi <\/span><\/span><span style=\"font-family: Ubuntu;\"><span style=\"font-size: large;\">de la Mi\u015fcarea Dacia <\/span><\/span><span style=\"font-family: Ubuntu;\"><span style=\"font-size: large;\">atragem aten\u0163ia de 11 ani asupra acestei eventualit\u0103\u0163i \u015fi am men\u0163ionat-o deja \u015fi \u00een c\u0103r\u0163ile noastre. <br \/><br \/>\u00cen al doilea r\u00e2nd, nu e nicidecum r\u0103u s\u0103 elimin\u0103m activit\u0103\u0163ile <\/span><\/span><span style=\"font-family: Ubuntu;\"><span style=\"font-size: large;\"><b>FUTILE<\/b><\/span><\/span><span style=\"font-family: Ubuntu;\"><span style=\"font-size: large;\"> dac\u0103 se va face \u00een Interesul General \u015fi nu \u00een Interesul individual \u015fi de grup al unei Elite din ce \u00een ce mai \u201erarefiat\u0103\u201d \u00een viitor \u015fi mai puternic\u0103. Recomand c\u0103lduros acest filmule\u0163 pentru a avea imaginea mai clar\u0103:<br \/><br \/><a href=\"https:\/\/www.youtube.com\/watch?v=Zk11vI-7czE&amp;fbclid=IwAR1lJhoR0SpYs-APCxYaxWTccC4EE3y6Ubx0Cs3BaaMvMiCerodraeHQWMo\">https:\/\/www.youtube.com\/watch?v=Zk11vI-7czE&amp;fbclid=IwAR1lJhoR0SpYs-APCxYaxWTccC4EE3y6U<br \/>bx0Cs3BaaMvMiCerodraeHQWMo<\/a><br \/><br \/>Ilumini\u015ftii \u015fi Hiperienii ar trebui s\u0103 adere la <\/span><\/span><span style=\"font-family: Ubuntu;\"><span style=\"font-size: large;\"><b>HAPPY DEGROWTH<\/b><\/span><\/span><span style=\"font-family: Ubuntu;\"><span style=\"font-size: large;\"> cerut\u0103 tot mai insistent de un mare num\u0103r de activi\u015fti socio-economici \u015fi oameni de \u015ftiin\u0163\u0103 RESPONSABILI. \u00cen felul \u0103sta s-ar face un mare pas \u00eenainte pentru crearea unei <\/span><\/span><span style=\"font-family: Ubuntu;\"><span style=\"font-size: large;\"><b>MASE CRITICE REVOLU\u0162IONARE.<\/b><\/span><\/span><span style=\"font-family: Ubuntu;\"><span style=\"font-size: large;\"><br \/><\/span><\/span><span style=\"font-family: Ubuntu;\"><span style=\"font-size: large;\">Trebuie s\u0103 \u00eempiedic\u0103m cu orice pre\u0163 REPORNIREA unei Lumi Bolnave Cronic, a Capitalismului devenit un adev\u0103rat ZOMBIE.<br \/><br \/><img loading=\"lazy\" decoding=\"async\" class=\"\" src=\"https:\/\/www.localfutures.org\/wp-content\/uploads\/degrowth-300x258.jpg\" width=\"439\" height=\"379\" \/><br \/><\/span><\/span><span style=\"font-family: Ubuntu;\"><span style=\"font-size: large;\"><br \/>Apropos de Lockdown, se vorbe\u015fte azi de CRE\u015eTERA NUM\u0102RULUI DE DECESE ceea ce este adev\u0103rat. Avem de-a face cu un virus mai pizdos.<br \/>COVID-19 se demonstreaz\u0103 mortal pentru cei cu comorbidit\u0103\u0163i grave, \u00een special cei cu v\u00e2rsta \u00eenaintat\u0103. <br \/><\/span><\/span><span style=\"font-family: Ubuntu;\"><span style=\"font-size: large;\">Este corect s\u0103 se fac\u0103 ATEN\u0162ION\u0102RI de pericol, s\u0103 se RECOMANDE m\u0103suri de protec\u0163ie, dar nu s\u0103 fie IMPUSE \u00een barba Drepturilor Fundamentale ale Oamenilor. Dac\u0103 unul vrea s\u0103 ia \u00eemp\u0103rt\u0103\u015fanie cu o linguri\u0163\u0103 unic\u0103, dac\u0103 vrea s\u0103 pupe balele altora pe icoane, dac\u0103 vor s\u0103 se t\u00e2rasc\u0103 prin praful bisericilor, ei trebuiesc l\u0103sa\u0163i s-o fac\u0103, <\/span><\/span><span style=\"font-family: Ubuntu;\"><span style=\"font-size: large;\">deoarece a\u015fa cum am mai spus, \u201esuntem prea Mul\u0163i \u015fi prea Pro\u015fti\u201d.<br \/>Apoi, de unde at\u00e2ta FRIC\u0102 DE MOARTE la unii ilumini\u015fti, care a<\/span><\/span><span style=\"font-family: Ubuntu;\"><span style=\"font-size: large;\">ltfel sus\u0163in<\/span><\/span><span style=\"font-family: Ubuntu;\"><span style=\"font-size: large;\"> c\u0103 Sufletul e prizonier \u00een Corp??? E adev\u0103rat c\u0103 \u201eoamenii inteligen\u0163i tr\u0103iesc mai mult\u201d, deci ace\u015ftia vor \u015ftii ce trebuie f\u0103cut \u00een acest scop, dar f\u0103r\u0103 a renun\u0163a la Libertate prin Supunere la OWO. <\/span><\/span><span style=\"font-family: Ubuntu;\"><span style=\"font-size: large;\"><br \/>Cu aceast\u0103 ocazie au ie\u015fit la iveal\u0103 caren\u0163e grave \u00een Sistemele de S\u0103n\u0103tate, dar la ce te po\u0163i a\u015ftepta c\u00e2nd bugetele S\u0103n\u0103t\u0103\u0163ii <\/span><\/span><span style=\"font-family: Ubuntu;\"><span style=\"font-size: large;\">Publice <\/span><\/span><span style=\"font-family: Ubuntu;\"><span style=\"font-size: large;\">au fost t\u0103iate sistematic peste tot? S\u0103n\u0103tatea Privat\u0103 s-a demonstrat cu aceast\u0103 ocazie inexistent\u0103 \u00een control \u015fi ac\u0163iune. \u00cenc\u0103 o prob\u0103 c\u0103 Sistemul Sanitar trebuie s\u0103 fie exclusiv STATAL. <br \/>De Rom\u00e2nia ce s\u0103 mai vorbim, c\u0103 tot veni vorba!? 30.000 de medici au fost goni\u0163i afar\u0103 \u015fi consecin\u0163ele se v\u0103d. <br \/>\u00cen plus, Rom\u00e2nia e pe ultimul loc \u00een UE la consumul de s\u0103pun. <br \/>Avem cea mai mare rat\u0103 de Abandon \u015ecolar. <br \/>Suntem \u0103i mai CREDINCIO\u015eI din UE. <br \/><br \/><img loading=\"lazy\" decoding=\"async\" class=\"\" src=\"https:\/\/danuttanase.files.wordpress.com\/2009\/11\/pupat-de-moaste.jpg?w=584\" alt=\"Daca VIU este Domnul, de ce pupati MORTI?! | Danut Tanase\" width=\"478\" height=\"302\" \/><br \/><br \/>Dar hai s\u0103 vedem situa\u0163ia \u00een cel mai puternic stat din Lume:<br \/>P\u00e2n\u0103 pe 11 mai, \u00een SUA au murit circa 80.000 de oameni cu simptome COVID-19, fa\u0163\u0103 de 40.000 anul trecut, dar raportat la circa 1,5 milioane de cazuri confirmate, avem un procent de 5,8% decese. Dar voci autorizate presupun c\u0103 Rata Infect\u0103rii este de circa 10 ori mai mare, deci ar trebui mutat\u0103 virgula \u015fi am intra sub procentul de 2% (0,58%) la care se consider\u0103 PANDEMIE dup\u0103 indica\u0163iile OMS. S-au f\u0103cut numai 8 milioane de tampoane la o popula\u0163ie de 330 milioane. Cine a f\u0103cut tampoane printre milioanele de s\u0103raci, f\u0103r\u0103 ad\u0103post, f\u0103r\u0103 asisten\u0163\u0103 sanitar\u0103??? Cu toate astea, sunt num\u0103ra\u0163i \u015fi mor\u0163ii din aceste categorii, care \u015fi p\u00e2n\u0103 azi erau \u00eengropa\u0163i la gr\u0103mad\u0103 \u00een gropi comune&#8230; dar asta MEDIA nu v-a ar\u0103tat p\u00e2n\u0103 azi!?<br \/><br \/><a href=\"https:\/\/www.youtube.com\/watch?v=KLODGhEyLvk&amp;feature=share&amp;fbclid=IwAR01aeUkA_Ct1wgq1XgqJmG-z_iOCjJ6PSXNqHW-U5WkhD-4wY8C1njkyM0\">https:\/\/www.youtube.com\/watch?v=KLODGhEyLvk&amp;feature=share&amp;fbclid=Iw<br \/>AR01aeUkA_Ct1wgq1XgqJmG-z_iOCjJ6PSXNqHW-U5WkhD-4wY8C1njkyM0\u00a0<\/a><br \/><br \/>Situa\u0163ia este asem\u0103n\u0103toare \u00een toate \u0163\u0103rile dezvoltate.<br \/>De Rom\u00e2nia, ce s\u0103 mai vorbim. Avem <\/span><\/span><span style=\"font-family: Ubuntu;\"><span style=\"font-size: large;\">cca.<\/span><\/span><span style=\"font-family: Ubuntu;\"><span style=\"font-size: large;\"> 1000 de mor\u0163i la 15.000 de infect\u0103ri, <\/span><\/span><span style=\"font-family: Ubuntu;\"><span style=\"font-size: large;\">9<\/span><\/span><span style=\"font-family: Ubuntu;\"><span style=\"font-size: large;\">500 vindec\u0103ri \u015fi de 5 ori mai pu\u0163ine test\u0103ri (0.3%) dec\u00e2t \u0163\u0103rile dezvoltate, care au testat \u00een jur de 1-2% din popula\u0163ie.<br \/>Plec\u00e2nd de la Rata Mortalit\u0103\u0163ii de cca.1,3% din Rom\u00e2nia, putem spune c\u0103 anual \u00een Rom\u00e2nia mor 260.000 de oameni, deci cca. 20.000 pe lun\u0103. <br \/>Numai din cauza afec\u0163iunilor respiratorii, mor anual \u00een Rom\u00e2nia 40.000 de oameni, deci 3.333 pe lun\u0103. C\u00e2\u0163i au murit de COVID-19 \u00een Rom\u00e2nia \u00een ultimile 2 luni? Mai pu\u0163in de 1000.<br \/>C\u00e2\u0163i oameni mor de Cancer, Cardiopatii \u015famd.? <br \/>Iat\u0103 mai jos un document al Institutului Na\u0163ional de Statistic\u0103 din 2019:<br \/><br \/><\/span><\/span><span style=\"font-family: Ubuntu;\"><span style=\"font-size: large;\"><i>\u201eFaptul c\u0103 \u00een Rom\u00e2nia, ratele de mortalitate sunt, \u00een prezent, la un nivel substan\u0163ial mai ridicat comparativ cu ratele \u00eenregistrate de majoritatea statelor membre ale UE explic\u0103, \u00een parte, decalajele mari \u00een ceea ce prive\u015fte durata medie a vie\u0163ii persoanelor de sex masculin \u015fi, respectiv, feminin din Rom\u00e2nia \u015fi din celelalte \u0163\u0103ri europene.<\/i><\/span><\/span><\/p>\n<p><span style=\"font-family: Ubuntu;\"><span style=\"font-size: large;\"><i>Datele statistice privind ratele de mortalitate pe principalele cinci cauze de deces \u015fi medii de reziden\u0163\u0103 \u00een perioada 2005-2018 arat\u0103 urm\u0103toarele evolu\u0163ii:<\/i><\/span><\/span><\/p>\n<p><span style=\"font-family: Ubuntu;\"><span style=\"font-size: large;\"><i>&#8211; Ratele de mortalitate au fost substan\u0163ial mai mari \u00een mediul rural comparativ cu cel urban.<\/i><\/span><\/span><\/p>\n<p><span style=\"font-family: Ubuntu;\"><span style=\"font-size: large;\"><i>Este de remarcat faptul c\u0103 aceste diferen\u0163e au fost \u015fi au r\u0103mas extrem de mari \u00een cazul ratei mortalit\u0103\u0163ii din cauza bolilor aparatului circulator.<\/i><\/span><\/span><\/p>\n<p><span style=\"font-family: Ubuntu;\"><span style=\"font-size: large;\"><i>&#8211; Ratele de mortalitate din cauza bolilor aparatului circulator \u00een perioada 2005-2018 au \u00eenregistrat o tendin\u0163\u0103 de cre\u015ftere \u00een mediul urban (de la 517,7 decese la 100000 locuitori la 523,5 decese la 100000 locuitori) \u015fi o sc\u0103dere \u00een rural (de la 985,0 decese la 100000 locuitori la 867,2 decese la 100000 locuitori).<\/i><\/span><\/span><\/p>\n<p><span style=\"font-family: Ubuntu;\"><span style=\"font-size: large;\"><i>&#8211; Dup\u0103 bolile aparatului circulator, tumorile reprezint\u0103 cea de-a doua cauz\u0103 a mortalit\u0103\u0163ii \u00een Rom\u00e2nia. \u00cen perioada 2005-2018, intensitatea mortalit\u0103\u0163ii av\u00e2nd aceast\u0103 cauz\u0103 a crescut \u00een urban de la 193,7 decese la 100000 locuitori (\u00een anul 2005) la 233,1 decese la 100.000 locuitori (\u00een anul 2018) \u015fi \u00een rural de la 204,8 decese la 100.000 locuitori (\u00een anul 2005) la 232,6 decese la 100.000 locuitori (\u00een anul 2018).<\/i><\/span><\/span><\/p>\n<p><span style=\"font-family: Ubuntu;\"><span style=\"font-size: large;\"><i>&#8211; Exist\u0103 o tendin\u0163\u0103 de cre\u015ftere a ratelor de mortalitate din cauza bolilor aparatului respirator \u00een mediul urban, \u00een anul 2018 (64,9 decese la 100000 locuitori) comparativ cu anul 2005 (41,3 decese la 100000 locuitori).\u201d <br \/><br \/><\/i><\/span><\/span><span style=\"font-family: Ubuntu;\"><span style=\"font-size: large;\"><i>sursa:<\/i><\/span><\/span> <span style=\"font-family: Ubuntu;\"><span style=\"font-size: large;\"><b>Institutul Na\u0163ional de Statistic\u0103<br \/><br \/><\/b><\/span><\/span><span style=\"font-family: Ubuntu;\"><span style=\"font-size: large;\">Este evident c\u0103 N<\/span><\/span><span style=\"font-family: Ubuntu;\"><span style=\"font-size: large;\">U<\/span><\/span><span style=\"font-family: Ubuntu;\"><span style=\"font-size: large;\"> avem o PANDEMIE!!!<br \/>Ieri am avut pl\u0103cuta surpriz\u0103 s\u0103 v\u0103d o Manifesta\u0163ie la Bucure\u015fti \u00eempotriva ABUZURILOR <\/span><\/span><span style=\"font-family: Ubuntu;\"><span style=\"font-size: large;\">din aceste zile ale <\/span><\/span><span style=\"font-family: Ubuntu;\"><span style=\"font-size: large;\">guvernului, pre\u015fedintelui, responsabililor sanitari, jurnali\u015ftilor, <\/span><\/span><span style=\"font-family: Ubuntu;\"><span style=\"font-size: large;\">poli\u0163iei<\/span><\/span><span style=\"font-family: Ubuntu;\"><span style=\"font-size: large;\">. Manifestan\u0163ii au <\/span><\/span><span style=\"font-family: Ubuntu;\"><span style=\"font-size: large;\">ignorat <\/span><\/span><span style=\"font-family: Ubuntu;\"><span style=\"font-size: large;\">interdic\u0163ia de a manifesta \u015fi au promis ac\u0163iuni, inclusiv legale, <\/span><\/span><span style=\"font-family: Ubuntu;\"><span style=\"font-size: large;\">\u00eempotriva celor care au \u00eenc\u0103lcat <\/span><\/span><span style=\"font-family: Ubuntu;\"><span style=\"font-size: large;\">grosolan <\/span><\/span><span style=\"font-family: Ubuntu;\"><span style=\"font-size: large;\"> CONSTUITU\u0162IA. <\/span><\/span><span style=\"font-family: Ubuntu;\"><span style=\"font-size: large;\">Manifestan\u0163ii s-au organizat deja \u015fi afirm\u0103 c\u0103 au PROBE cum c\u0103 nu am avut nicio PANDEMIE. Cum MATEMATICA nu este o OPINIE, <\/span><\/span><span style=\"font-family: Ubuntu;\"><span style=\"font-size: large;\">cur\u00e2nd <\/span><\/span><span style=\"font-family: Ubuntu;\"><span style=\"font-size: large;\"> statisticile vor demonstra acest lucru.<br \/>Iat\u0103 cum ar fi trebuit s\u0103 se manifeste \u015fi ILUMINI\u015eTII, deoarece aceast\u0103 Criz\u0103 putea fi o OPORTUNITATE pentru schimb\u0103ri majore.<br \/><br \/><\/span><\/span><span style=\"font-family: Ubuntu;\"><span style=\"font-size: large;\"><img loading=\"lazy\" decoding=\"async\" class=\"\" src=\"https:\/\/scontent.fotp1-1.fna.fbcdn.net\/v\/t1.0-9\/97570038_118201429886088_1455849847255990272_n.jpg?_nc_cat=108&amp;_nc_sid=8024bb&amp;_nc_oc=AQnvbPA3oHiq7-pz9GXqJymxei9ap73r9yO5Z8JcPbBHHGYdUkLsXbdW1Y29KtkYQIw&amp;_nc_ht=scontent.fotp1-1.fna&amp;oh=03b581e6c250e75f1450ba4d72e02482&amp;oe=5EE77E94\" alt=\"Este posibil ca imaginea s\u0103 con\u0163in\u0103: 1 persoan\u0103, st\u00e2nd \u00een picioare \u015fi \u00een aer liber\" width=\"398\" height=\"591\" \/><br \/><br \/>C\u00e2nd vom avea datele INS pe anul \u00een curs, vom nota c\u0103 nu au fost modific\u0103ri substan\u0163iale fa\u0163\u0103 de anii anteriori.<br \/>Atunci ne vom \u00eentreba DE CE AT\u00c2TA TEVATUR\u0102???<br \/>&#8211; S-a oprit economia.<br \/>&#8211; S-au \u00eenchis \u015fcolile (care \u015fi a\u015fa asigurau cea mai slab\u0103 preg\u0103tire din UE).<br \/>&#8211; Lockdown-ul a dus la explozia depresiunilor, violen\u0163ei domestice \u015fi ale afec\u0163iunilor psihice \u00een general. <br \/>&#8211; <\/span><\/span><span style=\"font-family: Ubuntu;\"><span style=\"font-size: large;\">S-a<\/span><\/span><span style=\"font-family: Ubuntu;\"><span style=\"font-size: large;\"> oprit tratarea altor afec\u0163iuni grave \u00een spitale <\/span><\/span><span style=\"font-family: Ubuntu;\"><span style=\"font-size: large;\">ocupate exclusiv de Urgen\u0163a COVID-19 \u015fi devenite cu acest prilej cele mai importante Surse de Infec\u0163ie at\u00e2t pentru pacien\u0163i, c\u00e2t \u015fi pentru personalul medical..<br \/>M<\/span><\/span><span style=\"font-family: Ubuntu;\"><span style=\"font-size: large;\">ul\u0163i medici avertiz\u00e2nd de explozia acestora \u00een perioada urm\u0103toare. <\/span><\/span><span style=\"font-family: Ubuntu;\"><span style=\"font-size: large;\">Vom avea mai mul\u0163i mor\u0163i pentru Boli Cronice dec\u00e2t pentru Covid-19.<\/span><\/span><span style=\"font-family: Ubuntu;\"><span style=\"font-size: large;\"><br \/>&#8211; Datoria Suveran\u0103 va face un salt \u00eenainte enorm. <br \/>&#8211; Familiile au fost vl\u0103guite de resurse \u015fi mul\u0163i se vor \u00eendebita la b\u0103nci \u00een viitorul apropiat. <br \/>&#8211; Multe zeci de mii de lucr\u0103tori au r\u0103mas \u015fomeri. <br \/>&#8211; Multe afaceri s-au stins. <br \/>&#8211; S-a instaurat un adev\u0103rat TERORISM DE STAT prin introducerea MILITARIZ\u0102RII \u015fi ABUZURILOR POLI\u0162IENE\u015eTI, \u00een barba elementarelor <\/span><\/span><span style=\"font-family: Ubuntu;\"><span style=\"font-size: large;\">D<\/span><\/span><span style=\"font-family: Ubuntu;\"><span style=\"font-size: large;\">repturi <\/span><\/span><span style=\"font-family: Ubuntu;\"><span style=\"font-size: large;\">C<\/span><\/span><span style=\"font-family: Ubuntu;\"><span style=\"font-size: large;\">et\u0103\u0163ene\u015fti consfin\u0163ite prin Constitu\u0163ie. <\/span><\/span><span style=\"font-family: Ubuntu;\"><span style=\"font-size: large;\">Totul cu complicitatea unor a\u015fa-zi\u015fi speciali\u015fti sanitari.<br \/>Nu e exclus ca \u00een viitor s\u0103 avem un adev\u0103rat \u201eNuremberg\u201d pe aceast\u0103 tem\u0103!?<br \/>&#8211; Am avut confirmarea, dac\u0103 mai era nevoie, c\u0103 \u201eToate Partidele Sunt Aceea\u015fi Mizerie\u201d&#8230; a venit vremea pentru O ALTFEL DE POLITIC\u0102 cu al\u0163i protagoni\u015fti!!!<br \/><br \/><img loading=\"lazy\" decoding=\"async\" class=\"\" src=\"https:\/\/scontent.fotp1-2.fna.fbcdn.net\/v\/t1.0-9\/p720x720\/97562561_2781992648596906_3849094221172572160_o.jpg?_nc_cat=106&amp;_nc_sid=8024bb&amp;_nc_oc=AQmUy34gUCU97auTM06O6jdH2cWHmM7LNnUTKDd6BoQZPt5zXPg5sM3ouuKowYHaowY&amp;_nc_ht=scontent.fotp1-2.fna&amp;_nc_tp=6&amp;oh=d077f6a1c7b810caf09bea0c542ae54a&amp;oe=5EE793AE\" alt=\"Este posibil ca imaginea s\u0103 con\u0163in\u0103: text\" width=\"481\" height=\"361\" \/><\/span><\/span><span style=\"font-family: Ubuntu;\"><span style=\"font-size: large;\"><br \/><br \/><\/span><\/span><span style=\"font-family: Ubuntu;\"><span style=\"font-size: large;\"><b>Poate spune cineva c\u0103 nu e pe AGENDA cuiva a\u015fa situa\u0163ie???<br \/><\/b><\/span><\/span><span style=\"font-family: Ubuntu;\"><span style=\"font-size: large;\"><br \/>Noi ilumini\u015ftii ar trebui s\u0103 ne bucur\u0103m de aceast\u0103 CRIZ\u0102 SISTEMIC\u0102 \u015fi mul\u0163i o fac.<br \/>M-a\u015f bucura \u015fi eu dac\u0103 ar fi controlat\u0103 de noi, dar sunt sigur c\u0103 acest control \u00eel are OWO!!!<br \/><\/span><\/span><span style=\"font-family: Ubuntu;\"><span style=\"font-size: large;\">Aceast\u0103 Criz\u0103 poate fi o Oportunitate pentru noi Ilumini\u015ftii, c\u00e2t \u015fi pentru Planet\u0103 <\/span><\/span><span style=\"font-family: Ubuntu;\"><span style=\"font-size: large;\">dar nu trebuie s\u0103 accept\u0103m Solu\u0163iile OWO <br \/><\/span><\/span><span style=\"font-family: Ubuntu;\"><span style=\"font-size: large;\">Nu trebuie s\u0103 accept\u0103m REPORNIREA pe acelea\u015fi coordonate.<\/span><\/span><span style=\"font-family: Ubuntu;\"><span style=\"font-size: large;\"><br \/>Da, e un virus mai violent \u015fi mai mobil \u015fi nu putem s\u0103 nu b\u0103nuim c\u0103 a fost fabricat a\u015fa \u00een mod inten\u0163ionat, dac\u0103 vedem m\u0103surile aberante pe care le iau guvernan\u0163ii. <br \/><\/span><\/span><span style=\"font-family: Ubuntu;\"><span style=\"font-size: large;\">Adev\u0103ratele cauze ale virulen\u0163ei COVID-19 \u015fi a celor ce \u00ee\u015fi vor face apari\u0163ia \u00een viitorul apropiat are CAUZE evidente \u015fi acolo trebuie ac\u0163ionat, nicidecum pun\u00e2ndu-ne Botni\u0163e \u015fi Distan\u0163<\/span><\/span><span style=\"font-family: Ubuntu;\"><span style=\"font-size: large;\">\u00e2n<\/span><\/span><span style=\"font-family: Ubuntu;\"><span style=\"font-size: large;\">du-ne Social.<br \/>Suntem \u00een Pragul Extinc\u0163iei \u015fi noi de la Mi\u015fcarea Dacia avertiz\u0103m de 11 ani despre acest Pericol, f\u0103r\u0103 a fi b\u0103ga\u0163i \u00een seam\u0103 \u015fi f\u0103r\u0103 a reu\u015fi s\u0103 cre\u0103m o MAS\u0102 CRITIC\u0102 REVOLU\u0162IONAR\u0102 \u00een Dacia.<br \/>S\u0103 sper\u0103m c\u0103 nu e prea t\u00e2rziu \u015fi c\u0103 nu am trecut deja de PUNCTUL DE NE\u00ceNTOARCERE!?!?<\/span><\/span><span style=\"font-family: Ubuntu;\"><span style=\"font-size: large;\"><br \/><br \/><img loading=\"lazy\" decoding=\"async\" class=\"\" src=\"https:\/\/scontent.fotp1-1.fna.fbcdn.net\/v\/t1.0-9\/97988590_10222869564993628_7995879506168512512_n.jpg?_nc_cat=110&amp;_nc_sid=dd9801&amp;_nc_oc=AQmPtSaCygdv1aZ9Uph1I8d_Ooti337O3m6kfK0W3Ssxm_fRZmZfZ4vujgUf_e0cUWc&amp;_nc_ht=scontent.fotp1-1.fna&amp;oh=753a12351e474168c463ebb301e5c353&amp;oe=5EE534C3\" alt=\"Nu este disponibil\u0103 nicio descriere pentru fotografie.\" width=\"487\" height=\"495\" \/><br \/><br \/><\/span><\/span><span style=\"font-family: Ubuntu;\"><span style=\"font-size: large;\"><b>\u00cencheiere<br \/><br \/>Sper ca \u00een viitorul apropiat, cei care ne-au obligat la IZOLARE \u015fi DISTAN\u0162IERE SOCIAL\u0102 pe baza unui FALSE FLAG <\/b><\/span><\/span><span style=\"font-family: Ubuntu;\"><span style=\"font-size: large;\"><b>\u015fi care inten\u0163ioneaz\u0103 azi s\u0103 REPORNEASC\u0102 pe acelea\u015fi coordonate, <\/b><\/span><\/span><span style=\"font-family: Ubuntu;\"><span style=\"font-size: large;\"><b>s\u0103 fie \u015fi ei pu\u015fi \u00een IZOLARE \u015fi DISTAN\u0162IA\u0162I SOCIAL <\/b><\/span><\/span><span style=\"font-family: Ubuntu;\"><span style=\"font-size: large;\"><b>pentru o perioad\u0103 rezultat\u0103 din \u00eensumarea celor ale cet\u0103\u0163enilor.<\/b><\/span><\/span><span style=\"font-family: Ubuntu;\"><span style=\"font-size: large;\"><br \/><\/span><\/span><\/p>\n","protected":false},"excerpt":{"rendered":"<p>AGENDA ASCUNS\u0102 Voi face din nou pe avocatul diavolului.Revin la G\u00c2NDIREA CRITIC\u0102 asupra Hiperianismului cu ocazia afirma\u0163iilor lui Morgue relative la Criza COVID-19, cum c\u0103 OWO nu are o AGEND\u0102 ASCUNS\u0102, c\u0103 s-ar c\u0103ca pe ei de fric\u0103, precum \u015fi a recomand\u0103rii explicite a LOCKDOWN-ului. Asta, dup\u0103 ce am mai intrat o dat\u0103 \u00een conflict [&hellip;]<\/p>\n","protected":false},"author":2,"featured_media":0,"comment_status":"open","ping_status":"open","sticky":false,"template":"","format":"standard","meta":{"footnotes":""},"categories":[3092],"tags":[3203,3202],"jetpack_featured_media_url":"","_links":{"self":[{"href":"http:\/\/bassdu.mine.bz\/index.php?rest_route=\/wp\/v2\/posts\/6136"}],"collection":[{"href":"http:\/\/bassdu.mine.bz\/index.php?rest_route=\/wp\/v2\/posts"}],"about":[{"href":"http:\/\/bassdu.mine.bz\/index.php?rest_route=\/wp\/v2\/types\/post"}],"author":[{"embeddable":true,"href":"http:\/\/bassdu.mine.bz\/index.php?rest_route=\/wp\/v2\/users\/2"}],"replies":[{"embeddable":true,"href":"http:\/\/bassdu.mine.bz\/index.php?rest_route=%2Fwp%2Fv2%2Fcomments&post=6136"}],"version-history":[{"count":3,"href":"http:\/\/bassdu.mine.bz\/index.php?rest_route=\/wp\/v2\/posts\/6136\/revisions"}],"predecessor-version":[{"id":6139,"href":"http:\/\/bassdu.mine.bz\/index.php?rest_route=\/wp\/v2\/posts\/6136\/revisions\/6139"}],"wp:attachment":[{"href":"http:\/\/bassdu.mine.bz\/index.php?rest_route=%2Fwp%2Fv2%2Fmedia&parent=6136"}],"wp:term":[{"taxonomy":"category","embeddable":true,"href":"http:\/\/bassdu.mine.bz\/index.php?rest_route=%2Fwp%2Fv2%2Fcategories&post=6136"},{"taxonomy":"post_tag","embeddable":true,"href":"http:\/\/bassdu.mine.bz\/index.php?rest_route=%2Fwp%2Fv2%2Ftags&post=6136"}],"curies":[{"name":"wp","href":"https:\/\/api.w.org\/{rel}","templated":true}]}}