{"id":626,"date":"2009-12-26T13:59:24","date_gmt":"2009-12-26T12:59:24","guid":{"rendered":"http:\/\/bassdu.mine.nu\/?p=626"},"modified":"2009-12-26T13:59:24","modified_gmt":"2009-12-26T12:59:24","slug":"caracterul-complementar-al-miscarii-virtuale-dacia","status":"publish","type":"post","link":"http:\/\/bassdu.mine.bz\/?p=626","title":{"rendered":"Caracterul complementar al &#8220;Mi\u015fc\u0103rii Virtuale DACIA&#8221;"},"content":{"rendered":"<p align=\"center\"><strong>\u201eMi\u015fcarea Virtual\u0103 DACIA\u201d &#8211; \u00a0complementar\u0103 altora similare<\/strong><\/p>\n<p>Cred c\u0103 trebuie s\u0103 eviden\u0163iez aceast\u0103 <strong>caracteristic\u0103<\/strong> important\u0103 a mi\u015fc\u0103rii noastre, pentru a justifica <strong>Strategia<\/strong> noastr\u0103, ce const\u0103 \u00een \u201e<em>atingerea unui num\u0103r important de aderen\u0163i virtuali \u00een jurul unui Program<\/em>\u201d, pentru a forma imediat dup\u0103 aceea,\u00a0 <strong>direct<\/strong> o &#8230; <strong>FOR\u0162\u0102 POLITIC\u0102<\/strong> !<\/p>\n<p>Urm\u0103resc de ceva timp, grupuri similare (\u201e<em>Treze\u015fte-te ! Asta nu e Rom\u00e2nia noastr\u0103\u201d, \u201eRom\u00e2nia Noastr\u0103\u201d, \u201eFight4Romania\u201d<\/em>, etc.) \u015fi constat c\u0103 unii se mul\u0163umesc s\u0103 \u201e<em>dea cu HUOOO<\/em>\u201d, al\u0163ii se preocup\u0103 de <em>leadership \u015fi &#8230; departamente<\/em>, altii fac <em>programe de &#8230; guvernare<\/em>, al\u0163ii care au &#8230; murit, \u00a0ETC.,\u00a0 dar nici unul nu are stabilit un &#8230; <strong>PROGRAM<\/strong> !<\/p>\n<p>Eu personal \u201e<em>particip<\/em>\u201d la toate aceste ini\u0163iative \u015fi invit pe to\u0163i s\u0103 fac\u0103 la fel, pentru c\u0103 \u00een fiecare este &#8230; o p\u0103rticic\u0103 din \u201e<strong>\u00eentregul<\/strong>\u201d pe care vrem s\u0103-l construim.<\/p>\n<p>Noi vrem s\u0103 satisfacem primul obiectiv \u015fi anume &#8230; <strong>consisten\u0163a numeric\u0103<\/strong>, \u00een jurul unui <strong>Program ambi\u0163ios \u015fi &#8230; original<\/strong>, pentru a trece apoi la &#8230; <strong>FOR\u0162A POLITIC\u0102<\/strong>.<\/p>\n<p>Dup\u0103 p\u0103rerea mea <strong>ONG<\/strong>-ul reclamat de unii membrii \u00een acest moment, nu reprezint\u0103 \u201e<em>calea<\/em>\u201d, de\u015fi pentru realizarea sa, nu sunt indispensabile \u201e<em>mari particip\u0103ri<\/em>\u201d.<\/p>\n<p>\u00a0<em>Pentru mine<\/em>, tocmai \u0103sta este <em>punctul slab<\/em>, deoarece numai dintr-un num\u0103r important se vor putea alege lideri \u015fi desemna responsabilit\u0103\u0163i specifice \u201e<em>celor mai preg\u0103ti\u0163i<\/em>\u201d. Este greu de imaginat o forma\u0163ie politic\u0103 ce incepe cu &#8230; coada ! <em>Este ca \u015fi cum ai construi o cas\u0103 de la &#8230; acoperi\u015f<\/em> !<\/p>\n<p>Eu personal nu cred \u00een <strong>ONG<\/strong>-uri, consider\u00e2ndu-le <em>forme de desc\u0103rcare\u00a0 a incapacit\u0103\u0163ii Statelor de a rezolva problemele cet\u0103\u0163enilor<\/em>.\u00a0 \u00centr-un Stat bine organizat, ONG-urile &#8230; nu mai au sens ! Nu degeaba, multe ONG-uri nu sunt altceva dec\u00e2t &#8230; <em>ma\u015fini de tocat bani publici pentru interese &#8230; private<\/em>.<\/p>\n<p>Exist\u0103 riscul pentru noi de a nu indeplini obiectivul &#8230; <strong>NUM\u0102R<\/strong> \u015fi atunci, &#8230; <em>ura \u015fi la gar\u0103<\/em> !!! Dar asta este prima condi\u0163ie pentru a realiza ceva !<\/p>\n<p>Elementul de noutate al acestei mi\u015fc\u0103ri este : <em>nealinierea, originalitatea, actualitatea si &#8230; virtualitatea (deocamdat\u0103)<\/em>!<\/p>\n<p>C\u0103nd vom avea <strong>NUMERELE<\/strong>, se va face un <strong>Congres de constituire<\/strong>, la care se va stabili <strong>conducerea provizorie<\/strong> \u015fi se va trece la alc\u0103tuirea &#8230; <strong>Programului de guvernare<\/strong>.<\/p>\n<p>Cei ce vor \u201e<em>alte str\u0103zi<\/em>\u201d, nu au dec\u00e2t s\u0103 prospecteze celelalte <em>mi\u015fc\u0103ri<\/em>, de\u015fi eu v\u0103d o \u201e<em>stagnare generalizat\u0103<\/em>\u201d, cu toate c\u0103 al\u0163ii au deja &#8230; <em>NUMERELE<\/em> !<\/p>\n<p><em>Urez succes <\/em>tuturor ini\u0163iativelor, pentru c\u0103, dup\u0103 p\u0103rerea mea, va sosi \u015fi timpul &#8230; <strong>unirii<\/strong> sub acela\u015fi drapel !<\/p>\n<p>Noi inten\u0163ion\u0103m \u201e<strong>s\u0103 arunc\u0103m o s\u0103m\u00e2n\u0163\u0103<\/strong>\u201d de tip nou, f\u0103r\u0103 alinieri \u015fi leadership \u201epreconcepute\u201d, ci pentru o <strong><span style=\"text-decoration: underline;\">FOR\u0162\u0102\u00a0 DE GUVERNARE<\/span><\/strong> de <em>tip nou<\/em>, ie\u015fit\u0103 din \u201e<em>tipare<\/em>\u201d, cu o unic\u0103 preocupare \u015fi anume transpunerea \u00een practic\u0103 a unui <strong>PROGRAM<\/strong>,\u00a0 la alc\u0103tuirea c\u0103ruia sunte\u0163i to\u0163i invita\u0163i s\u0103 contribui\u0163i.<\/p>\n<p>Cine vrea s\u0103 fie membru al Mi\u015fc\u0103rii Virtuale DACIA, iar mai apoi al mi\u015fc\u0103rii politice, trebuie s\u0103 accepte <strong>PROGRAMUL<\/strong> \u015fi s\u0103 \u201e<strong>pun\u0103 osul la treb\u0103<\/strong><em>\u201d, \u00een numele binelui ce-l dorim Patriei \u015fi NU\u00a0 pentru orice alt motiv<\/em> !<\/p>\n","protected":false},"excerpt":{"rendered":"<p>\u201eMi\u015fcarea Virtual\u0103 DACIA\u201d &#8211; \u00a0complementar\u0103 altora similare Cred c\u0103 trebuie s\u0103 eviden\u0163iez aceast\u0103 caracteristic\u0103 important\u0103 a mi\u015fc\u0103rii noastre, pentru a justifica Strategia noastr\u0103, ce const\u0103 \u00een \u201eatingerea unui num\u0103r important de aderen\u0163i virtuali \u00een jurul unui Program\u201d, pentru a forma imediat dup\u0103 aceea,\u00a0 direct o &#8230; FOR\u0162\u0102 POLITIC\u0102 ! Urm\u0103resc de ceva timp, grupuri similare [&hellip;]<\/p>\n","protected":false},"author":2,"featured_media":0,"comment_status":"open","ping_status":"open","sticky":false,"template":"","format":"standard","meta":{"footnotes":""},"categories":[73],"tags":[114],"jetpack_featured_media_url":"","_links":{"self":[{"href":"http:\/\/bassdu.mine.bz\/index.php?rest_route=\/wp\/v2\/posts\/626"}],"collection":[{"href":"http:\/\/bassdu.mine.bz\/index.php?rest_route=\/wp\/v2\/posts"}],"about":[{"href":"http:\/\/bassdu.mine.bz\/index.php?rest_route=\/wp\/v2\/types\/post"}],"author":[{"embeddable":true,"href":"http:\/\/bassdu.mine.bz\/index.php?rest_route=\/wp\/v2\/users\/2"}],"replies":[{"embeddable":true,"href":"http:\/\/bassdu.mine.bz\/index.php?rest_route=%2Fwp%2Fv2%2Fcomments&post=626"}],"version-history":[{"count":2,"href":"http:\/\/bassdu.mine.bz\/index.php?rest_route=\/wp\/v2\/posts\/626\/revisions"}],"predecessor-version":[{"id":1658,"href":"http:\/\/bassdu.mine.bz\/index.php?rest_route=\/wp\/v2\/posts\/626\/revisions\/1658"}],"wp:attachment":[{"href":"http:\/\/bassdu.mine.bz\/index.php?rest_route=%2Fwp%2Fv2%2Fmedia&parent=626"}],"wp:term":[{"taxonomy":"category","embeddable":true,"href":"http:\/\/bassdu.mine.bz\/index.php?rest_route=%2Fwp%2Fv2%2Fcategories&post=626"},{"taxonomy":"post_tag","embeddable":true,"href":"http:\/\/bassdu.mine.bz\/index.php?rest_route=%2Fwp%2Fv2%2Ftags&post=626"}],"curies":[{"name":"wp","href":"https:\/\/api.w.org\/{rel}","templated":true}]}}