{"id":6284,"date":"2021-11-27T19:28:20","date_gmt":"2021-11-27T18:28:20","guid":{"rendered":"http:\/\/bassdu.mine.bz\/?p=6284"},"modified":"2021-12-01T20:14:18","modified_gmt":"2021-12-01T19:14:18","slug":"fabian-society-2","status":"publish","type":"post","link":"http:\/\/bassdu.mine.bz\/?p=6284","title":{"rendered":"FABIAN SOCIETY"},"content":{"rendered":"\n<p><span style=\"font-family: Ubuntu;\"><span style=\"font-size: large;\"><b>FABIAN SOCIETY<br \/><br \/><\/b><\/span><\/span><span style=\"font-family: Ubuntu;\"><span style=\"font-size: medium;\">(rom\u00e2n\u0103)<\/span><\/span><span style=\"font-family: Ubuntu;\"><span style=\"font-size: medium;\"><br \/><br \/><\/span><\/span><span style=\"font-family: Ubuntu;\"><span style=\"font-size: medium;\">\u00cen aceast\u0103 perioad\u0103 s<\/span><\/span><span style=\"font-family: Ubuntu;\"><span style=\"font-size: medium;\">e vorbe\u015fte deschis despre TEHNOCRA\u0162IE, c\u00e2nd \u00een mod concret, cu a Patra Revolu\u0163ie Industrial\u0103, se urm\u0103re\u015fte <\/span><\/span><span style=\"font-family: Ubuntu;\"><span style=\"font-size: medium;\">de fapt<\/span><\/span><span style=\"font-family: Ubuntu;\"><span style=\"font-size: medium;\"> instaurarea unei PLUTOCRA\u0162II TEHNOCRATE.<br \/><\/span><\/span><span style=\"font-family: Ubuntu;\"><span style=\"font-size: medium;\">Noile Tehnologii vor fi puse \u00een slujba aceleia\u015fi Elite Individualiste \u015fi de Grup Privilegiat, care ar urma s\u0103 instaureze CONTROLUL TOTAL AL MASELOR.<br \/>Se poate spune f\u0103r\u0103 \u00eendoial\u0103 c\u0103 am intrat \u00een <\/span><\/span><span style=\"font-family: Ubuntu;\"><span style=\"font-size: medium;\"><b>EPOCA FABIAN\u0102.<\/b><\/span><\/span><span style=\"font-family: Ubuntu;\"><span style=\"font-size: medium;\"><br \/>Pu\u0163ini cunosc detalii despre <\/span><\/span><span style=\"font-family: Ubuntu;\"><span style=\"font-size: medium;\"><b>FABIAN SOCIETY <\/b><\/span><\/span><span style=\"font-family: Ubuntu;\"><span style=\"font-size: medium;\">care \u201eac\u0163ioneaz\u0103 azi la lumina zilei\u201d \u015fi <\/span><\/span><span style=\"font-family: Ubuntu;\"><span style=\"font-size: medium;\">c<\/span><\/span><span style=\"font-family: Ubuntu;\"><span style=\"font-size: medium;\">ar<\/span><\/span><span style=\"font-family: Ubuntu;\"><span style=\"font-size: medium;\">e promoveaz\u0103 <\/span><\/span><span style=\"font-family: Ubuntu;\"><span style=\"font-size: medium;\"><b>SOCIALISMUL LIBERAL<\/b><\/span><\/span><span style=\"font-family: Ubuntu;\"><span style=\"font-size: medium;\"><b>.<\/b><\/span><\/span><span style=\"font-family: Ubuntu;\"><span style=\"font-size: medium;\"> <br \/><\/span><\/span><span style=\"font-family: Ubuntu;\"><span style=\"font-size: medium;\">Numele societ\u0103\u0163ii vine de la generalul roman Quintus Fabius Maximus Verrucosus, care a luptat cu succes cu Hannibal \u00een sec. al III-lea \u00ee.e.n. Acesta e renumit pentru Tactica de Gheril\u0103, de H\u0103r\u0163uial\u0103, pe care a aplicat-o \u00een acele vremuri, <\/span><\/span><span style=\"font-family: Ubuntu;\"><span style=\"font-size: medium;\">devenind \u00een cele din urm\u0103 &#8230; DICTATOR<\/span><\/span><span style=\"font-family: Ubuntu;\"><span style=\"font-size: medium;\">. Tot a\u015fa \u015fi Fabienii vor s\u0103 <\/span><\/span><span style=\"font-family: Ubuntu;\"><span style=\"font-size: medium;\">se impun\u0103,<\/span><\/span><span style=\"font-family: Ubuntu;\"><span style=\"font-size: medium;\"> ocup\u00e2nd r\u00e2nd pe r\u00e2nd Centrele De Putere, <\/span><\/span><span style=\"font-family: Ubuntu;\"><span style=\"font-size: medium;\">pentru \u201ea lovi necru\u0163\u0103tor du\u015fmanii\u201d \u00een cele din urm\u0103<\/span><\/span><span style=\"font-family: Ubuntu;\"><span style=\"font-size: medium;\">. <\/span><\/span><span style=\"font-family: Ubuntu;\"><span style=\"font-size: medium;\">Se pare c\u0103 azi au reu\u015fit.<\/span><\/span><span style=\"font-family: Ubuntu;\"><span style=\"font-size: medium;\"><br \/><\/span><\/span><span style=\"font-family: Ubuntu;\"><span style=\"font-size: medium;\">Nu degeaba aveau la \u00eenceputuri ca simbol un Lup \u00eenvelit cu o piele de Oaie.<br \/><\/span><\/span><span style=\"font-family: Ubuntu;\"><span style=\"font-size: medium;\">Vechea Ordine Mondial\u0103 se afl\u0103 azi \u201epe cai mari\u201d, \u015ftiindu-se c\u0103 jubileaz\u0103 c\u00e2nd M\u0102SURI NEPOPULARE sunt luate de &#8230; ST\u00c2NGA. Istoria \u201esociali\u015ftilor\u201d nazi\u015fti \u015fi fasci\u015fti se repet\u0103, iar omenirea nu pricepe !?<\/span><\/span><span style=\"font-family: Ubuntu;\"><span style=\"font-size: medium;\"><br \/><\/span><\/span><span style=\"font-family: Ubuntu;\"><span style=\"font-size: medium;\">Ideile fabiene se reg\u0103sesc \u00ee\u00een parte \u00een societatea ezoteric\u0103 THULE, care a avut o mare influen\u0163\u0103 \u00een afirmarea Nazismului. Nu sunt pu\u0163ini istoricii care sus\u0163in \u201efr\u0103\u0163ia\u201d dintre aceste societ\u0103\u0163i.<\/span><\/span><span style=\"font-family: Ubuntu;\"><span style=\"font-size: medium;\"><br \/><a href=\"https:\/\/en.wikipedia.org\/wiki\/Fabian_Society\">https:\/\/en.wikipedia.org\/wiki\/Fabian_Society<\/a><br \/><\/span><\/span><span style=\"font-family: Ubuntu;\"><span style=\"font-size: medium;\">\u201e\u015ecoala De Cadre\u201d a acestei Societ\u0103\u0163i este <\/span><\/span><span style=\"font-family: Ubuntu;\"><span style=\"font-size: medium;\"><b>LONDON SCHOOL OF ECONOMICS, <\/b><\/span><\/span><span style=\"font-family: Ubuntu;\"><span style=\"font-size: medium;\">prin care au trecut \u00eentr-un mod sau altul, to\u0163i liderii actuali ai Occidentului&#8230; \u015fi nu numai.<br \/>De exemplu, GEORGE SOROS a trecut pe la LONDON SCHOOL OF ECONOMICS, imediat dup\u0103 WW2.<br \/>\u00cen continuare<\/span><\/span><span style=\"font-family: Ubuntu;\"><span style=\"font-size: medium;\"> o s\u0103 punctez pe scurt <\/span><\/span><span style=\"font-family: Ubuntu;\"><span style=\"font-size: medium;\">cele mai importante idei de pe <\/span><\/span><span style=\"font-family: Ubuntu;\"><span style=\"font-size: medium;\">Agenda lor <\/span><\/span><span style=\"font-family: Ubuntu;\"><span style=\"font-size: medium;\">\u015fi pozi\u0163ia noastr\u0103 fa\u0163\u0103 de chestiune:<br \/><\/span><\/span><span style=\"font-family: Ubuntu;\"><span style=\"font-size: medium;\"><br \/>&#8211; <\/span><\/span><span style=\"font-family: Ubuntu;\"><span style=\"font-size: medium;\"><b>ELIMINAREA PROPRIET\u0102\u0162II PRIVATE <\/b><\/span><\/span><span style=\"font-family: Ubuntu;\"><span style=\"font-size: medium;\"><b>PENTRU MASE. <\/b><\/span><\/span><span style=\"font-family: Ubuntu;\"><span style=\"font-size: medium;\"><br \/>Ei spun \u201eTU nu o s\u0103 posezi nimic \u015fi o s\u0103 fi fericit\u201d <\/span><\/span><span style=\"font-family: Ubuntu;\"><span style=\"font-size: medium;\">(vezi primul punct din Agenda OWO expimat\u0103 <\/span><\/span><span style=\"font-family: Ubuntu;\"><span style=\"font-size: medium;\">la<\/span><\/span> <span style=\"font-family: Ubuntu;\"><span style=\"font-size: medium;\"><b>WORLD ECONOMIC FORUM<\/b><\/span><\/span><span style=\"font-family: Ubuntu;\"><span style=\"font-size: medium;\">) <\/span><\/span><span style=\"font-family: Ubuntu;\"><span style=\"font-size: medium;\">\u015fi nu folosesc nicidecum cuv\u00e2ntul \u201eNOI\u201d.<br \/><\/span><\/span><span style=\"font-family: Ubuntu;\"><span style=\"font-size: medium;\">De aici se deduce c\u0103 nu se are \u00een vedere INTERESUL GENERAL pe care-l promov\u0103m noi <\/span><\/span><span style=\"font-family: Ubuntu;\"><span style=\"font-size: medium;\">Ilumini\u015ftii Pitagoreici<\/span><\/span><span style=\"font-family: Ubuntu;\"><span style=\"font-size: medium;\">, ci INTERESUL INDIVIDUAL \u015eI DE GRUP al actualei elite definite de POSESIUNEA ap<\/span><\/span><span style=\"font-family: Ubuntu;\"><span style=\"font-size: medium;\">r<\/span><\/span><span style=\"font-family: Ubuntu;\"><span style=\"font-size: medium;\">oape total\u0103 a RESURSELOR PLANETARE.<br \/><\/span><\/span><span style=\"font-family: Ubuntu;\"><span style=\"font-size: medium;\">\u015ei noi milit\u0103m pentru eliminarea Pro<\/span><\/span><span style=\"font-family: Ubuntu;\"><span style=\"font-size: medium;\">pr<\/span><\/span><span style=\"font-family: Ubuntu;\"><span style=\"font-size: medium;\">iet\u0103\u0163ii Private sub orice form\u0103 de manifestare, inclusiv Intelectual\u0103, dar avem \u00een vedere <\/span><\/span><span style=\"font-family: Ubuntu;\"><span style=\"font-size: medium;\"><b>PROPRIETATEA OB\u015eTEASC\u0102 (COMUNITAR\u0102).<\/b><\/span><\/span><span style=\"font-family: Ubuntu;\"><span style=\"font-size: medium;\"><br \/><\/span><\/span><span style=\"font-family: Ubuntu;\"><span style=\"font-size: medium;\"><b>TAXA DE SUCCESIUNE DE 100%<\/b><\/span><\/span><span style=\"font-family: Ubuntu;\"><span style=\"font-size: medium;\"> pe care o avem \u00een vedere este primul pas c\u0103tre Proprietatea Ob\u015fteasc\u0103 (Comunitar\u0103), aceasta asigur\u00e2nd f\u0103r\u0103 \u00eendoial\u0103 Dispari\u0163ia actualei Elite Individualiste.<br \/><\/span><\/span><span style=\"font-family: Ubuntu;\"><span style=\"font-size: medium;\"><br \/>&#8211; <\/span><\/span><span style=\"font-family: Ubuntu;\"><span style=\"font-size: medium;\"><b>Cultiv\u0103 DISPRE\u0162UL PENTRU MASE<\/b><\/span><\/span> <span style=\"font-family: Ubuntu;\"><span style=\"font-size: medium;\"><b>\u015fi promoveaz\u0103 \u00een acest context IDEI EUGENETICE <\/b><\/span><\/span><span style=\"font-family: Ubuntu;\"><span style=\"font-size: medium;\"><b>RADICALE<\/b><\/span><\/span><span style=\"font-family: Ubuntu;\"><span style=\"font-size: medium;\"><b>, <\/b><\/span><\/span><span style=\"font-family: Ubuntu;\"><span style=\"font-size: medium;\"><b>FASCISTOIDE.<\/b><\/span><\/span><span style=\"font-family: Ubuntu;\"><span style=\"font-size: medium;\"><br \/>\u00cen prezent, datorit\u0103 Robotiz\u0103rii, Internetiz\u0103rii \u015fi altor Noi Tehnologii, necesarul de For\u0163\u0103 De Munc\u0103 Uman\u0103 s-a redus considerabil \u015fi va sc\u0103dea \u00een continuare accelerat, transform\u00e2nd o mare parte a Omenirii \u00eentr-un BALAST ce trebuie redus \u0163in\u00e2nd cont de <\/span><\/span><span style=\"font-family: Ubuntu;\"><span style=\"font-size: medium;\"><u>SUSTENABILITATE<\/u><\/span><\/span><span style=\"font-family: Ubuntu;\"><span style=\"font-size: medium;\">, de <\/span><\/span><span style=\"font-family: Ubuntu;\"><span style=\"font-size: medium;\"><u>Deficitul<\/u><\/span><\/span><span style=\"font-family: Ubuntu;\"><span style=\"font-size: medium;\"><u> Resurselor Naturale <\/u><\/span><\/span><span style=\"font-family: Ubuntu;\"><span style=\"font-size: medium;\"><u>(Natural Resources Scarcity)<\/u><\/span><\/span><span style=\"font-family: Ubuntu;\"><span style=\"font-size: medium;\">, tot mai evident.<br \/><\/span><\/span><span style=\"font-family: Ubuntu;\"><span style=\"font-size: medium;\">\u015ei noi \u0163inem cont de SUSTENABILITATE \u015fi de EXCESUL DE OAMENI pe Planeta noastr\u0103, dar propunem o Reducere Con\u015ftient\u0103 \u015fi Treptat\u0103, Netraumatic\u0103, a acestui exces. Trebuie s\u0103 punem CALITATEA mai presus de CANTITATE, dar \u00een limitele combinate ale Ra\u0163iunii \u015fi Empatiei.<br \/><\/span><\/span><span style=\"font-family: Ubuntu;\"><span style=\"font-size: medium;\">\u00cen acest context, <\/span><\/span><span style=\"font-family: Ubuntu;\"><span style=\"font-size: medium;\"><b>DEMOCRA\u0162IA<\/b><\/span><\/span><span style=\"font-family: Ubuntu;\"><span style=\"font-size: medium;\"> este considerat\u0103 TOXIC\u0102 at\u00e2t de Fabieni, c\u00e2t \u015fi de noi, cu diferen\u0163a c\u0103 noi avem \u00een vedere o ADEV\u0102RAT\u0102 DEMOCRA\u0162IE, de dat\u0103 <\/span><\/span><span style=\"font-family: Ubuntu;\"><span style=\"font-size: medium;\">c<\/span><\/span><span style=\"font-family: Ubuntu;\"><span style=\"font-size: medium;\">e vrem s\u0103 instaur\u0103m o adev\u0103rat\u0103 COMUNITATE DE Z<\/span><\/span><span style=\"font-family: Ubuntu;\"><span style=\"font-size: medium;\">E<\/span><\/span><span style=\"font-family: Ubuntu;\"><span style=\"font-size: medium;\">I \u015eI ZEI\u0162E.<br \/><\/span><\/span><span style=\"font-family: Ubuntu;\"><span style=\"font-size: medium;\"><u>Din punct de veder RELIGIOS,<\/u><\/span><\/span><span style=\"font-family: Ubuntu;\"><span style=\"font-size: medium;\"> spre deosebire de Fabieni<\/span><\/span><span style=\"font-family: Ubuntu;\"><span style=\"font-size: medium;\">i<\/span><\/span><span style=\"font-family: Ubuntu;\"><span style=\"font-size: medium;\"> care vor o Omenire Sclavizat\u0103, Ignorant\u0103 \u015fi Bolnav\u0103, <\/span><\/span><span style=\"font-family: Ubuntu;\"><span style=\"font-size: medium;\">\u00een sintonie<\/span><\/span><span style=\"font-family: Ubuntu;\"><span style=\"font-size: medium;\"> cu<\/span><\/span><span style=\"font-family: Ubuntu;\"><span style=\"font-size: medium;\"> Precepte<\/span><\/span><span style=\"font-family: Ubuntu;\"><span style=\"font-size: medium;\">le<\/span><\/span><span style=\"font-family: Ubuntu;\"><span style=\"font-size: medium;\"> Avraamice, noi vrem o Lume baza<\/span><\/span><span style=\"font-family: Ubuntu;\"><span style=\"font-size: medium;\">t<\/span><\/span><span style=\"font-family: Ubuntu;\"><span style=\"font-size: medium;\">\u0103 pe Libertatea Pozitiv\u0103, care s\u0103 acceseze CUNOA\u015eTEREA \u015fi s\u0103 fie S\u0102N\u0102TOAS\u0102 at\u00e2t Material, c\u00e2t mai ales MENTAL. Noi pornim de la Ideea c\u0103 Dumnezeu ne vrea De\u015ftep\u0163i, de dat\u0103 ce noi \u00een\u015fine suntem PARTE DIN DUMNEZEU, <\/span><\/span><span style=\"font-family: Ubuntu;\"><span style=\"font-size: medium;\">ca toate cele<\/span><\/span><span style=\"font-family: Ubuntu;\"><span style=\"font-size: medium;\">. Noi suntem <\/span><\/span><span style=\"font-family: Ubuntu;\"><span style=\"font-size: medium;\"><b>Noii Gnostici<\/b><\/span><\/span><span style=\"font-family: Ubuntu;\"><span style=\"font-size: medium;\"> \u015fi nu ne raport\u0103m la un Dumnezeu Exterior, Antopomorfizat, ideat \u00een pustiuri, ci unuia Interior pe care s\u0103-l actualiz\u0103m p\u00e2n\u0103 la Punctul Omega, c\u00e2nd vom trece \u201ede-a dreapta Tat\u0103lui\u201d.<br \/><\/span><\/span><span style=\"font-family: Ubuntu;\"><span style=\"font-size: medium;\">P\u0103rerea noastr\u0103, bazat\u0103 pe RE\u00ceNCARNARE, este c\u0103 \u00een zilele noastre se re\u00eencarneaz\u0103 MIN\u0162I INFERIOARE tot mai multe \u015fi c\u0103 trebuie s\u0103 \u201el\u0103s\u0103m loc\u201d unora c\u00e2t mai Evoluate.<br \/><\/span><\/span><span style=\"font-family: Ubuntu;\"><span style=\"font-size: medium;\"><b>\u201eDec\u00e2t Mult \u015fi Prost, mai bine Pu\u0163in \u015fi Bun!\u201d<\/b><\/span><\/span><span style=\"font-family: Ubuntu;\"><span style=\"font-size: medium;\">, dar asta \u00een limitele Ra\u0163iunii \u015fi Empatiei.<br \/><\/span><\/span><span style=\"font-family: Ubuntu;\"><span style=\"font-size: medium;\"><br \/><\/span><\/span><span style=\"font-family: Ubuntu;\"><span style=\"font-size: medium;\"><u>Din punct de vedere Social<\/u><\/span><\/span><span style=\"font-family: Ubuntu;\"><span style=\"font-size: medium;\">, putem afirma c\u0103 p<\/span><\/span><span style=\"font-family: Ubuntu;\"><span style=\"font-size: medium;\">\u00e2n\u0103 \u00een zilele noastre, EUGENETICA <\/span><\/span><span style=\"font-family: Ubuntu;\"><span style=\"font-size: medium;\">era aplicat\u0103<\/span><\/span><span style=\"font-family: Ubuntu;\"><span style=\"font-size: medium;\"> \u00een special prin R\u0102ZBOAIE \u00een care erau decimate genera\u0163ii \u00eentregi, ceea ce azi nu poate fi acceptat datorit\u0103 apari\u0163iei ARMELOR DE DISTRUGERE \u00ceN MAS\u0102 \u015fi a MULTIPOLARISMULUI MILITAR. Se apeleaz\u0103 deci la R\u0102ZBOAIE LOCALE \u00eenc\u0103 posibile f\u0103r\u0103 implica\u0163ii nefaste pentru promotori \u015fi <\/span><\/span><span style=\"font-family: Ubuntu;\"><span style=\"font-size: medium;\">mai ales la <\/span><\/span><span style=\"font-family: Ubuntu;\"><span style=\"font-size: medium;\">R\u0102ZBOAIE H<\/span><\/span><span style=\"font-family: Ubuntu;\"><span style=\"font-size: medium;\">I<\/span><\/span><span style=\"font-family: Ubuntu;\"><span style=\"font-size: medium;\">BRIDE : Pandemii Provocate <\/span><\/span><span style=\"font-family: Ubuntu;\"><span style=\"font-size: medium;\">sau <\/span><\/span><span style=\"font-family: Ubuntu;\"><span style=\"font-size: medium;\">I<\/span><\/span><span style=\"font-family: Ubuntu;\"><span style=\"font-size: medium;\">maginare,<\/span><\/span><span style=\"font-family: Ubuntu;\"><span style=\"font-size: medium;\"> Fragmentarea Social\u0103 <\/span><\/span><span style=\"font-family: Ubuntu;\"><span style=\"font-size: medium;\">pentru \u00eempiedicarea cre\u0103rii unei Mase Critice Revolu\u0163ionare <\/span><\/span><span style=\"font-family: Ubuntu;\"><span style=\"font-size: medium;\">(vezi Feminismul, Rasismul, BLM, LGTB, Multiculturalismul, Corectitudinea Politic\u0103, G\u00e2ndirea Unic\u0103)<\/span><\/span><span style=\"font-family: Ubuntu;\"><span style=\"font-size: medium;\">, Sl\u0103birea Sistemelor Sanitare \u015fi alte Metode Subtile care conduc tot mai evident la sc\u0103derea <\/span><\/span><span style=\"font-family: Ubuntu;\"><span style=\"font-size: medium;\">FOR\u0162AT\u0102 a <\/span><\/span><span style=\"font-family: Ubuntu;\"><span style=\"font-size: medium;\">Speran\u0163ei de Via\u0163\u0103 \u015fi <\/span><\/span><span style=\"font-family: Ubuntu;\"><span style=\"font-size: medium;\">mai ales,<\/span><\/span><span style=\"font-family: Ubuntu;\"><span style=\"font-size: medium;\"> a Natalit\u0103\u0163ii la nivel global. <\/span><\/span><span style=\"font-family: Ubuntu;\"><span style=\"font-size: medium;\">De exe<\/span><\/span><span style=\"font-family: Ubuntu;\"><span style=\"font-size: medium;\">m<\/span><\/span><span style=\"font-family: Ubuntu;\"><span style=\"font-size: medium;\">plu, \u00een Italia cea recunoscut\u0103 pentru longivitatea locuitorilor s\u0103i, Speran\u0163a de Via\u0163\u0103 a sc\u0103zut \u00een ultimul an cu 1,2 ani, ceea ce este enorm&#8230; \u015fi aceast\u0103 situa\u0163ie nu prive\u015fte doar Italia !?<br \/><\/span><\/span><span style=\"font-family: Ubuntu;\"><span style=\"font-size: medium;\"><br \/><\/span><\/span><span style=\"font-family: Ubuntu;\"><span style=\"font-size: medium;\"><u>Din punct de vedere PSIHOLOGIC<\/u><\/span><\/span><span style=\"font-family: Ubuntu;\"><span style=\"font-size: medium;\">, tr\u0103im timpuri \u00een care Sistemul \u201eexcit\u0103\u201d numai Creierul Reptilian \u015fi cel Limbic al <\/span><\/span><span style=\"font-family: Ubuntu;\"><span style=\"font-size: medium;\">oamenilor<\/span><\/span><span style=\"font-family: Ubuntu;\"><span style=\"font-size: medium;\">, nel\u0103s\u00e2nd spa\u0163iu Neocortexului <\/span><\/span><span style=\"font-family: Ubuntu;\"><span style=\"font-size: medium;\">(vezi <\/span><\/span><span style=\"font-family: Ubuntu;\"><span style=\"font-size: medium;\"><b>TRIUNE BRAIN<\/b><\/span><\/span> <span style=\"font-family: Ubuntu;\"><span style=\"font-size: medium;\">\u00een c\u0103r\u0163ile noastre<\/span><\/span><span style=\"font-family: Ubuntu;\"><span style=\"font-size: medium;\">)<\/span><\/span><span style=\"font-family: Ubuntu;\"><span style=\"font-size: medium;\">.<br \/>Prin Politica Violent\u0103 <\/span><\/span><span style=\"font-family: Ubuntu;\"><span style=\"font-size: medium;\">\u015fi Emo\u0163ional\u0103 <\/span><\/span><span style=\"font-family: Ubuntu;\"><span style=\"font-size: medium;\">pe care o duc, Sociali\u015ftii Liberali duc la apogeu excitarea acestor Straturi Inferioare ale Creierului Uman.<br \/><\/span><\/span><span style=\"font-family: Ubuntu;\"><span style=\"font-size: medium;\">Dac\u0103 ne referim la <\/span><\/span><span style=\"font-family: Ubuntu;\"><span style=\"font-size: medium;\"><b>BICAMERALISM <\/b><\/span><\/span><span style=\"font-family: Ubuntu;\"><span style=\"font-size: medium;\">(vezi detalii \u00een c\u0103r\u0163ile noastre), Veche Ordine Mondial\u0103 (OWO) are ca Obiectiv activarea tot mai mult a Emisferei <\/span><\/span><span style=\"font-family: Ubuntu;\"><span style=\"font-size: medium;\">Celebrale <\/span><\/span><span style=\"font-family: Ubuntu;\"><span style=\"font-size: medium;\">Drepte a oamenilor, cea care e responsabil\u0103 de RECEP\u0162IONAREA ORDINELOR LUI DUMNEZEU&#8230; Dumnezeu fiind evident EI. <\/span><\/span><span style=\"font-family: Ubuntu;\"><span style=\"font-size: medium;\">Ordinele sunt transmise direct sau subliminal prin Media, Re\u0163ele Sociale, Guverne, Organiza\u0163ii Globaliste Suprastatale, Organiza\u0163ii Non Guvernative (ONG).<br \/>Vechea Ordine Mondial\u0103 duce azi un R\u0102ZBOI PSIHOLOGIC \u00eempotriva omenirii de o intensitate niciodat\u0103 atins\u0103 \u00een trecut, av\u00e2nd ei azi la dispozi\u0163ie TEHNOLOGIA \u015fi MEDIA.<br \/>Ei \u00eenc\u0103 nu realizeaz\u0103 c\u0103 tocmai TEHNOLOGIA \u00eei va \u00eenvinge, <\/span><\/span><span style=\"font-family: Ubuntu;\"><span style=\"font-size: medium;\">deoarece aceasta este apanajul Min\u0163ilor cel mai Iluminate, care mai devreme sau mai t\u00e2rziu, se vor DE\u015eTEPTA.<br \/>Nu este o afirma\u0163ie hazardat\u0103, ci una bazat\u0103 pe DIALECTICA MASTER-SLAVE&#8230; c\u00e2nd Sclavul ajunge s\u0103 fac\u0103 totul pentru St\u0103p\u00e2n, acesta va Con\u015ftientiza asta \u015fi se va debarasa de el (Hegel).<br \/>IDIOCRA\u0162IA pe care OWO o are \u00een AGEND\u0102 se va \u00eentoarce \u00eempotriva lor<\/span><\/span><span style=\"font-family: Ubuntu;\"><span style=\"font-size: medium;\">.<br \/><\/span><\/span><span style=\"font-family: Ubuntu;\"><span style=\"font-size: medium;\"><br \/><\/span><\/span><span style=\"font-family: Ubuntu;\"><span style=\"font-size: medium;\"><u>Din punct de vedere POLITIC<\/u><\/span><\/span><span style=\"font-family: Ubuntu;\"><span style=\"font-size: medium;\">, de\u015fi se declar\u0103 DE ST\u00c2NGA, cele mai multe <\/span><\/span><span style=\"font-family: Ubuntu;\"><span style=\"font-size: medium;\">\u015fi fundamentate <\/span><\/span><span style=\"font-family: Ubuntu;\"><span style=\"font-size: medium;\">critici le vin tocmai de acolo, ci nu de la Dreapta !?<br \/>Fapt este, c\u0103 se pot defini <\/span><\/span><span style=\"font-family: Ubuntu;\"><span style=\"font-size: medium;\">azi ca fiind \u00een realitate de &#8230; DREAPTA.<br \/>S\u0103 nu uit\u0103m c\u0103 fascismul \u015fi nazismul au avut r\u0103d\u0103cini de &#8230; ST\u00c2NGA.<\/span><\/span><span style=\"font-family: Ubuntu;\"><span style=\"font-size: medium;\"><br \/>De exemplu, Tony Blayr a fost un Fabian \u015fi nu am dubii c\u0103 \u015fi <\/span><\/span><span style=\"font-family: Ubuntu;\"><span style=\"font-size: medium;\">Massimo <\/span><\/span><span style=\"font-family: Ubuntu;\"><span style=\"font-size: medium;\">D\u2019Alema <\/span><\/span><span style=\"font-family: Ubuntu;\"><span style=\"font-size: medium;\">cu <\/span><\/span><span style=\"font-family: Ubuntu;\"><span style=\"font-size: medium;\">care a bombardat Belgradul, s-a ad\u0103pat pe la Fabieni. <\/span><\/span><span style=\"font-family: Ubuntu;\"><span style=\"font-size: medium;\">Roberto Speranza<\/span><\/span><span style=\"font-family: Ubuntu;\"><span style=\"font-size: medium;\">, <\/span><\/span><span style=\"font-family: Ubuntu;\"><span style=\"font-size: medium;\">\u00een prezent <\/span><\/span><span style=\"font-family: Ubuntu;\"><span style=\"font-size: medium;\">ministrul S\u0103n\u0103t\u0103\u0163ii <\/span><\/span><span style=\"font-family: Ubuntu;\"><span style=\"font-size: medium;\">\u00een<\/span><\/span><span style=\"font-family: Ubuntu;\"><span style=\"font-size: medium;\"> Italia, <\/span><\/span><span style=\"font-family: Ubuntu;\"><span style=\"font-size: medium;\">a trecut \u015fi el pe la London School Of Economics \u015fi se vede: a instaurat o DICTATUR\u0102 SANITAR\u0102 al\u0103turi de un altul ce se define\u015fte ca fiind SOCIALIST LIBERAL : Mario Draghi, <\/span><\/span><span style=\"font-family: Ubuntu;\"><span style=\"font-size: medium;\">primul ministru al Italiei \u015fi \u201epreziden\u0163iabil\u201d cu sprijinul larg al Dreptei Italiene.<br \/>De unde D\u2019Alema \u015fi Speranza erau comuni\u015fti, \u201eau deviat\u201d evident c\u0103tre Dreapta, ca \u015fi FABIAN SOCIETY&#8230; <\/span><\/span><span style=\"font-family: Ubuntu;\"><span style=\"font-size: medium;\">mai \u015ftim noi fo\u015fti comuni\u015fti \u201edevia\u0163i\u201d \u015fi pe la \u201eperiferia Imperiului\u201d.<br \/><\/span><\/span><span style=\"font-family: Ubuntu;\"><span style=\"font-size: medium;\">A\u015fa se face c\u0103 <\/span><\/span><span style=\"font-family: Ubuntu;\"><span style=\"font-size: medium;\">azi nu mai exist\u0103 practic o adev\u0103rat\u0103 <\/span><\/span><span style=\"font-family: Ubuntu;\"><span style=\"font-size: medium;\">\u015fi substan\u0163ial\u0103 <\/span><\/span><span style=\"font-family: Ubuntu;\"><span style=\"font-size: medium;\">For\u0163\u0103 Politic\u0103 De St\u00e2nga, nic\u0103ieri \u00een lume. <\/span><\/span><span style=\"font-family: Ubuntu;\"><span style=\"font-size: medium;\">Am r\u0103mas noi, dar nu suntem \u201esubstan\u0163iali\u201d:<\/span><\/span><span style=\"font-family: Ubuntu;\"><span style=\"font-size: medium;\"><br \/>Dac\u0103 la \u00eenceputurile Fabianismului existau personaje de talia lui G.B.Shaw \u015fi George <\/span><\/span><span style=\"font-family: Ubuntu;\"><span style=\"font-size: medium;\">O<\/span><\/span><span style=\"font-family: Ubuntu;\"><span style=\"font-size: medium;\">rwell, azi avem ni\u015fte \u201emici burghezi\u201d, care au deviat puternic spre Dreapta. Nu \u00eent\u00e2mpl\u0103tor George Orwell s-a delimitat \u00een ultima perioad\u0103 a vie\u0163ii de fabieni \u015fi a scris ceea ce azi este un simbol al Luptei \u00cempotriva Autoritarismului : \u201e1984\u201d.<br \/>Este deci evident c\u0103 azi FABIAN SOCIETY este membr\u0103 activ\u0103 a Vechii Ordini Mondiale !<br \/><\/span><\/span><span style=\"font-family: Ubuntu;\"><span style=\"font-size: medium;\"><br \/><\/span><\/span><span style=\"font-family: Ubuntu;\"><span style=\"font-size: medium;\"><br \/>&#8230;&#8230;&#8230;&#8230;&#8230;&#8230;..<br \/><br \/><\/span><\/span><span style=\"font-family: Ubuntu;\"><span style=\"font-size: large;\"><b>FABIAN SOCIETY<\/b><\/span><\/span><\/p>\n<p><span style=\"font-family: Ubuntu;\"><span style=\"font-size: medium;\">(english)<br \/><\/span><\/span><span style=\"font-family: Ubuntu;\"><span style=\"font-size: medium;\"><br \/>During this period, there is open talk about TECHNOCRACY, when concretely, with the Fourth Industrial Revolution, the aim is to establish a TECHNOCRATED PLUTOCRACY.<\/span><\/span><\/p>\n<p><span style=\"font-family: Ubuntu;\"><span style=\"font-size: medium;\">The new Technologies will be put at the service of the same Individualist and Privileged Elite, which would establish TOTAL CONTROL OF THE MASSES.<\/span><\/span><\/p>\n<p><span style=\"font-family: Ubuntu;\"><span style=\"font-size: medium;\">It can be said without a doubt that we have entered the FABIAN AGE.<\/span><\/span><\/p>\n<p><span style=\"font-family: Ubuntu;\"><span style=\"font-size: medium;\">Few know details about FABIAN SOCIETY which &#8220;acts in the light of day&#8221; and which promotes LIBERAL SOCIALISM.<\/span><\/span><\/p>\n<p><span style=\"font-family: Ubuntu;\"><span style=\"font-size: medium;\">The name of the company comes from the Roman general Quintus Fabius Maximus Verrucosus, who successfully fought with Hannibal in the third century BC. He is famous for the Guerrilla Tactics, of Harassment, which he applied in those times, finally becoming &#8230; DICTATOR. In the same way, the Fabians want to impose themselves, occupying the Power Centers one by one, in order to &#8220;hit the enemies relentlessly&#8221; in the end. Looks like they succeeded today.<\/span><\/span><\/p>\n<p><span style=\"font-family: Ubuntu;\"><span style=\"font-size: medium;\">It was not for nothing that in the beginning they had as a symbol a Wolf wrapped in a sheepskin.<\/span><\/span><\/p>\n<p><span style=\"font-family: Ubuntu;\"><span style=\"font-size: medium;\">The Old World Order is &#8220;on the big track&#8221; today, knowing that it rejoices when UNPOPULAR MEASURES are taken by &#8230; THE LEFT. The history of the Nazi and fascist &#8220;socialists&#8221; repeats itself, and humanity does not understand !?<\/span><\/span><\/p>\n<p><span style=\"font-family: Ubuntu;\"><span style=\"font-size: medium;\">Fabian ideas are found in part in the esoteric THULE society, which had a great influence on the assertion of Nazism. There are many historians who support the &#8220;brotherhood&#8221; between these societies.<\/span><\/span><\/p>\n<p><span style=\"font-family: Ubuntu;\"><span style=\"font-size: medium;\">https:\/\/en.wikipedia.org\/wiki\/Fabian_Society<\/span><\/span><\/p>\n<p><span style=\"font-family: Ubuntu;\"><span style=\"font-size: medium;\">The &#8220;Executive School&#8221; of this Society is the LONDON SCHOOL OF ECONOMICS, through which all the current leaders of the West have passed in one way or another.<br \/>For example, GEORGE SOROS is one who went to LONDON SCHOOL OF ECONOMICS immediately after WW2.<br \/><\/span><\/span><\/p>\n<p><span style=\"font-family: Ubuntu;\"><span style=\"font-size: medium;\">Below I will briefly point out the most important ideas on their Agenda and our position on the issue:<\/span><\/span><\/p>\n<p><span style=\"font-family: Ubuntu;\"><span style=\"font-size: medium;\">&#8211; ELIMINATION OF PRIVATE PROPERTY FOR MASSES.<\/span><\/span><\/p>\n<p><span style=\"font-family: Ubuntu;\"><span style=\"font-size: medium;\">They say &#8220;YOU will own nothing and YOU will be happy&#8221; (see the first item on the OWO Agenda expressed at the WORLD ECONOMIC FORUM) and do not use the word &#8220;WE&#8221; at all.<\/span><\/span><\/p>\n<p><span style=\"font-family: Ubuntu;\"><span style=\"font-size: medium;\">It follows that they do not take into account the GENERAL INTEREST that we Pythagorean Enlightenment promote, but the INDIVIDUAL AND PRIVILEGED GROUP INTEREST of the current elite defined by the almost total POSSESSION of PLANETARY RESOURCES.<\/span><\/span><\/p>\n<p><span style=\"font-family: Ubuntu;\"><span style=\"font-size: medium;\">We also militate for the elimination of Private Property in any form of manifestation, including Intellectual, but we have in mind the COMMUNITARIAN PROPERTY.<\/span><\/span><\/p>\n<p><span style=\"font-family: Ubuntu;\"><span style=\"font-size: medium;\">THE 100% SUCCESSION TAX we have in mind is the first step towards Public (Communitarian) Property, which undoubtedly ensures the disappearance of the current Individualist Elite.<br \/><br \/>&#8211; Cultivates CONTEMPT FOR THE MASS and promotes in this context the RADICAL EUGENETIC FASCISTOID IDEA.<\/span><\/span><\/p>\n<p><span style=\"font-family: Ubuntu;\"><span style=\"font-size: medium;\">Currently, due to Robotization, Internetization and other New Technologies, the need for Human Labor has decreased considerably and will continue to decrease rapidly, turning a large part of Humanity into a BALLAST that must be reduced taking into account SUSTAINABILITY, Natural Resources Deficit (Natural Resources Scarcity), more and more obvious.<\/span><\/span><\/p>\n<p><span style=\"font-family: Ubuntu;\"><span style=\"font-size: medium;\">We also take into account SUSTAINABILITY and the EXCESS OF PEOPLE on our Planet, but we propose a Conscious and Gradual Reduction, Non-Traumatic, of this excess. We must put QUALITY above QUANTITY, but within the combined limits of Reason and Empathy.<\/span><\/span><\/p>\n<p><span style=\"font-family: Ubuntu;\"><span style=\"font-size: medium;\">In this context, DEMOCRACY is considered TOXIC by both Fabians and us, with the difference that we have in mind a TRUE DEMOCRACY, since we want to establish a true COMMUNITY OF GODS AND GODDESSES.<br \/><\/span><\/span><\/p>\n<p><span style=\"font-family: Ubuntu;\"><span style=\"font-size: medium;\">From a RELIGIOUS point of view, unlike the Fabians who want a Slavery, Ignorant and Sick Mankind, in tune with the Abrahamic Precepts, we want a World based on Positive Freedom, which can access KNOWLEDGE and be HEALTHY both Material and especially MENTAL . We start from the idea that God wants us to be Smart, since we ourselves are PART OF GOD, like all things. We are the New Gnostics and we are not referring to an Outer, Anthropomorphized God, conceived in the wilderness, but to an Inner God to be updated to the Omega Point, when we pass &#8220;at the right hand of the Father.&#8221;<\/span><\/span><\/p>\n<p><span style=\"font-family: Ubuntu;\"><span style=\"font-size: medium;\">Our opinion, based on REINCARNATION, is that in our days INFERIOR MINDS are reincarnated more and more and that we must &#8220;leave room&#8221; for some as Evolved as possible.<\/span><\/span><\/p>\n<p><span style=\"font-family: Ubuntu;\"><span style=\"font-size: medium;\">&#8220;Better fewer and Intelligent than many and stupid &#8220;, but this is within the bounds of Reason and Empathy.<\/span><\/span><\/p>\n<p><span style=\"font-family: Ubuntu;\"><span style=\"font-size: medium;\">From a <\/span><\/span><span style=\"font-family: Ubuntu;\"><span style=\"font-size: medium;\">SOCIAL<\/span><\/span><span style=\"font-family: Ubuntu;\"><span style=\"font-size: medium;\"> point of view, we can say that until today, EUGENETICS was applied especially through WARS in which whole generations were decimated, which today cannot be accepted due to the appearance of WEAPONS OF MASS DESTRUCTION and MILITARY MULTIPOLARISM. Thev OWO therefore resort to LOCAL WARS still possible without harmful implications for promoters and especially to HYBRID WARS: Provoked or Imaginated Pandemics, Social Fragmentation to prevent the creation of a Revolutionary Critical Mass (see Feminism, Racism, BLM, LGBT, Multiculturalism, Unique Thought, Politically Corectness), weakening of Sanitary Systems and other Subtle Methods that lead more and more obviously to the FORCED decrease of the Life Expectancy and especially, of the Birth rate globally. For example, in Italy, which is known for the longevity of its inhabitants, Life Expectancy has decreased by 1.2 years in the last year, which is enormous &#8230; and this situation does not concern only Italy !?<\/span><\/span><\/p>\n<p><span style=\"font-family: Ubuntu;\"><span style=\"font-size: medium;\">From a PSYCHOLOGICAL point of view, we live in times when the System &#8220;excites&#8221; only the Reptilian and Limbic Brain of humans, leaving no room for the Neocortex (see TRIUNE BRAIN in our books).<\/span><\/span><\/p>\n<p><span style=\"font-family: Ubuntu;\"><span style=\"font-size: medium;\">Through their Violent and Emotional Politics, the Liberal Socialists are at the height of the excitement of these Inferior Layers of the Human Brain.<br \/><br \/>If we refer to BICAMERALISM (see details in our books), the Old World Order (OWO) aims to activate more and more the Right Celebral Hemisphere of people, which is responsible for RECEIVING GOD&#8217;S ORDERS &#8230; God being obviously THEM. Orders are transmitted directly or subliminally through the Media, Social Networks, Governments, Superstate Globalist Organizations, Non-Governmental Organizations (NGOs).<\/span><\/span><\/p>\n<p><span style=\"font-family: Ubuntu;\"><span style=\"font-size: medium;\">Today, the Old World Order is waging a PSYCHOLOGICAL WAR against humanity of an intensity never reached in the past, with TECHNOLOGY and MEDIA at its disposal.<\/span><\/span><\/p>\n<p><span style=\"font-family: Ubuntu;\"><span style=\"font-size: medium;\">They still do not realize that it is precisely TECHNOLOGY that will defeat them, because this is the prerogative of the most Enlightened Minds, who will sooner or later wake up.<\/span><\/span><\/p>\n<p><span style=\"font-family: Ubuntu;\"><span style=\"font-size: medium;\">It is not a risky statement, but one based on the MASTER-SLAVE DIALECTICS &#8230; when the Slave gets to do everything for the Master, he will become aware of this and get rid of him (Hegel).<\/span><\/span><\/p>\n<p><span style=\"font-family: Ubuntu;\"><span style=\"font-size: medium;\">The IDIOCRACY that OWO has on the AGENDA will turn against them.<\/span><\/span><\/p>\n<p><span style=\"font-family: Ubuntu;\"><span style=\"font-size: medium;\">From a POLITICAL point of view, although they declare themselves LEFTISTS, most and well-founded criticisms come from there, but not from the Right !?<\/span><\/span><\/p>\n<p><span style=\"font-family: Ubuntu;\"><span style=\"font-size: medium;\">The fact is that they can be defined by the Center-Left.<\/span><\/span><\/p>\n<p><span style=\"font-family: Ubuntu;\"><span style=\"font-size: medium;\">For example, Tony BlaIr was a Fabian and I have no doubt that Massimo D\u2019Alema, with whom he bombed Belgrade, also learned from Fabians. Roberto Speranza, currently the Minister of Health in Italy, also visited the London School Of Economics and it can be seen: he established a HEALTH DICTATORSHIP alongside another who defines himself as a LIBERAL SOCIALIST: Mario Draghi, Prime Minister of Italy and future president, with the broad support of Italian Right Wingers.<\/span><\/span><\/p>\n<p><span style=\"font-family: Ubuntu;\"><span style=\"font-size: medium;\">The fact is, they can be defined today as actually being &#8230; RIGHT.<\/span><\/span><\/p>\n<p><span style=\"font-family: Ubuntu;\"><span style=\"font-size: medium;\">Let&#8217;s not forget that fascism and Nazism had roots in &#8230; LEFT.<br \/>From where D\u2019Alema and Speranza were communists, they \u201cdeviated\u201d obviously to the Right, like FABIAN SOCIETY &#8230; we also know former communists \u201cdeviated\u201d and on the \u201cperiphery of the Empire\u201d.<\/span><\/span><\/p>\n<p><span style=\"font-family: Ubuntu;\"><span style=\"font-size: medium;\">This is why today there is practically no real and substantial Left Political Force, anywhere in the world. We are, but we are not &#8220;substantial&#8221;:<\/span><\/span><\/p>\n<p><span style=\"font-family: Ubuntu;\"><span style=\"font-size: medium;\">If at the beginning of Fabianism there were characters like G.B.Shaw and George Orwell, today we have some &#8220;petty bourgeois&#8221; who deviated strongly to the Right. It is no coincidence that the fabian George Orwell delimited himself in the last period of his life and wrote what is today a symbol of the Fight Against Authoritarianism: &#8220;1984&#8221;.<\/span><\/span><\/p>\n<p><span style=\"font-family: Ubuntu;\"><span style=\"font-size: medium;\">It is therefore obvious that today FABIAN SOCIETY is an active member of the Old World Order!<br \/><\/span><\/span><img loading=\"lazy\" decoding=\"async\" class=\"\" src=\"https:\/\/upload.wikimedia.org\/wikipedia\/commons\/thumb\/2\/25\/Fabian_Society_coat_of_arms.svg\/150px-Fabian_Society_coat_of_arms.svg.png\" width=\"503\" height=\"681\" \/><\/p>\n","protected":false},"excerpt":{"rendered":"<p>FABIAN SOCIETY (rom\u00e2n\u0103) \u00cen aceast\u0103 perioad\u0103 se vorbe\u015fte deschis despre TEHNOCRA\u0162IE, c\u00e2nd \u00een mod concret, cu a Patra Revolu\u0163ie Industrial\u0103, se urm\u0103re\u015fte de fapt instaurarea unei PLUTOCRA\u0162II TEHNOCRATE.Noile Tehnologii vor fi puse \u00een slujba aceleia\u015fi Elite Individualiste \u015fi de Grup Privilegiat, care ar urma s\u0103 instaureze CONTROLUL TOTAL AL MASELOR.Se poate spune f\u0103r\u0103 \u00eendoial\u0103 c\u0103 [&hellip;]<\/p>\n","protected":false},"author":2,"featured_media":0,"comment_status":"open","ping_status":"open","sticky":false,"template":"","format":"standard","meta":{"footnotes":""},"categories":[3092],"tags":[],"jetpack_featured_media_url":"","_links":{"self":[{"href":"http:\/\/bassdu.mine.bz\/index.php?rest_route=\/wp\/v2\/posts\/6284"}],"collection":[{"href":"http:\/\/bassdu.mine.bz\/index.php?rest_route=\/wp\/v2\/posts"}],"about":[{"href":"http:\/\/bassdu.mine.bz\/index.php?rest_route=\/wp\/v2\/types\/post"}],"author":[{"embeddable":true,"href":"http:\/\/bassdu.mine.bz\/index.php?rest_route=\/wp\/v2\/users\/2"}],"replies":[{"embeddable":true,"href":"http:\/\/bassdu.mine.bz\/index.php?rest_route=%2Fwp%2Fv2%2Fcomments&post=6284"}],"version-history":[{"count":3,"href":"http:\/\/bassdu.mine.bz\/index.php?rest_route=\/wp\/v2\/posts\/6284\/revisions"}],"predecessor-version":[{"id":6292,"href":"http:\/\/bassdu.mine.bz\/index.php?rest_route=\/wp\/v2\/posts\/6284\/revisions\/6292"}],"wp:attachment":[{"href":"http:\/\/bassdu.mine.bz\/index.php?rest_route=%2Fwp%2Fv2%2Fmedia&parent=6284"}],"wp:term":[{"taxonomy":"category","embeddable":true,"href":"http:\/\/bassdu.mine.bz\/index.php?rest_route=%2Fwp%2Fv2%2Fcategories&post=6284"},{"taxonomy":"post_tag","embeddable":true,"href":"http:\/\/bassdu.mine.bz\/index.php?rest_route=%2Fwp%2Fv2%2Ftags&post=6284"}],"curies":[{"name":"wp","href":"https:\/\/api.w.org\/{rel}","templated":true}]}}