{"id":639,"date":"2009-12-31T22:56:43","date_gmt":"2009-12-31T21:56:43","guid":{"rendered":"http:\/\/bassdu.mine.nu\/?p=639"},"modified":"2009-12-31T22:56:43","modified_gmt":"2009-12-31T21:56:43","slug":"la-multi-ani-2010","status":"publish","type":"post","link":"http:\/\/bassdu.mine.bz\/?p=639","title":{"rendered":"La Mul\u0163i Ani 2010 !"},"content":{"rendered":"<p align=\"center\"><strong>\u201eLa Mul\u0163i Ani\u201d membrilor Mi\u015fc\u0103rii Virtuale DACIA !<\/strong><\/p>\n<p align=\"center\"><strong>\u00a0<\/strong><\/p>\n<p align=\"center\"><strong><object classid=\"clsid:d27cdb6e-ae6d-11cf-96b8-444553540000\" width=\"425\" height=\"350\" codebase=\"http:\/\/download.macromedia.com\/pub\/shockwave\/cabs\/flash\/swflash.cab#version=6,0,40,0\"><param name=\"src\" value=\"http:\/\/www.youtube.com\/v\/g_FUG7D14Ho\" \/><\/object>\u00a0<\/strong><\/p>\n<p><em>La \u00eenceput de An Nou, v\u0103 urez tuturor \u00eendeplinirea tuturor dorin\u0163elor \u015fi &#8230; s\u0103n\u0103tate, &#8230; c\u0103-i mai scump\u0103 dec\u00e2t toate !<\/em><\/p>\n<p>La trecerea dintre ani, a\u015f dori s\u0103 trag ni\u015fte prime concluzii \u00een ceea ce ne prive\u015fte.<\/p>\n<p>\u00centr-o <strong>lume divizat\u0103<\/strong> de <em>convingeri contrastante<\/em> ce poart\u0103 la <em>diverse forme de violen\u0163\u0103<\/em>, noi reprezent\u0103m <strong>excep\u0163ia<\/strong>, fiind un grup alc\u0103tuit din persoane de <em>diverse na\u0163ionalit\u0103\u0163i, cet\u0103\u0163enii, convingeri politice sau religioase, r\u0103sp\u00e2ndi\u0163i \u00een toate col\u0163urile Lumii,<\/em> care au la suflet <strong>binele Patriei comune<\/strong>. Aceasta este o <em>caracteristic\u0103 ce v\u0103 face onoare<\/em>, pentru c\u0103 a trece peste diviziuni artificiale \u015fi a subscrie un <strong>Program <\/strong><em>PENTRU TO\u0162I<\/em> (at\u00e2t pentru <em>tarabostes<\/em> c\u00e2t \u015fi pentru <em>comati<\/em> , cum ar zice str\u0103mo\u015fii no\u015ftri) , nu este \u201e<em>la \u00eendem\u00e2n\u0103<\/em>\u201d \u00a0dec\u00e2t unor <strong>persoane responsabile<\/strong> \u015fi cu o <strong>mare capacitate de \u00een\u0163elegere<\/strong> a gravit\u0103\u0163ii situa\u0163iei actuale. Avem \u00een acest sens <em>experien\u0163a str\u0103bunilor daco-ge\u0163i<\/em>, care treceau peste orice <em>diviziune<\/em> pentru a face fa\u0163\u0103 vicisitudinilor.<\/p>\n<p>Consider c\u0103 numai <strong>UNI\u0162I<\/strong> putem contribui la \u00eembun\u0103t\u0103\u0163irea <em>statutului \u015fi imaginii<\/em> <strong>rom\u00e2nilor \u015fi Rom\u00e2niei<\/strong> !<\/p>\n<p>Avem deci datoria de <strong>a unifica<\/strong> toate eforturile \u015fi \u00een primul r\u00e2nd cele ale <em>dacicanilo<\/em>r (\u015fi ei &#8230; \u00eempr\u0103\u015ftia\u0163i), omagiind \u00een acest fel pe <strong>Marele Eminescu<\/strong>, el \u00eensu\u015fi un suporter \u00eenfocat al <em>daciz\u0103rii Spa\u0163iului Mioritic<\/em>. S\u0103 facem din aceast\u0103 referin\u0163\u0103, punctul de pornire al <strong>Marii Rena\u015fteri<\/strong> !<\/p>\n<p><strong>Focul lui Zamolxe este cu noi !<\/strong><\/p>\n<p>Sunt sigur c\u0103 <strong>Spiritul str\u0103mo\u015filor daco-ge\u0163i<\/strong>, vegheaz\u0103 \u00eenc\u0103 <strong>Spa\u0163iul Mioritic<\/strong> !<\/p>\n<p><strong>S\u0103 nu-i &#8230; dezam\u0103gim !<\/strong><\/p>\n","protected":false},"excerpt":{"rendered":"<p>\u201eLa Mul\u0163i Ani\u201d membrilor Mi\u015fc\u0103rii Virtuale DACIA ! \u00a0 \u00a0 La \u00eenceput de An Nou, v\u0103 urez tuturor \u00eendeplinirea tuturor dorin\u0163elor \u015fi &#8230; s\u0103n\u0103tate, &#8230; c\u0103-i mai scump\u0103 dec\u00e2t toate ! La trecerea dintre ani, a\u015f dori s\u0103 trag ni\u015fte prime concluzii \u00een ceea ce ne prive\u015fte. \u00centr-o lume divizat\u0103 de convingeri contrastante ce poart\u0103 [&hellip;]<\/p>\n","protected":false},"author":2,"featured_media":0,"comment_status":"open","ping_status":"open","sticky":false,"template":"","format":"standard","meta":{"footnotes":""},"categories":[64],"tags":[191,114],"jetpack_featured_media_url":"","_links":{"self":[{"href":"http:\/\/bassdu.mine.bz\/index.php?rest_route=\/wp\/v2\/posts\/639"}],"collection":[{"href":"http:\/\/bassdu.mine.bz\/index.php?rest_route=\/wp\/v2\/posts"}],"about":[{"href":"http:\/\/bassdu.mine.bz\/index.php?rest_route=\/wp\/v2\/types\/post"}],"author":[{"embeddable":true,"href":"http:\/\/bassdu.mine.bz\/index.php?rest_route=\/wp\/v2\/users\/2"}],"replies":[{"embeddable":true,"href":"http:\/\/bassdu.mine.bz\/index.php?rest_route=%2Fwp%2Fv2%2Fcomments&post=639"}],"version-history":[{"count":1,"href":"http:\/\/bassdu.mine.bz\/index.php?rest_route=\/wp\/v2\/posts\/639\/revisions"}],"predecessor-version":[{"id":640,"href":"http:\/\/bassdu.mine.bz\/index.php?rest_route=\/wp\/v2\/posts\/639\/revisions\/640"}],"wp:attachment":[{"href":"http:\/\/bassdu.mine.bz\/index.php?rest_route=%2Fwp%2Fv2%2Fmedia&parent=639"}],"wp:term":[{"taxonomy":"category","embeddable":true,"href":"http:\/\/bassdu.mine.bz\/index.php?rest_route=%2Fwp%2Fv2%2Fcategories&post=639"},{"taxonomy":"post_tag","embeddable":true,"href":"http:\/\/bassdu.mine.bz\/index.php?rest_route=%2Fwp%2Fv2%2Ftags&post=639"}],"curies":[{"name":"wp","href":"https:\/\/api.w.org\/{rel}","templated":true}]}}