{"id":6404,"date":"2022-11-24T18:38:30","date_gmt":"2022-11-24T17:38:30","guid":{"rendered":"http:\/\/bassdu.mine.bz\/?p=6404"},"modified":"2022-11-24T18:38:32","modified_gmt":"2022-11-24T17:38:32","slug":"masacrul-de-la-fantana-alba","status":"publish","type":"post","link":"http:\/\/bassdu.mine.bz\/?p=6404","title":{"rendered":"Masacrul de la F\u00e2nt\u00e2na Alb\u0103"},"content":{"rendered":"\n<p>Desigur c\u0103 sovieticii erau \u0218I de etnie ucrainian\u0103&#8230;<br \/><br \/>\u201e<b><a class=\"mw-redirect\" title=\"Masacru\" href=\"https:\/\/ro.wikipedia.org\/wiki\/Masacru\">Masacrul<\/a>\u00a0de la\u00a0<a title=\"F\u00e2nt\u00e2na Alb\u0103, Ad\u00e2ncata\" href=\"https:\/\/ro.wikipedia.org\/wiki\/F%C3%A2nt%C3%A2na_Alb%C4%83,_Ad%C3%A2ncata\">F\u00e2nt\u00e2na Alb\u0103<\/a><\/b>\u00a0a avut loc la\u00a0<a title=\"1 aprilie\" href=\"https:\/\/ro.wikipedia.org\/wiki\/1_aprilie\">1 aprilie<\/a>\u00a0<a title=\"1941\" href=\"https:\/\/ro.wikipedia.org\/wiki\/1941\">1941<\/a>, \u00een\u00a0<a title=\"Bucovina de Nord\" href=\"https:\/\/ro.wikipedia.org\/wiki\/Bucovina_de_Nord\">Bucovina de Nord<\/a>\u00a0unde \u00eentre 2000 \u0219i 4000 de rom\u00e2ni au fost uci\u0219i de c\u0103tre trupele sovietice c\u00e2nd \u00eencercau s\u0103 treac\u0103 grani\u021ba din\u00a0<a class=\"mw-redirect\" title=\"Uniunea Sovietic\u0103\" href=\"https:\/\/ro.wikipedia.org\/wiki\/Uniunea_Sovietic%C4%83\">URSS<\/a>\u00a0\u00een\u00a0<a title=\"Rom\u00e2nia\" href=\"https:\/\/ro.wikipedia.org\/wiki\/Rom%C3%A2nia\">Rom\u00e2nia<\/a>.<\/p>\n<p>De\u0219i, potrivit unor date, nu au fost omor\u00e2\u021bi mai mult de 48 de civili, martorii locali au povestit despre un num\u0103r de victime mult mai mare, sus\u021bin\u00e2nd c\u0103 supravie\u021buitorii au fost\u00a0<a title=\"Tortur\u0103\" href=\"https:\/\/ro.wikipedia.org\/wiki\/Tortur%C4%83\">tortura\u021bi<\/a>,\u00a0<a title=\"Execu\u021bie prin \u00eempu\u0219care\" href=\"https:\/\/ro.wikipedia.org\/wiki\/Execu%C8%9Bie_prin_%C3%AEmpu%C8%99care\">executa\u021bi<\/a>\u00a0sau\u00a0<a title=\"\u00cengropat de viu\" href=\"https:\/\/ro.wikipedia.org\/wiki\/%C3%8Engropat_de_viu\">\u00eengropa\u021bi de vii<\/a>\u00a0\u00een morminte. Al\u021bi supravie\u021buitori au fost lua\u021bi pentru a fi tortura\u021bi \u0219i uci\u0219i de c\u0103tre\u00a0<a title=\"NKVD\" href=\"https:\/\/ro.wikipedia.org\/wiki\/NKVD\">NKVD<\/a>, poli\u021bia secret\u0103 sovietic\u0103.\u00a0<sup id=\"cite_ref-1\" class=\"reference\"><a href=\"https:\/\/ro.wikipedia.org\/wiki\/Masacrul_de_la_F%C3%A2nt%C3%A2na_Alb%C4%83?fbclid=IwAR2MLl5CCsDUHCvhG2g7g-cxfRPfyIm8tmOUhun9WQRTsxxqeuCUEIliofk#cite_note-1\">[1]<\/a><\/sup><\/p>\n<h2><span id=\"Fondul_situa.C8.9Biei\"><\/span><span id=\"Fondul_situa\u021biei\" class=\"mw-headline\">Fondul situa\u021biei<\/span><\/h2>\n<div class=\"thumb tright\">\n<div class=\"thumbinner\"><a class=\"image\" href=\"https:\/\/ro.wikipedia.org\/wiki\/Fi%C8%99ier:Bucovina_division.svg\"><img loading=\"lazy\" decoding=\"async\" class=\"thumbimage\" src=\"https:\/\/upload.wikimedia.org\/wikipedia\/commons\/thumb\/0\/05\/Bucovina_division.svg\/250px-Bucovina_division.svg.png\" srcset=\"\/\/upload.wikimedia.org\/wikipedia\/commons\/thumb\/0\/05\/Bucovina_division.svg\/375px-Bucovina_division.svg.png 1.5x, \/\/upload.wikimedia.org\/wikipedia\/commons\/thumb\/0\/05\/Bucovina_division.svg\/500px-Bucovina_division.svg.png 2x\" alt=\"\" width=\"250\" height=\"325\" data-file-width=\"820\" data-file-height=\"1065\" \/><\/a>\n<div class=\"thumbcaption\">\n<div class=\"magnify\">\u00a0<\/div>\nBucovina divizat\u0103 \u00een iunie 1940<\/div>\n<\/div>\n<\/div>\n<p>\u00cen\u00a0<a title=\"1940\" href=\"https:\/\/ro.wikipedia.org\/wiki\/1940\">1940<\/a>, Rom\u00e2nia a fost for\u021bat\u0103 s\u0103 cedeze\u00a0<a class=\"mw-redirect\" title=\"URSS\" href=\"https:\/\/ro.wikipedia.org\/wiki\/URSS\">Uniunii Sovietice<\/a>\u00a0un teritoriu locuit de peste 3 milioane de persoane, \u00een urma ultimatumului primit \u00een luna iunie a aceluia\u0219i an. Imediat ce administra\u021bia \u0219i armata rom\u00e2n\u0103 au fost evacuate, trupele din\u00a0<a title=\"Armata Ro\u0219ie\" href=\"https:\/\/ro.wikipedia.org\/wiki\/Armata_Ro%C8%99ie\">Armata Ro\u0219ie<\/a>\u00a0\u0219i\u00a0<a title=\"NKVD\" href=\"https:\/\/ro.wikipedia.org\/wiki\/NKVD\">NKVD<\/a>\u00a0au ocupat teritoriul. Multe familii au fost luate prin surprindere de aceast\u0103 desf\u0103\u0219urare rapid\u0103 a evenimentelor cu membri de ambele p\u0103r\u021bi ale noii grani\u021be. \u00cen aceast\u0103 situa\u021bie mul\u021bi dintre ei au \u00eencercat s\u0103 se reuneasc\u0103 cu familiile trec\u00e2nd grani\u021ba \u00een mod legal sau, dac\u0103 nu era posibil, ilegal. Conform datelor oficiale sovietice, \u00een zona patrulat\u0103 de Unitatea 97 de gr\u0103niceri sovietici, 471 de persoane au trecut grani\u021ba ilegal din zonele\u00a0<a class=\"mw-redirect\" title=\"Hliboca\" href=\"https:\/\/ro.wikipedia.org\/wiki\/Hliboca\">Hliboca<\/a>,\u00a0<a title=\"Her\u021ba\" href=\"https:\/\/ro.wikipedia.org\/wiki\/Her%C8%9Ba\">Her\u021ba<\/a>,\u00a0<a title=\"Putila\" href=\"https:\/\/ro.wikipedia.org\/wiki\/Putila\">Putila<\/a>\u00a0\u0219i\u00a0<a title=\"Storojine\u021b\" href=\"https:\/\/ro.wikipedia.org\/wiki\/Storojine%C8%9B\">Storojine\u021b<\/a>. Zona acestei unit\u0103\u021bi era pe o distan\u021b\u0103 de 7.5 km la sud de\u00a0<a title=\"Cern\u0103u\u021bi\" href=\"https:\/\/ro.wikipedia.org\/wiki\/Cern%C4%83u%C8%9Bi\">Cern\u0103u\u021bi<\/a>.<\/p>\n<p>Din zonele mai \u00eendep\u0103rtate,\u00a0<a title=\"V\u0103\u0219c\u0103u\u021bi\" href=\"https:\/\/ro.wikipedia.org\/wiki\/V%C4%83%C8%99c%C4%83u%C8%9Bi\">V\u0103\u0219c\u0103u\u021bi<\/a>,\u00a0<a title=\"Zastavna\" href=\"https:\/\/ro.wikipedia.org\/wiki\/Zastavna\">Zastavna<\/a>,\u00a0<a class=\"mw-redirect\" title=\"Noua-Suli\u021b\u0103\" href=\"https:\/\/ro.wikipedia.org\/wiki\/Noua-Suli%C8%9B%C4%83\">Noua-Suli\u021b\u0103<\/a>,\u00a0<a title=\"Sadagura\" href=\"https:\/\/ro.wikipedia.org\/wiki\/Sadagura\">Sadagura<\/a>\u00a0\u0219i\u00a0<a title=\"Cern\u0103u\u021bi\" href=\"https:\/\/ro.wikipedia.org\/wiki\/Cern%C4%83u%C8%9Bi\">Cern\u0103u\u021bi<\/a>-rural\u0103, 628 de persoane au trecut grani\u021ba pentru a se refugia \u00een Rom\u00e2nia. Acest fenomen a fost prezent \u00een toate grupurile sociale \u0219i etnice din teritoriile ocupate. \u00cen primul an de ocupa\u021bie sovietic\u0103, estim\u0103rile ucrainene dau ca cifr\u0103 un num\u0103r de peste 7.000 de refugia\u021bi \u00een Rom\u00e2nia, dar acest num\u0103r ar putea fi mult mai mare.<\/p>\n<p>Autorit\u0103\u021bile sovietice au reac\u021bionat \u00een dou\u0103 moduri: \u00een primul r\u00e2nd au \u00eent\u0103rit patrularea grani\u021belor, \u00een al doilea r\u00e2nd au f\u0103cut liste cu familiile care aveau rude \u0219i \u00een Rom\u00e2nia \u0219i declar\u00e2ndu-le\u00a0<i>tr\u0103d\u0103tori de \u021bar\u0103<\/i>\u00a0\u0219i deport\u00e2ndu-le la munc\u0103 for\u021bat\u0103. Listele unit\u0103\u021bii 97 de patrulare num\u0103rau la\u00a0<a title=\"1 ianuarie\" href=\"https:\/\/ro.wikipedia.org\/wiki\/1_ianuarie\">1 ianuarie<\/a>\u00a0<a title=\"1941\" href=\"https:\/\/ro.wikipedia.org\/wiki\/1941\">1941<\/a>\u00a01.085 de persoane. Listele altor localit\u0103\u021bi includeau numele a peste 1.294 de persoane (la\u00a0<a title=\"7 decembrie\" href=\"https:\/\/ro.wikipedia.org\/wiki\/7_decembrie\">7 decembrie<\/a>\u00a0<a title=\"1940\" href=\"https:\/\/ro.wikipedia.org\/wiki\/1940\">1940<\/a>). Din acest moment au \u00eenceput s\u0103 fie considerate tr\u0103d\u0103toare de \u021bar\u0103 chiar \u0219i persoanele care erau doar b\u0103nuite c\u0103 ar avea inten\u021bii s\u0103 fug\u0103 \u00een\u00a0<a title=\"Rom\u00e2nia\" href=\"https:\/\/ro.wikipedia.org\/wiki\/Rom%C3%A2nia\">Rom\u00e2nia<\/a>.<\/p>\n<h2><span id=\"Incidente_premerg.C4.83toare\"><\/span><span id=\"Incidente_premerg\u0103toare\" class=\"mw-headline\">Incidente premerg\u0103toare<\/span><\/h2>\n<p>La\u00a0<a title=\"19 noiembrie\" href=\"https:\/\/ro.wikipedia.org\/wiki\/19_noiembrie\">19 noiembrie<\/a>\u00a0<a title=\"1940\" href=\"https:\/\/ro.wikipedia.org\/wiki\/1940\">1940<\/a>, 40 de familii (105 persoane) din localitatea\u00a0<a title=\"Suceveni, Ad\u00e2ncata\" href=\"https:\/\/ro.wikipedia.org\/wiki\/Suceveni,_Ad%C3%A2ncata\">Suceveni<\/a>\u00a0au \u00eencercat s\u0103 treac\u0103 grani\u021ba noaptea la F\u00e2nt\u00e2na Alb\u0103. Surprin\u0219i de patrulele sovietice, a avut loc o confruntare \u00een care 3 au fost uci\u0219i, 2 r\u0103ni\u021bi \u0219i captura\u021bi de sovietici. Restul grupului (inclusiv 5 r\u0103ni\u021bi) a reu\u0219it s\u0103 ajung\u0103 la\u00a0<a title=\"R\u0103d\u0103u\u021bi\" href=\"https:\/\/ro.wikipedia.org\/wiki\/R%C4%83d%C4%83u%C8%9Bi\">R\u0103d\u0103u\u021bi<\/a>. Drept represalii, autorit\u0103\u021bile sovieto-ucrainene au ordonat arestarea \u0219i deportarea tuturor rudelor celor 105 de persoane \u00een\u00a0<a title=\"Siberia\" href=\"https:\/\/ro.wikipedia.org\/wiki\/Siberia\">Siberia<\/a>.<sup id=\"cite_ref-Popescu_2-0\" class=\"reference\"><a href=\"https:\/\/ro.wikipedia.org\/wiki\/Masacrul_de_la_F%C3%A2nt%C3%A2na_Alb%C4%83?fbclid=IwAR2MLl5CCsDUHCvhG2g7g-cxfRPfyIm8tmOUhun9WQRTsxxqeuCUEIliofk#cite_note-Popescu-2\">[2]<\/a><\/sup><\/p>\n<p>A urmat o alt\u0103 \u00eencercare de refugiere \u00een Rom\u00e2nia a peste 100 de persoane din localit\u0103\u021bile\u00a0<a title=\"Mahala, Noua Suli\u021b\u0103\" href=\"https:\/\/ro.wikipedia.org\/wiki\/Mahala,_Noua_Suli%C8%9B%C4%83\">Mahala<\/a>,\u00a0<a title=\"Ostri\u021ba, Her\u021ba\" href=\"https:\/\/ro.wikipedia.org\/wiki\/Ostri%C8%9Ba,_Her%C8%9Ba\">Ostri\u021ba<\/a>,\u00a0<a class=\"new\" title=\"Horecea \u2014 pagin\u0103 inexistent\u0103\" href=\"https:\/\/ro.wikipedia.org\/w\/index.php?title=Horecea&amp;action=edit&amp;redlink=1\">Horecea<\/a>\u00a0\u0219i alte c\u00e2teva sate, ace\u0219tia av\u00e2nd mai mult noroc \u0219i reu\u0219ind s\u0103 treac\u0103 \u00een Rom\u00e2nia.<sup id=\"cite_ref-Popescu_2-1\" class=\"reference\"><a href=\"https:\/\/ro.wikipedia.org\/wiki\/Masacrul_de_la_F%C3%A2nt%C3%A2na_Alb%C4%83?fbclid=IwAR2MLl5CCsDUHCvhG2g7g-cxfRPfyIm8tmOUhun9WQRTsxxqeuCUEIliofk#cite_note-Popescu-2\">[2]<\/a><\/sup>\u00a0Aceasta a dat \u00eencredere \u0219i altor oameni, de aceea \u00een noaptea de\u00a0<a title=\"6 februarie\" href=\"https:\/\/ro.wikipedia.org\/wiki\/6_februarie\">6 februarie<\/a>\u00a0<a title=\"1941\" href=\"https:\/\/ro.wikipedia.org\/wiki\/1941\">1941<\/a>\u00a0un grup de 500 de persoane din satele\u00a0<a title=\"Mahala, Noua Suli\u021b\u0103\" href=\"https:\/\/ro.wikipedia.org\/wiki\/Mahala,_Noua_Suli%C8%9B%C4%83\">Mahala<\/a>,\u00a0<a title=\"Cotul Ostri\u021bei, Noua Suli\u021b\u0103\" href=\"https:\/\/ro.wikipedia.org\/wiki\/Cotul_Ostri%C8%9Bei,_Noua_Suli%C8%9B%C4%83\">Cotul Ostri\u021bei<\/a>,\u00a0<a title=\"Buda, Noua Suli\u021b\u0103\" href=\"https:\/\/ro.wikipedia.org\/wiki\/Buda,_Noua_Suli%C8%9B%C4%83\">Buda<\/a>,\u00a0<a title=\"Corovia, Ad\u00e2ncata\" href=\"https:\/\/ro.wikipedia.org\/wiki\/Corovia,_Ad%C3%A2ncata\">Corovia<\/a>,\u00a0<a class=\"new\" title=\"Horecea-Urban\u0103 \u2014 pagin\u0103 inexistent\u0103\" href=\"https:\/\/ro.wikipedia.org\/w\/index.php?title=Horecea-Urban%C4%83&amp;action=edit&amp;redlink=1\">Horecea-Urban\u0103<\/a>,\u00a0<a class=\"mw-redirect\" title=\"Ceahor\" href=\"https:\/\/ro.wikipedia.org\/wiki\/Ceahor\">Ceahor<\/a>,\u00a0<a class=\"mw-redirect\" title=\"Molodia\" href=\"https:\/\/ro.wikipedia.org\/wiki\/Molodia\">Molodia<\/a>\u00a0\u0219i\u00a0<a class=\"mw-disambig\" title=\"Ostri\u021ba\" href=\"https:\/\/ro.wikipedia.org\/wiki\/Ostri%C8%9Ba\">Ostri\u021ba<\/a><sup id=\"cite_ref-3\" class=\"reference\"><a href=\"https:\/\/ro.wikipedia.org\/wiki\/Masacrul_de_la_F%C3%A2nt%C3%A2na_Alb%C4%83?fbclid=IwAR2MLl5CCsDUHCvhG2g7g-cxfRPfyIm8tmOUhun9WQRTsxxqeuCUEIliofk#cite_note-3\">[3]<\/a><\/sup>\u00a0a \u00eencercat s\u0103 treac\u0103 \u00een Rom\u00e2nia. Oamenii au fost surprin\u0219i \u00eens\u0103 \u0219i ataca\u021bi cu rafale de mitralier\u0103 din mai multe direc\u021bii. Au fost uci\u0219i foarte mul\u021bi, inclusiv organizatorii N. Merticar, N. Nica \u0219i N. Isac. 57 de persoane au reu\u0219it totu\u0219i s\u0103 se refugieze \u00een Rom\u00e2nia, dar al\u021bii 44 au fost aresta\u021bi \u0219i acuza\u021bi c\u0103 ar fi fost\u00a0<i>membri ai unei organiza\u021bii contrarevolu\u021bionare<\/i>.<sup id=\"cite_ref-Popescu_2-2\" class=\"reference\"><a href=\"https:\/\/ro.wikipedia.org\/wiki\/Masacrul_de_la_F%C3%A2nt%C3%A2na_Alb%C4%83?fbclid=IwAR2MLl5CCsDUHCvhG2g7g-cxfRPfyIm8tmOUhun9WQRTsxxqeuCUEIliofk#cite_note-Popescu-2\">[2]<\/a><\/sup>\u00a0La\u00a0<a title=\"14 aprilie\" href=\"https:\/\/ro.wikipedia.org\/wiki\/14_aprilie\">14 aprilie<\/a>,\u00a0<a title=\"1941\" href=\"https:\/\/ro.wikipedia.org\/wiki\/1941\">1941<\/a>, 12 dintre ei au fost condamna\u021bi la moarte, iar restul de 32 la 10 ani de munc\u0103 for\u021bat\u0103 \u0219i pierderea drepturilor civile pentru 5 ani. Ca \u0219i \u00een cazurile anterioare, toate rudele lor au fost considerate\u00a0<i>tr\u0103d\u0103tori de \u021bar\u0103<\/i>, arestate \u0219i deportate \u00een\u00a0<a title=\"Siberia\" href=\"https:\/\/ro.wikipedia.org\/wiki\/Siberia\">Siberia<\/a>.<sup id=\"cite_ref-Popescu_2-3\" class=\"reference\"><a href=\"https:\/\/ro.wikipedia.org\/wiki\/Masacrul_de_la_F%C3%A2nt%C3%A2na_Alb%C4%83?fbclid=IwAR2MLl5CCsDUHCvhG2g7g-cxfRPfyIm8tmOUhun9WQRTsxxqeuCUEIliofk#cite_note-Popescu-2\">[2]<\/a><\/sup><\/p>\n<h2><span id=\"Desf.C4.83.C8.99urarea_masacrului\"><\/span><span id=\"Desf\u0103\u0219urarea_masacrului\" class=\"mw-headline\">Desf\u0103\u0219urarea masacrului<\/span><\/h2>\n<p>La \u00eenceputul anului 1941,\u00a0<a title=\"NKVD\" href=\"https:\/\/ro.wikipedia.org\/wiki\/NKVD\">NKVD<\/a>\u00a0a lansat zvonuri potrivit c\u0103rora sovieticii ar fi permis trecerea grani\u021bei \u00een Rom\u00e2nia. Drept urmare, la\u00a0<a title=\"1 aprilie\" href=\"https:\/\/ro.wikipedia.org\/wiki\/1_aprilie\">1 aprilie<\/a>,\u00a0<a title=\"1941\" href=\"https:\/\/ro.wikipedia.org\/wiki\/1941\">1941<\/a>\u00a0un grup mare de oameni din mai multe sate de pe valea Siretului (<a class=\"mw-redirect\" title=\"P\u0103tr\u0103u\u021bii-de-Sus\" href=\"https:\/\/ro.wikipedia.org\/wiki\/P%C4%83tr%C4%83u%C8%9Bii-de-Sus\">P\u0103tr\u0103u\u021bii-de-Sus<\/a>,\u00a0<a class=\"mw-redirect\" title=\"P\u0103tr\u0103u\u021bii-de-Jos\" href=\"https:\/\/ro.wikipedia.org\/wiki\/P%C4%83tr%C4%83u%C8%9Bii-de-Jos\">P\u0103tr\u0103u\u021bii-de-Jos<\/a>,\u00a0<a class=\"mw-redirect\" title=\"Cupca\" href=\"https:\/\/ro.wikipedia.org\/wiki\/Cupca\">Cupca<\/a>,\u00a0<a class=\"mw-redirect\" title=\"Corce\u0219ti\" href=\"https:\/\/ro.wikipedia.org\/wiki\/Corce%C8%99ti\">Corce\u0219ti<\/a>, Suceveni), purt\u00e2nd \u00een fa\u021b\u0103 un steag alb \u0219i \u00eensemne religioase (icoane, prapuri \u0219i cruci din cetin\u0103), a format o coloan\u0103 pa\u0219nic\u0103 de peste 3.000 de persoane, \u0219i s-a \u00eendreptat spre noua grani\u021b\u0103 sovieto-rom\u00e2n\u0103. \u00cen poiana Varni\u021ba, la circa 3 km de grani\u021ba rom\u00e2n\u0103, gr\u0103nicerii sovietici i-au somat s\u0103 se opreasc\u0103.<sup id=\"cite_ref-JN_4-0\" class=\"reference\"><a href=\"https:\/\/ro.wikipedia.org\/wiki\/Masacrul_de_la_F%C3%A2nt%C3%A2na_Alb%C4%83?fbclid=IwAR2MLl5CCsDUHCvhG2g7g-cxfRPfyIm8tmOUhun9WQRTsxxqeuCUEIliofk#cite_note-JN-4\">[4]<\/a><\/sup>\u00a0Dup\u0103 ce coloana a ignorat soma\u021bia, sovieticii au tras \u00een plin<sup id=\"cite_ref-JN_4-1\" class=\"reference\"><a href=\"https:\/\/ro.wikipedia.org\/wiki\/Masacrul_de_la_F%C3%A2nt%C3%A2na_Alb%C4%83?fbclid=IwAR2MLl5CCsDUHCvhG2g7g-cxfRPfyIm8tmOUhun9WQRTsxxqeuCUEIliofk#cite_note-JN-4\">[4]<\/a><\/sup>\u00a0cu mitraliere, \u00eencontinuu, secer\u00e2ndu-i. Supravie\u021buitorii au fost urm\u0103ri\u021bi de cavaleri\u0219ti \u0219i spinteca\u021bi cu sabia.<\/p>\n<p>Dup\u0103 masacru r\u0103ni\u021bii au fost lega\u021bi de cozile cailor \u0219i t\u00e2r\u00e2\u021bi p\u00e2n\u0103 la 5 gropi comune s\u0103pate dinainte, unde au fost \u00eengropa\u021bi, unii fiind \u00een via\u021b\u0103 \u00eenc\u0103: b\u0103tr\u00e2ni, femei, copii, sugari &#8211; vii, mor\u021bi sau muribunzi. Dou\u0103 zile \u0219i dou\u0103 nop\u021bi s-a mi\u0219cat p\u0103m\u00e2ntul \u00een acele gropi, p\u00e2n\u0103 to\u021bi \u0219i-au dat duhul.<\/p>\n<p>C\u00e2\u021biva, \u201emai noroco\u0219i\u201d, au fost aresta\u021bi de\u00a0<a title=\"NKVD\" href=\"https:\/\/ro.wikipedia.org\/wiki\/NKVD\">NKVD<\/a>\u00a0din Hliboca (Ad\u00e2ncata) \u0219i, dup\u0103 torturi \u00eenfior\u0103toare, au fost du\u0219i \u00een cimitirul evreiesc din acel or\u0103\u0219el \u0219i arunca\u021bi de vii \u00eentr-o groap\u0103 comun\u0103, peste care s-a turnat \u0219i s-a stins var.<sup id=\"cite_ref-Gherasim_5-0\" class=\"reference\"><a href=\"https:\/\/ro.wikipedia.org\/wiki\/Masacrul_de_la_F%C3%A2nt%C3%A2na_Alb%C4%83?fbclid=IwAR2MLl5CCsDUHCvhG2g7g-cxfRPfyIm8tmOUhun9WQRTsxxqeuCUEIliofk#cite_note-Gherasim-5\">[5]<\/a><\/sup><\/p>\n<p>O list\u0103 par\u021bial\u0103 a victimelor identificate ulterior<sup id=\"cite_ref-6\" class=\"reference\"><a href=\"https:\/\/ro.wikipedia.org\/wiki\/Masacrul_de_la_F%C3%A2nt%C3%A2na_Alb%C4%83?fbclid=IwAR2MLl5CCsDUHCvhG2g7g-cxfRPfyIm8tmOUhun9WQRTsxxqeuCUEIliofk#cite_note-6\">[6]<\/a><\/sup>:<\/p>\n<ul>\n<li>Din comuna Carapciu: Vasile, Gheorghe \u0219i Cosma Opai\u021b, Gheorghe, Vasile \u0219i Cosma Tovarni\u021bchi, Nicolae Corduban.<\/li>\n<li>Din satul Cupca: Ioan Belmega, Ioan Gaza, Mihai \u021augui, Arcadie Plevan.<\/li>\n<li>Din satul Dimca (Trestiana): Petre Jianu a lui Ion, Vasile \u0219i Petre Cimbru, Nicolae Drevariuc.<\/li>\n<li>Din comuna Suceveni: Drago\u0219 Bostan, Constantin Sucevean, Titiana Lip\u0103\u0219tean, Gheorghe Sidoreac.<\/li>\n<li>Din comuna Iord\u0103ne\u0219ti: Nicolae Halac a lui Simion, Ion Halac a lui Dumitru, Dumitru Halac a lui Grigore, Dumitru Opai\u021b a lui Mihai, Constantin Molnar.<\/li>\n<li>Din comuna P\u0103tr\u0103u\u021bii de Jos: Zaharia Boiciu, Olga Cobel a lui Ioan \u0219i Maria Cobel (n\u0103scut\u0103 Arone\u021b), Ana Feodoran a lui Simion, Gheorghe Feodoran a lui Gheorghe, Teodor Feodoran a lui Gheorghe, Maftei Gavriliuc, Ion P\u0103tr\u0103uceanu a lui Ilie, \u0218tefan Pavel a lui Petru, Rafila Pojoga.<\/li>\n<li>Din P\u0103tr\u0103u\u021bii de Sus: Constantin Ciucureanu, Arcadie Ursuleanu, Gheorghe Mo\u021boc.<\/li>\n<\/ul>\n<p>Num\u0103rul exact al victimelor nu s-a aflat \u0219i probabil nu se va mai afla vreodat\u0103. Conform datelor arhivate de autorit\u0103\u021bile sovietice, 20 de persoane au fost ucise \u00een \u00eencercarea de a trece grani\u021ba, printre care b\u0103tr\u00e2ni, femei \u0219i copii. Conform listelor realizate mai t\u00e2rziu, num\u0103rul victimelor din doar \u0219ase sate bucovinene era de 44 de persoane (17 din P\u0103tr\u0103u\u021bii-de-Jos, 12 din\u00a0<a class=\"mw-redirect\" title=\"Trestiana, Ad\u00e2ncata\" href=\"https:\/\/ro.wikipedia.org\/wiki\/Trestiana,_Ad%C3%A2ncata\">Trestiana<\/a>, 5 din Cupca \u0219i 5 din Suceveni, 3 din P\u0103tr\u0103u\u021bii-de-Sus, 2 din\u00a0<a title=\"Opri\u0219eni, Ad\u00e2ncata\" href=\"https:\/\/ro.wikipedia.org\/wiki\/Opri%C8%99eni,_Ad%C3%A2ncata\">Opri\u0219eni<\/a>). Alte estim\u0103ri ale martorilor locali dau un num\u0103r \u00eentre 200<sup id=\"cite_ref-Gherasim_5-1\" class=\"reference\"><a href=\"https:\/\/ro.wikipedia.org\/wiki\/Masacrul_de_la_F%C3%A2nt%C3%A2na_Alb%C4%83?fbclid=IwAR2MLl5CCsDUHCvhG2g7g-cxfRPfyIm8tmOUhun9WQRTsxxqeuCUEIliofk#cite_note-Gherasim-5\">[5]<\/a><\/sup>\u00a0\u0219i peste 2000 de victime, ucise direct de mitraliere, altele r\u0103nite \u0219i ucise apoi cu lovituri de s\u0103bie \u0219i h\u00e2rle\u021b sau \u00eengropate de vii.<sup id=\"cite_ref-Gherasim_5-2\" class=\"reference\"><a href=\"https:\/\/ro.wikipedia.org\/wiki\/Masacrul_de_la_F%C3%A2nt%C3%A2na_Alb%C4%83?fbclid=IwAR2MLl5CCsDUHCvhG2g7g-cxfRPfyIm8tmOUhun9WQRTsxxqeuCUEIliofk#cite_note-Gherasim-5\">[5]<\/a><\/sup><\/p>\n<p>O relatare a evenimentelor este f\u0103cut\u0103 de c\u0103tre unul din pu\u021binii martori oculari care au supravie\u021buit, Gheorghe Mihailiuc (1925 &#8211; 2005, fost profesor de liceu, scriitor \u0219i poet<sup id=\"cite_ref-7\" class=\"reference\"><a href=\"https:\/\/ro.wikipedia.org\/wiki\/Masacrul_de_la_F%C3%A2nt%C3%A2na_Alb%C4%83?fbclid=IwAR2MLl5CCsDUHCvhG2g7g-cxfRPfyIm8tmOUhun9WQRTsxxqeuCUEIliofk#cite_note-7\">[7]<\/a><\/sup>), \u00een cartea sa, \u201eDincolo de cuvintele rostite\u201d, publicat\u0103 \u00een 2004, la editura Vivacitas din Hliboca. Mihailiuc descrie ce s-a \u00eent\u00e2mplat la F\u00e2nt\u00e2na Alb\u0103 pe 1 aprilie 1941 ca pe un \u201emasacru\u201d, un \u201e<a title=\"Genocid\" href=\"https:\/\/ro.wikipedia.org\/wiki\/Genocid\">genocid<\/a>\u201d, \u0219i un \u201em\u0103cel\u201d.<sup id=\"cite_ref-8\" class=\"reference\"><a href=\"https:\/\/ro.wikipedia.org\/wiki\/Masacrul_de_la_F%C3%A2nt%C3%A2na_Alb%C4%83?fbclid=IwAR2MLl5CCsDUHCvhG2g7g-cxfRPfyIm8tmOUhun9WQRTsxxqeuCUEIliofk#cite_note-8\">[8]<\/a><\/sup><\/p>\n<h2><span id=\"Urm.C4.83ri\"><\/span><span id=\"Urm\u0103ri\" class=\"mw-headline\">Urm\u0103ri<\/span><\/h2>\n<p>Dup\u0103 masacru a fost declan\u0219at\u0103 o opera\u021biune vast\u0103 de represalii. Astfel, \u00een noaptea zilei de 12 spre 13 iunie 1941, peste 13.000 de rom\u00e2ni au fost ridica\u021bi din casele lor \u0219i deporta\u021bi \u00een\u00a0<a title=\"Siberia\" href=\"https:\/\/ro.wikipedia.org\/wiki\/Siberia\">Siberia<\/a>\u00a0\u0219i\u00a0<a title=\"Kazahstan\" href=\"https:\/\/ro.wikipedia.org\/wiki\/Kazahstan\">Kazahstan<\/a>. Au supravie\u021buit pu\u021bini. Ca rezultat al emigr\u0103rilor, deport\u0103rilor \u0219i asasinatelor, popula\u021bia rom\u00e2neasc\u0103 a\u00a0<a title=\"Regiunea Cern\u0103u\u021bi\" href=\"https:\/\/ro.wikipedia.org\/wiki\/Regiunea_Cern%C4%83u%C8%9Bi\">regiunii Cern\u0103u\u021bi<\/a>\u00a0a sc\u0103zut cu 75,000 de persoane \u00eentre recens\u0103m\u00e2ntul rom\u00e2nesc din 1930 \u0219i primul recens\u0103m\u00e2nt Sovietic \u00een 1959. S-a afirmat c\u0103 aceste persecu\u021bii au f\u0103cut parte dintr-un program deliberat de exterminare a popula\u021biei rom\u00e2ne\u0219ti, pl\u0103nuit \u0219i executat de regimul sovietic.<sup id=\"cite_ref-9\" class=\"reference\"><a href=\"https:\/\/ro.wikipedia.org\/wiki\/Masacrul_de_la_F%C3%A2nt%C3%A2na_Alb%C4%83?fbclid=IwAR2MLl5CCsDUHCvhG2g7g-cxfRPfyIm8tmOUhun9WQRTsxxqeuCUEIliofk#cite_note-9\">[9]<\/a><\/sup><\/p>\n<p>Subiectul masacrului de la F\u00e2nt\u00e2na Alb\u0103 a fost considerat tabu p\u00e2n\u0103 \u00een anii &#8217;90, fiind interzis\u0103 de autorit\u0103\u021bile sovietice \u0219i ulterior de cele ucrainene orice referire la el sau comemorare a lui. Doar din anul\u00a0<a title=\"2000\" href=\"https:\/\/ro.wikipedia.org\/wiki\/2000\">2000<\/a>\u00a0autorit\u0103\u021bile ucrainene au permis oficierea unui parastas pentru odihna rom\u00e2nilor care \u0219i-au dorit doar s\u0103 tr\u0103iasc\u0103 \u00een\u00a0<a title=\"Rom\u00e2nia\" href=\"https:\/\/ro.wikipedia.org\/wiki\/Rom%C3%A2nia\">Rom\u00e2nia<\/a>.<\/p>\n<p>\u00cen data de 12 aprilie 2011, Camera Deputa\u021bilor a adoptat propunerea legislativ\u0103 nr. 796\/2010 prin care data de 1 aprilie se instituie drept\u00a0<i>Zi na\u021bional\u0103 de cinstire a memoriei rom\u00e2nilor \u2013 victime ale masacrelor de la F\u00e2nt\u00e2na Alb\u0103 \u0219i alte zone, ale deport\u0103rilor, ale foametei \u0219i ale altor forme de represiune organizate de regimul totalitar sovietic \u00een \u021ainutul Her\u021ba, nordul Bucovinei \u0219i \u00eentreaga Basarabie<\/i><sup id=\"cite_ref-10\" class=\"reference\"><a href=\"https:\/\/ro.wikipedia.org\/wiki\/Masacrul_de_la_F%C3%A2nt%C3%A2na_Alb%C4%83?fbclid=IwAR2MLl5CCsDUHCvhG2g7g-cxfRPfyIm8tmOUhun9WQRTsxxqeuCUEIliofk#cite_note-10\">[10]<\/a><\/sup>.<\/p>\n<p>\u00cen anul 2015 deputatul\u00a0<a title=\"Eugen Tomac\" href=\"https:\/\/ro.wikipedia.org\/wiki\/Eugen_Tomac\">Eugen Tomac<\/a>\u00a0a sus\u021binut constituirea unei Comisii parlamentare pentru restabilirea adev\u0103rului istoric \u00een privin\u021ba masacrului de la F\u00e2nt\u00e2na Alb\u0103 din 1 aprilie 1941.<sup id=\"cite_ref-11\" class=\"reference\"><a title=\"\" href=\"https:\/\/ro.wikipedia.org\/wiki\/Masacrul_de_la_F%C3%A2nt%C3%A2na_Alb%C4%83?fbclid=IwAR2MLl5CCsDUHCvhG2g7g-cxfRPfyIm8tmOUhun9WQRTsxxqeuCUEIliofk#cite_note-11\">[11]<\/a><\/sup><\/p>\n<p><br \/>Sursa:<br \/>https:\/\/ro.wikipedia.org\/wiki\/Masacrul_de_la_F%C3%A2nt%C3%A2na_Alb%C4%83?fbclid=IwAR2MLl5CCsDUHCvhG2g7g-cxfRPfyIm8tmOUhun9WQRTsxxqeuCUEIliofk<\/p>\n","protected":false},"excerpt":{"rendered":"<p>Desigur c\u0103 sovieticii erau \u0218I de etnie ucrainian\u0103&#8230; \u201eMasacrul\u00a0de la\u00a0F\u00e2nt\u00e2na Alb\u0103\u00a0a avut loc la\u00a01 aprilie\u00a01941, \u00een\u00a0Bucovina de Nord\u00a0unde \u00eentre 2000 \u0219i 4000 de rom\u00e2ni au fost uci\u0219i de c\u0103tre trupele sovietice c\u00e2nd \u00eencercau s\u0103 treac\u0103 grani\u021ba din\u00a0URSS\u00a0\u00een\u00a0Rom\u00e2nia. De\u0219i, potrivit unor date, nu au fost omor\u00e2\u021bi mai mult de 48 de civili, martorii locali au povestit [&hellip;]<\/p>\n","protected":false},"author":2,"featured_media":0,"comment_status":"open","ping_status":"open","sticky":false,"template":"","format":"standard","meta":{"footnotes":""},"categories":[1],"tags":[],"jetpack_featured_media_url":"","_links":{"self":[{"href":"http:\/\/bassdu.mine.bz\/index.php?rest_route=\/wp\/v2\/posts\/6404"}],"collection":[{"href":"http:\/\/bassdu.mine.bz\/index.php?rest_route=\/wp\/v2\/posts"}],"about":[{"href":"http:\/\/bassdu.mine.bz\/index.php?rest_route=\/wp\/v2\/types\/post"}],"author":[{"embeddable":true,"href":"http:\/\/bassdu.mine.bz\/index.php?rest_route=\/wp\/v2\/users\/2"}],"replies":[{"embeddable":true,"href":"http:\/\/bassdu.mine.bz\/index.php?rest_route=%2Fwp%2Fv2%2Fcomments&post=6404"}],"version-history":[{"count":1,"href":"http:\/\/bassdu.mine.bz\/index.php?rest_route=\/wp\/v2\/posts\/6404\/revisions"}],"predecessor-version":[{"id":6405,"href":"http:\/\/bassdu.mine.bz\/index.php?rest_route=\/wp\/v2\/posts\/6404\/revisions\/6405"}],"wp:attachment":[{"href":"http:\/\/bassdu.mine.bz\/index.php?rest_route=%2Fwp%2Fv2%2Fmedia&parent=6404"}],"wp:term":[{"taxonomy":"category","embeddable":true,"href":"http:\/\/bassdu.mine.bz\/index.php?rest_route=%2Fwp%2Fv2%2Fcategories&post=6404"},{"taxonomy":"post_tag","embeddable":true,"href":"http:\/\/bassdu.mine.bz\/index.php?rest_route=%2Fwp%2Fv2%2Ftags&post=6404"}],"curies":[{"name":"wp","href":"https:\/\/api.w.org\/{rel}","templated":true}]}}