{"id":794,"date":"2010-03-21T14:18:31","date_gmt":"2010-03-21T13:18:31","guid":{"rendered":"http:\/\/bassdu.mine.nu\/?p=794"},"modified":"2010-03-21T14:27:56","modified_gmt":"2010-03-21T13:27:56","slug":"punctul-3-al-programului-miscarii-virtuale-dacia","status":"publish","type":"post","link":"http:\/\/bassdu.mine.bz\/?p=794","title":{"rendered":"Punctul 3 al Programului &#8220;Mi\u015fc\u0103rii Virtuale DACIA&#8221;"},"content":{"rendered":"<p><em>\u00a0 <\/em><em><strong>3<\/strong><\/em><em>. <span style=\"text-decoration: underline;\">REORGANIZAREA administrativ-teritorial\u0103 \u015fi a tuturor puterilor din Stat, pentru reducerea la maxim a cheltuielilor, f\u0103r\u0103 a produce deservicii popula\u0163iei. Aceast\u0103 reorganizare s\u0103 aib\u0103 la baz\u0103 folosirea noilor tehnologii informatice \u015fi reducerea \u201etimpului de a\u015fteptare\u201d pentru rezolvarea problemelor de orice tip.<\/span><\/em><\/p>\n<p><em>\u00a0<\/em><\/p>\n<p><em>Aceast\u0103 reorganizare trebuie s\u0103 se aplice \u00eencep\u00e2nd de la Parlament, p\u00e2n\u0103 la administra\u0163iile locale.<\/em><\/p>\n<p><em>Concomitent cu reducerea,\u00a0 se vor \u00eentocmi <strong>Fi\u015fe ale Postului<\/strong>, cu toate <\/em><em>drepturile \u015fi obliga\u0163iile<\/em><em> func\u0163iei, precum \u015fi <\/em><em>criteriile de salarizare<\/em><em>. Orice func\u0163ionar va trebui s\u0103 fac\u0103 <\/em><em>publice veniturile, averea propriului nucleu familiar \u015fi va fi obligat s\u0103 delege conducerea altor\u00a0 activit\u0103\u0163i economice proprii, pentru a elimina posibilitatea conflictului de interese.<\/em><\/p>\n<p><em>Se va reduce num\u0103rul <strong>Jude\u0163elor<\/strong>, cu reducerea concomitent\u0103 a <\/em><em>structurilor adiacente<\/em><em>.<\/em><\/p>\n<p><em>Se vor reorganiza structurile\u00a0Ministerului de \u00a0Interne \u015fi al Ap\u0103r\u0103rii, centraliz\u00e2nd activit\u0103\u0163ile de competen\u0163\u0103 \u00eentr-o singur\u0103 structur\u0103 \u00a0pentru fiecare \u00een parte. Ambele ministere vor fi coordonate direct de Consiliul de Stat pentru Siguran\u0163a Statului.<\/em><\/p>\n<p><em>Se va introduce pe scar\u0103 larg\u0103 <strong>tehnologia informatic\u0103<\/strong> \u015fi <strong>autocertificarea<\/strong>, precum \u015fi orice alt\u0103 m\u0103sur\u0103 ce poate contribui la <\/em><em>reducerea birocra\u0163iei<\/em><em>.<\/em><\/p>\n<p><em>Aceste m\u0103suri, nu trebuie s\u0103 conduc\u0103 la pierderi de <\/em><em><strong>locuri de munc\u0103<\/strong><\/em><em>, fiec\u0103rui disponibilizat urm\u00e2nd s\u0103 i se asigure un loc de munc\u0103 coerent cu <\/em><em>preg\u0103tirea profesional\u0103<\/em><em>. Acest obiectiv, se va realiza \u00een conformitate cu principiul enun\u0163at la punctul 1 din Program : <strong><span style=\"text-decoration: underline;\">To\u0163i cet\u0103\u0163enii trebuie s\u0103 aib\u0103 asigurat un loc de munc\u0103, chiar lu\u00e2nd \u00een considerare posibilitatea de a munci to\u0163i &#8230; mai pu\u0163in !<\/span><\/strong>\u00a0 In acest context, se va promova o <strong>politic\u0103 a familiei <\/strong>nou\u0103, bazat\u0103 pe principiul c\u0103 <\/em><em>femeile ce doresc<\/em><em>, se pot ocupa exclusiv, sau par\u0163ial, de problemele casnice, fiind sprijinite \u00een acest sens de c\u0103tre Stat, prin forme diverse de <\/em><em>aloca\u0163ii<\/em><em>. Aceast\u0103 nou\u0103 politic\u0103 nu va exclude aportul femeilor acolo unde sunt <\/em><em>competente<\/em><em>, ci va oferi posibilitatea exprim\u0103rii <strong>voca\u0163iei materne<\/strong> \u015fi a dep\u0103\u015firii <strong>deficitului de educa\u0163ie<\/strong> cu care se confrun\u0163\u0103 <\/em><em>copiii de azi<\/em><em>. <\/em><em>Cre\u015fele \u015fi Gr\u0103dini\u0163ele<\/em><em> nu pot satisface cerin\u0163ele unei bune educa\u0163ii, mai bine dec\u00e2t o <\/em><em>mam\u0103<\/em><em> !\u00a0 <\/em><\/p>\n","protected":false},"excerpt":{"rendered":"<p>\u00a0 3. REORGANIZAREA administrativ-teritorial\u0103 \u015fi a tuturor puterilor din Stat, pentru reducerea la maxim a cheltuielilor, f\u0103r\u0103 a produce deservicii popula\u0163iei. Aceast\u0103 reorganizare s\u0103 aib\u0103 la baz\u0103 folosirea noilor tehnologii informatice \u015fi reducerea \u201etimpului de a\u015fteptare\u201d pentru rezolvarea problemelor de orice tip. \u00a0 Aceast\u0103 reorganizare trebuie s\u0103 se aplice \u00eencep\u00e2nd de la Parlament, p\u00e2n\u0103 la [&hellip;]<\/p>\n","protected":false},"author":2,"featured_media":0,"comment_status":"open","ping_status":"open","sticky":false,"template":"","format":"standard","meta":{"footnotes":""},"categories":[73],"tags":[267,269,59,268,266],"jetpack_featured_media_url":"","_links":{"self":[{"href":"http:\/\/bassdu.mine.bz\/index.php?rest_route=\/wp\/v2\/posts\/794"}],"collection":[{"href":"http:\/\/bassdu.mine.bz\/index.php?rest_route=\/wp\/v2\/posts"}],"about":[{"href":"http:\/\/bassdu.mine.bz\/index.php?rest_route=\/wp\/v2\/types\/post"}],"author":[{"embeddable":true,"href":"http:\/\/bassdu.mine.bz\/index.php?rest_route=\/wp\/v2\/users\/2"}],"replies":[{"embeddable":true,"href":"http:\/\/bassdu.mine.bz\/index.php?rest_route=%2Fwp%2Fv2%2Fcomments&post=794"}],"version-history":[{"count":3,"href":"http:\/\/bassdu.mine.bz\/index.php?rest_route=\/wp\/v2\/posts\/794\/revisions"}],"predecessor-version":[{"id":796,"href":"http:\/\/bassdu.mine.bz\/index.php?rest_route=\/wp\/v2\/posts\/794\/revisions\/796"}],"wp:attachment":[{"href":"http:\/\/bassdu.mine.bz\/index.php?rest_route=%2Fwp%2Fv2%2Fmedia&parent=794"}],"wp:term":[{"taxonomy":"category","embeddable":true,"href":"http:\/\/bassdu.mine.bz\/index.php?rest_route=%2Fwp%2Fv2%2Fcategories&post=794"},{"taxonomy":"post_tag","embeddable":true,"href":"http:\/\/bassdu.mine.bz\/index.php?rest_route=%2Fwp%2Fv2%2Ftags&post=794"}],"curies":[{"name":"wp","href":"https:\/\/api.w.org\/{rel}","templated":true}]}}