{"id":829,"date":"2010-03-24T20:40:35","date_gmt":"2010-03-24T19:40:35","guid":{"rendered":"http:\/\/bassdu.mine.nu\/?p=829"},"modified":"2010-03-24T21:33:50","modified_gmt":"2010-03-24T20:33:50","slug":"900","status":"publish","type":"post","link":"http:\/\/bassdu.mine.bz\/?p=829","title":{"rendered":"900 !!!"},"content":{"rendered":"<p><strong>900 !!!<\/strong><\/p>\n<p>Iat\u0103-ne \u201cpe ultima sut\u0103\u201d, \u00eenainte de a num\u0103ra aderen\u0163ii la \u201e<strong>Mi\u015fcarea Virtual\u0103 DACIA<\/strong>\u201d, cu &#8230; patru cifre !<\/p>\n<p>Este o evolu\u0163ie la care nu speram, mai ales dpdv calitativ, folosind un canal nu prea drag mie, cum este <strong>Facebook<\/strong> !\u00a0 \u015ei asta pentru c\u0103 acest canal este deseori \u201eperturbat\u201d cu \u201einutilit\u0103\u0163i\u201d.<\/p>\n<p>Totu\u015fi, cel pu\u0163in \u00een aceast\u0103 faz\u0103, vom continua \u201eaventura\u201d noastr\u0103, cu scopul de a atrage c\u00e2t mai mul\u0163i aderen\u0163i, dar mai ales ca s\u0103 \u201edivulg\u0103m\u201d ceea ce ar trebui f\u0103cut \u00een alte sedii.<\/p>\n<p><span style=\"text-decoration: underline;\">Mul\u0163umesc pe aceast\u0103 cale <strong>administratorilor<\/strong> \u015fi tuturor celor ce fac <em>post\u0103ri interesante<\/em> pe Wall<\/span>. \u00a0\u00a0Poate \u201ese mai sare peste cal\u201d uneori si de aceea v\u0103 rog s\u0103 \u201eave\u0163i pu\u0163intic\u0103 r\u0103bdare\u201d !<\/p>\n<p>Noi to\u0163i am avut \u015fi sper s\u0103 avem \u015fi \u00een continuare, posibilitatea de a lua cuno\u015ftin\u0163\u0103 de informa\u0163ii despre <strong>DACIA<\/strong>, care altfel ar fi r\u0103mas ca \u015fi p\u00e2n\u0103 acum &#8230; <strong>ASCUNSE<\/strong> ! Este adev\u0103rat c\u0103 \u201e<strong>focul lui Zamolxe arde \u00eenc\u0103<\/strong>\u201d !<\/p>\n<p><span style=\"text-decoration: underline;\">Mul\u0163umesc deasemenea tuturor aderen\u0163ilor, care, trec\u00e2nd peste \u201ediviziuni preconcepute\u201d, \u015fi-au \u201epus semn\u0103tura\u201d pe un Program \u015fi pe ni\u015fte Principii inovatoare.<\/span><\/p>\n<p>Dup\u0103 cum ne-am propus, \u00een <strong>August a.c<\/strong>., urmeaz\u0103 s\u0103 avem o <strong>\u00cent\u00e2lnire Preliminar\u0103<\/strong>, motiv pentru care v\u0103 rog s\u0103 v\u0103 manifesta\u0163i <strong>disponibilitatea<\/strong> \u015fi s\u0103 veni\u0163i cu <em>eventuale \u015fi dorite<\/em> &#8230; <strong>sugestii<\/strong>.<\/p>\n<p><span style=\"text-decoration: underline;\">O pute\u0163i face \u00een <strong>areea de discu\u0163ii<\/strong> la topicul \u201e<strong>Bucure\u015fti, August 2010 \u2013 eu voi fi<\/strong>\u201d, sau \u00een <em>form\u0103 privat\u0103<\/em> pe <strong>adresa \u00a0e-mail<\/strong> <strong>a Mi\u015fc\u0103rii<\/strong> \u015fi pe <strong>site-urile administratorilor<\/strong>, semnalate la \u201eInforma\u0163ii\u201d. De asemenea o s\u0103 programez un <strong>Eveniment Facebook<\/strong>.<\/span><\/p>\n<p>\u00cen aceast\u0103 faz\u0103, este suficient <strong><span style=\"text-decoration: underline;\">numele<\/span><\/strong> \u015fi eventual o <em>propunere de dat\u0103<\/em> sau <em>loca\u0163ie <\/em>pentru <strong>\u00cent\u00e2lnire<\/strong>. Cei ce nu vor putea fi prezen\u0163i din motive obiective, <em>pot face propuneri<\/em> pentru <strong>Eveniment<\/strong>, care va avea ca scop principal, <strong>definitivarea Principiilor \u015fi Programului<\/strong>, precum \u015fi modalit\u0103\u0163ile de &#8230; <strong>str\u00e2ngere a semn\u0103turilor<\/strong>, \u00een vederea legaliz\u0103rii \u201e<strong><span style=\"text-decoration: underline;\">Mi\u015fc\u0103rii DACIA<\/span><\/strong>\u201d, ca <em>for\u0163\u0103 politic\u0103<\/em>. Se vor creea embrionii unei <strong>organiz\u0103ri interne<\/strong>, motiv pentru care, sunte\u0163i ruga\u0163i s\u0103 \u00eencepe\u0163i o ac\u0163iune de grupare pe <em>\u201eprietenii\u201d, \u201eloca\u0163ii\u201d, \u201einterese\u201d, etc<\/em>., pentru schi\u0163area unei forme incipiente de &#8230; <em>reprezentare<\/em>.<\/p>\n<p><strong>Aten\u0163ionez c\u0103 orice form\u0103 de discriminare, pe orice baz\u0103, nu este admis\u0103 !<\/strong>\u00a0 <em><span style=\"text-decoration: underline;\">Noi suntem &#8230; diver\u015fi !<\/span><\/em>\u00a0 Aici intr\u0103 oricine, cu singura condi\u0163ie de a \u00eemp\u0103rt\u0103\u015fi <strong>Principiile \u015fi Programul<\/strong> ! Tot ceea ce vrem este s\u0103 impunem <strong>un alt fel de politic\u0103<\/strong>. Zicem <strong><span style=\"text-decoration: underline;\">NU <\/span><\/strong>politicii <em>urlate, bazate pe ur\u0103, pe ideologii moarte, pe intoleran\u0163\u0103 religioas\u0103, sau de alt fel<\/em>. Noi vrem o politic\u0103 a <em>iubirii, \u00een\u0163elegerii<\/em>, <strong><span style=\"text-decoration: underline;\">dar \u015fi a &#8230; rigorii<\/span><\/strong> (respectarea unor <strong>Reguli<\/strong> ce acum &#8230; <em><span style=\"text-decoration: underline;\">lipsesc<\/span><\/em>,sau sunt &#8230; \u00a0<em><span style=\"text-decoration: underline;\">prost interpretat<\/span>e<\/em>, sau &#8230; <em><span style=\"text-decoration: underline;\">aplicate <\/span><\/em>)<\/p>\n<p>Eu am preg\u0103tit propunerile mele pentru Program , pe care le pute\u0163i vedea <strong><a href=\"http:\/\/bassdu.mine.nu\/?p=825\" target=\"_self\">AICI<\/a><\/strong>.<\/p>\n<p>V\u0103 invit s\u0103 &#8230; face\u0163i acela\u015fi lucru, sau &#8230; \u201es\u0103 v\u0103 da\u0163i cu p\u0103rerea\u201d !\u00a0\u00a0 Nimic nu este &#8230;\u201db\u0103tut \u00een cuie\u201d, \u00een afar\u0103 de principiile enun\u0163ate.<\/p>\n<p>Cine vrea \u201ealt\u0103 M\u0103rie cu aceia\u015fi p\u0103l\u0103rie\u201d , &#8230; are la dispozi\u0163ie &#8230; butonul de ie\u015fire.<\/p>\n<p><strong><em>Noi vrem &#8230; DACIA \u015fi &#8230; altceva dec\u00e2t ni se ofer\u0103 acum !<\/em><\/strong><\/p>\n","protected":false},"excerpt":{"rendered":"<p>900 !!! Iat\u0103-ne \u201cpe ultima sut\u0103\u201d, \u00eenainte de a num\u0103ra aderen\u0163ii la \u201eMi\u015fcarea Virtual\u0103 DACIA\u201d, cu &#8230; patru cifre ! Este o evolu\u0163ie la care nu speram, mai ales dpdv calitativ, folosind un canal nu prea drag mie, cum este Facebook !\u00a0 \u015ei asta pentru c\u0103 acest canal este deseori \u201eperturbat\u201d cu \u201einutilit\u0103\u0163i\u201d. Totu\u015fi, cel [&hellip;]<\/p>\n","protected":false},"author":2,"featured_media":0,"comment_status":"open","ping_status":"open","sticky":false,"template":"","format":"standard","meta":{"footnotes":""},"categories":[1],"tags":[],"jetpack_featured_media_url":"","_links":{"self":[{"href":"http:\/\/bassdu.mine.bz\/index.php?rest_route=\/wp\/v2\/posts\/829"}],"collection":[{"href":"http:\/\/bassdu.mine.bz\/index.php?rest_route=\/wp\/v2\/posts"}],"about":[{"href":"http:\/\/bassdu.mine.bz\/index.php?rest_route=\/wp\/v2\/types\/post"}],"author":[{"embeddable":true,"href":"http:\/\/bassdu.mine.bz\/index.php?rest_route=\/wp\/v2\/users\/2"}],"replies":[{"embeddable":true,"href":"http:\/\/bassdu.mine.bz\/index.php?rest_route=%2Fwp%2Fv2%2Fcomments&post=829"}],"version-history":[{"count":3,"href":"http:\/\/bassdu.mine.bz\/index.php?rest_route=\/wp\/v2\/posts\/829\/revisions"}],"predecessor-version":[{"id":831,"href":"http:\/\/bassdu.mine.bz\/index.php?rest_route=\/wp\/v2\/posts\/829\/revisions\/831"}],"wp:attachment":[{"href":"http:\/\/bassdu.mine.bz\/index.php?rest_route=%2Fwp%2Fv2%2Fmedia&parent=829"}],"wp:term":[{"taxonomy":"category","embeddable":true,"href":"http:\/\/bassdu.mine.bz\/index.php?rest_route=%2Fwp%2Fv2%2Fcategories&post=829"},{"taxonomy":"post_tag","embeddable":true,"href":"http:\/\/bassdu.mine.bz\/index.php?rest_route=%2Fwp%2Fv2%2Ftags&post=829"}],"curies":[{"name":"wp","href":"https:\/\/api.w.org\/{rel}","templated":true}]}}