{"id":919,"date":"2010-04-23T22:23:40","date_gmt":"2010-04-23T21:23:40","guid":{"rendered":"http:\/\/bassdu.mine.nu\/?p=919"},"modified":"2010-04-23T22:23:40","modified_gmt":"2010-04-23T21:23:40","slug":"pentru-aderentii-la-%e2%80%9dmiscarea-virtuala-dacia%e2%80%9d","status":"publish","type":"post","link":"http:\/\/bassdu.mine.bz\/?p=919","title":{"rendered":"Pentru aderen\u0163ii la \u201dMi\u015fcarea Virtual\u0103 DACIA\u201d"},"content":{"rendered":"<p><!-- \t\t@page { margin: 2cm } \t\tP { margin-bottom: 0.21cm } --><span style=\"font-size: medium;\"><strong>Important !<\/strong><\/span><\/p>\n<p>\u00cen acest moment \u00een care \u201d<em>totul merge strun\u0103<\/em>\u201d (aproape <strong>1100<\/strong> de aderen\u0163i), au ap\u0103rut elemente \u201ddestabilizatoare\u201d, care m\u0103 oblig\u0103 s\u0103 trec la m\u0103suri extreme. Doi administratori au format <em>Frontul de Eliberare a DACIEI<\/em>, unul altul a \u201d\u015fters\u201d logo-ul mi\u015fc\u0103rii de pe propriul blog. Cu scuzele de rigoare pentru al patrulea, care se pare c\u0103 a schimbat casa, am decis cu p\u0103rere de r\u0103u, s\u0103 r\u0103m\u00e2n <em>DEOCAMDAT\u0102<\/em> singurul administrator al grupului Facebook <strong>\u201dMi\u015fcarea Virtual\u0103 DACIA\u201d<\/strong>, pentru c\u0103 am avut dovada c\u0103 \u201dp\u00e2n\u0103 nu ne privim \u00een ochi\u201d, este greu s\u0103 stabile\u015fti un \u201dcontact\u201d \u015fi s\u0103 ajungi la o profund\u0103 \u201dcunoa\u015ftere\u201d. P\u0103rerea mea despre acest Social-Network este nu tocmai bun\u0103, dar am hot\u0103r\u00e2t s\u0103 \u201dm\u0103 arunc \u00een gr\u0103mad\u0103\u201d, \u00eencerc\u00e2nd s\u0103 \u201dselec\u0163ionez\u201d ceea ce este mai bun. Rezultatul a fost peste a\u015ftept\u0103ri !  Este drept c\u0103 mul\u0163i au intrat f\u0103r\u0103 \u015f\u0103 citeasc\u0103 <strong>Programul<\/strong> <span style=\"text-decoration: underline;\">CU ATEN\u0162IE<\/span> \u015fi f\u0103r\u0103 s\u0103 priceap\u0103 c\u0103 noi <span style=\"text-decoration: underline;\"><strong>vrem s\u0103 facem politic\u0103<\/strong><\/span>. Noi nu vrem un FRONT,  care presupune &#8230; arme \u015fi combatan\u0163i, cu tot alaiul de ur\u0103 \u015fi intoleran\u0163\u0103, ba exact contrariul. Noi nu suntem ramp\u0103 de lansare pentru activit\u0103\u0163i comerciale, de servicii (ex. Escort), sau alte bazaconii. Noi nu ne \u00eencadr\u0103m \u00een nici o ideologie \u015fi nu avem \u201dculoare politic\u0103\u201d \u00een accep\u0163iunea actual\u0103 a cuv\u00e2ntului. Noi nu-i reprezent\u0103m pe &#8230; daci, ci &#8230; DACIA !!! \u015ei asta, pentru simplul motiv c\u0103 nimeni nu poate b\u0103ga m\u00e2na \u00een foc pentru ADN-ul s\u0103u. <em>Foarte important este \u00eens\u0103, respectul pe care noi to\u0163i trebuie s\u0103-l purt\u0103m acestui P\u0103m\u00e2nt Str\u0103bun, unde ne-am n\u0103scut, crescut, educat, iubit \u015fi unde mul\u0163i dintre noi vor fi &#8230; \u00eengropa\u0163i \u015fi care se cheam\u0103 <span style=\"text-decoration: underline;\"><strong>DACIA!!!<\/strong><\/span><\/em><\/p>\n<p>Cine nu a citit <strong>Principiile \u015fi Programul<\/strong>, este invitat s\u0103 o fac\u0103 (la <strong>Informa\u0163ii<\/strong>), iar cei ce &#8230; nu se \u201drecunosc\u201d \u00een acestea, au la dispozi\u0163ie &#8230;<strong> BUTONUL DE IESIRE din \u201dMi\u015fcarea Virtual\u0103 DACIA\u201d<\/strong>. \u00centre timp, de anumi\u0163i \u201d<span style=\"text-decoration: underline;\">perturbatori<\/span>\u201d m-am ocupat personal, deoarece aici nu este loc de manifestare    a <em>proastei cre\u015fteri, a imoralit\u0103\u0163ii, sau a unor ideologii<\/em> deja condamnate de Istorie.<\/p>\n<p>V\u0103 rog insistent s\u0103 r\u0103m\u00e2ne\u0163i <span style=\"text-decoration: underline;\"><strong>NUMAI<\/strong><\/span> \u00een cazul \u00een care \u201d<strong>suntem pe aceia\u015fi linie<\/strong>\u201d, pentru c\u0103 \u00een viitor vom trece la <strong>ac\u0163iuni concrete<\/strong> \u015fi trebuie s\u0103 \u015ftim <strong>pe cine se poate conta !<\/strong><\/p>\n<p>Ca s\u0103 nu avem dubii, <strong>repet<\/strong> c\u0103 nu-mi rezerv nici o \u201d<em>func\u0163ie<\/em>\u201d \u00een viitoarea &#8230; <span style=\"text-decoration: underline;\"><strong>\u201dMI\u015eCAREA DACIA\u201d<\/strong><\/span>, dar voi veghea ca aceasta s\u0103 \u201ddecoleze\u201d &#8230; unde \u015fi cum trebuie \u201d<\/p>\n","protected":false},"excerpt":{"rendered":"<p>Important ! \u00cen acest moment \u00een care \u201dtotul merge strun\u0103\u201d (aproape 1100 de aderen\u0163i), au ap\u0103rut elemente \u201ddestabilizatoare\u201d, care m\u0103 oblig\u0103 s\u0103 trec la m\u0103suri extreme. Doi administratori au format Frontul de Eliberare a DACIEI, unul altul a \u201d\u015fters\u201d logo-ul mi\u015fc\u0103rii de pe propriul blog. Cu scuzele de rigoare pentru al patrulea, care se pare [&hellip;]<\/p>\n","protected":false},"author":2,"featured_media":0,"comment_status":"open","ping_status":"open","sticky":false,"template":"","format":"standard","meta":{"footnotes":""},"categories":[73],"tags":[305,45,295,113],"jetpack_featured_media_url":"","_links":{"self":[{"href":"http:\/\/bassdu.mine.bz\/index.php?rest_route=\/wp\/v2\/posts\/919"}],"collection":[{"href":"http:\/\/bassdu.mine.bz\/index.php?rest_route=\/wp\/v2\/posts"}],"about":[{"href":"http:\/\/bassdu.mine.bz\/index.php?rest_route=\/wp\/v2\/types\/post"}],"author":[{"embeddable":true,"href":"http:\/\/bassdu.mine.bz\/index.php?rest_route=\/wp\/v2\/users\/2"}],"replies":[{"embeddable":true,"href":"http:\/\/bassdu.mine.bz\/index.php?rest_route=%2Fwp%2Fv2%2Fcomments&post=919"}],"version-history":[{"count":1,"href":"http:\/\/bassdu.mine.bz\/index.php?rest_route=\/wp\/v2\/posts\/919\/revisions"}],"predecessor-version":[{"id":920,"href":"http:\/\/bassdu.mine.bz\/index.php?rest_route=\/wp\/v2\/posts\/919\/revisions\/920"}],"wp:attachment":[{"href":"http:\/\/bassdu.mine.bz\/index.php?rest_route=%2Fwp%2Fv2%2Fmedia&parent=919"}],"wp:term":[{"taxonomy":"category","embeddable":true,"href":"http:\/\/bassdu.mine.bz\/index.php?rest_route=%2Fwp%2Fv2%2Fcategories&post=919"},{"taxonomy":"post_tag","embeddable":true,"href":"http:\/\/bassdu.mine.bz\/index.php?rest_route=%2Fwp%2Fv2%2Ftags&post=919"}],"curies":[{"name":"wp","href":"https:\/\/api.w.org\/{rel}","templated":true}]}}