{"id":1022,"date":"2010-06-13T22:21:20","date_gmt":"2010-06-13T21:21:20","guid":{"rendered":"http:\/\/bassdu.mine.nu\/?p=1022"},"modified":"2010-06-13T22:21:20","modified_gmt":"2010-06-13T21:21:20","slug":"un-dac-la-izvoarele-tibrului","status":"publish","type":"post","link":"https:\/\/bassdu.mine.bz\/?p=1022","title":{"rendered":"Un dac la izvoarele &#8230; Tibrului"},"content":{"rendered":"<p style=\"text-align: center;\">\n<div id=\"attachment_1038\" style=\"width: 310px\" class=\"wp-caption alignnone\"><a href=\"http:\/\/bassdu.mine.nu\/images\/2010\/06\/SNC002235.jpg\"><img loading=\"lazy\" decoding=\"async\" aria-describedby=\"caption-attachment-1038\" class=\"size-medium wp-image-1038\" title=\"SNC00223\" src=\"http:\/\/bassdu.mine.nu\/images\/2010\/06\/SNC002235-300x225.jpg\" alt=\"\" width=\"300\" height=\"225\" srcset=\"https:\/\/bassdu.mine.bz\/images\/2010\/06\/SNC002235-300x225.jpg 300w, https:\/\/bassdu.mine.bz\/images\/2010\/06\/SNC002235-1024x768.jpg 1024w\" sizes=\"(max-width: 300px) 100vw, 300px\" \/><\/a><p id=\"caption-attachment-1038\" class=\"wp-caption-text\">Izvorul Tibrului (azi Tevere)<\/p><\/div>\n<div id=\"attachment_1039\" style=\"width: 310px\" class=\"wp-caption alignnone\"><a href=\"http:\/\/bassdu.mine.nu\/images\/2010\/06\/SNC002312.jpg\"><img loading=\"lazy\" decoding=\"async\" aria-describedby=\"caption-attachment-1039\" class=\"size-medium wp-image-1039\" title=\"SNC00231\" src=\"http:\/\/bassdu.mine.nu\/images\/2010\/06\/SNC002312-300x225.jpg\" alt=\"\" width=\"300\" height=\"225\" srcset=\"https:\/\/bassdu.mine.bz\/images\/2010\/06\/SNC002312-300x225.jpg 300w, https:\/\/bassdu.mine.bz\/images\/2010\/06\/SNC002312-1024x768.jpg 1024w\" sizes=\"(max-width: 300px) 100vw, 300px\" \/><\/a><p id=\"caption-attachment-1039\" class=\"wp-caption-text\">E bun\u0103 !  Voi deveni ... roman ?<\/p><\/div>\n<p><a href=\"http:\/\/bassdu.mine.nu\/images\/2010\/06\/SNC00233.jpg\"><img loading=\"lazy\" decoding=\"async\" class=\"size-medium wp-image-1033      alignleft\" title=\"SNC00233\" src=\"http:\/\/bassdu.mine.nu\/images\/2010\/06\/SNC00233-300x225.jpg\" alt=\"\" width=\"300\" height=\"225\" srcset=\"https:\/\/bassdu.mine.bz\/images\/2010\/06\/SNC00233-300x225.jpg 300w, https:\/\/bassdu.mine.bz\/images\/2010\/06\/SNC00233-1024x768.jpg 1024w\" sizes=\"(max-width: 300px) 100vw, 300px\" \/><\/a><\/p>\n<div class=\"mceTemp mceIEcenter\">\n<dl id=\"attachment_1033\" class=\"wp-caption aligncenter\" style=\"width: 310px;\">\n<dd class=\"wp-caption-dd\">F\u0103r\u0103 cuvinte<\/dd>\n<\/dl>\n<\/div>\n<p>TEVERE azi, THYBRIS (Tibru) dup\u0103 Eneida lui Virgiliu, RUMON dup\u0103 etrusci \u015fi ALBULA dup\u0103 proto-indo-europeni. Acesta este numele unei ape ce pleac\u0103 din Apenini spre &#8230; Roma. Marecchia\u00a0 (ARIMINUM) este o alt\u0103 ap\u0103 ce pleac\u0103 din \u00eemprejurimi, dar spre R\u0103s\u0103rit, v\u0103rs\u00e2ndu-se \u00een Adriatica la Rimini (ARIMINUM). Arimii, \u00eenainta\u0219ii tracilor, se pare c\u0103 s-au r\u0103sp\u00e2ndit la un moment dat spre peninsula italic\u0103 (ETRUSCII).\u00a0\u00a0 Pe mare a ajuns acolo \u015fi tracul Eneea, \u00eentemeietorul Romei, a c\u0103rui descendent\u0103 Lavinia, este mama lui Romulus \u015fi lui Remus, care au fost \u201dhr\u0103ni\u0163i\u201d de o &#8230; LUPOAIC\u0102.\u00a0 Romanii de mai t\u00e2rziu, au convie\u0163uit relativ\u00a0 pa\u015fnic cu traco-geto-dacii, p\u00e2n\u0103 c\u00e2nd , tot un trac pe nume Traian, s-a hot\u0103r\u00e2t s\u0103 scoat\u0103 Imperiul din criz\u0103 cu aurul &#8230; fra\u0163ilor . Un alt traco-geto-dac, pe nume Constantin, ( unul din cei 7 \u00eemp\u0103ra\u0163i romani de aceia\u015fi origine ), se pare c\u0103 l-a r\u0103zbunat pe Decebal, \u201d\u015fterg\u00e2nd urmele\u201d lui Traian din &#8230; Forul Imperial.\u00a0 Cu excep\u0163ia timpurilor lui Traian, convie\u0163uirea relativ pa\u015fnic\u0103 a traco-geto-dacilor cu Imperiul, a continuat p\u00e2n\u0103 la c\u0103derea acestuia \u00een m\u00e2na otomanilor. Primii au reu\u015fit cu chiu \u015fi vai s\u0103 reziste \u015fi acestui \u201dasalt\u201d, ajung\u00e2nd p\u00e2n\u0103 \u00een zilele noastre.\u00a0 Adic\u0103 noi !<\/p>\n<p style=\"text-align: center;\">Nu sunt convins 100 % de &#8230; logica mea \u015fi de aceea a\u015ftept \u201dl\u0103muriri\u201d de la cei &#8230; de meserie !<\/p>\n","protected":false},"excerpt":{"rendered":"<p>F\u0103r\u0103 cuvinte TEVERE azi, THYBRIS (Tibru) dup\u0103 Eneida lui Virgiliu, RUMON dup\u0103 etrusci \u015fi ALBULA dup\u0103 proto-indo-europeni. Acesta este numele unei ape ce pleac\u0103 din Apenini spre &#8230; Roma. Marecchia\u00a0 (ARIMINUM) este o alt\u0103 ap\u0103 ce pleac\u0103 din \u00eemprejurimi, dar spre R\u0103s\u0103rit, v\u0103rs\u00e2ndu-se \u00een Adriatica la Rimini (ARIMINUM). Arimii, \u00eenainta\u0219ii tracilor, se pare c\u0103 s-au [&hellip;]<\/p>\n","protected":false},"author":2,"featured_media":0,"comment_status":"open","ping_status":"open","sticky":false,"template":"","format":"standard","meta":{"footnotes":""},"categories":[3],"tags":[337,284,166,336,334,335,297],"jetpack_featured_media_url":"","_links":{"self":[{"href":"https:\/\/bassdu.mine.bz\/index.php?rest_route=\/wp\/v2\/posts\/1022"}],"collection":[{"href":"https:\/\/bassdu.mine.bz\/index.php?rest_route=\/wp\/v2\/posts"}],"about":[{"href":"https:\/\/bassdu.mine.bz\/index.php?rest_route=\/wp\/v2\/types\/post"}],"author":[{"embeddable":true,"href":"https:\/\/bassdu.mine.bz\/index.php?rest_route=\/wp\/v2\/users\/2"}],"replies":[{"embeddable":true,"href":"https:\/\/bassdu.mine.bz\/index.php?rest_route=%2Fwp%2Fv2%2Fcomments&post=1022"}],"version-history":[{"count":12,"href":"https:\/\/bassdu.mine.bz\/index.php?rest_route=\/wp\/v2\/posts\/1022\/revisions"}],"predecessor-version":[{"id":1423,"href":"https:\/\/bassdu.mine.bz\/index.php?rest_route=\/wp\/v2\/posts\/1022\/revisions\/1423"}],"wp:attachment":[{"href":"https:\/\/bassdu.mine.bz\/index.php?rest_route=%2Fwp%2Fv2%2Fmedia&parent=1022"}],"wp:term":[{"taxonomy":"category","embeddable":true,"href":"https:\/\/bassdu.mine.bz\/index.php?rest_route=%2Fwp%2Fv2%2Fcategories&post=1022"},{"taxonomy":"post_tag","embeddable":true,"href":"https:\/\/bassdu.mine.bz\/index.php?rest_route=%2Fwp%2Fv2%2Ftags&post=1022"}],"curies":[{"name":"wp","href":"https:\/\/api.w.org\/{rel}","templated":true}]}}