{"id":1065,"date":"2010-07-04T22:13:07","date_gmt":"2010-07-04T21:13:07","guid":{"rendered":"http:\/\/bassdu.mine.nu\/?p=1065"},"modified":"2010-07-04T22:17:41","modified_gmt":"2010-07-04T21:17:41","slug":"hramul-bisericii-ortodoxe-din-rimini","status":"publish","type":"post","link":"https:\/\/bassdu.mine.bz\/?p=1065","title":{"rendered":"Hramul Bisericii Ortodoxe din Rimini"},"content":{"rendered":"<p>M\u0103 intrebam acum c\u00e2tva timp, dac\u0103 exist\u0103 vreo leg\u0103tur\u0103 \u00eentre  ARIMINUM, numele antic al ora\u015fului Rimini \u015fi \u2026 ARIMII care locuiau \u00een  antichitate Spa\u0163iul Carpato \u2013 Dun\u0103reano \u2013 Pontic.<\/p>\n<p>Este cunoscut\u0103 \u201damprenta\u201d DACILOR \u00een peninsula italic\u0103, \u00eenc\u00e2 de pe  vremea lui Constantin \u015fi a celorlal\u0163i \u00eemp\u0103ra\u0163i romani de origine  dacic\u0103.\u00a0 Ei bine, DACII continu\u0103 s\u0103 fie prezen\u0163i !\u00a0\u00a0 Iat\u0103 proba :<\/p>\n<p style=\"text-align: center;\"><a href=\"http:\/\/bassdu.mine.nu\/images\/2010\/07\/SNC002701.jpg\"><img loading=\"lazy\" decoding=\"async\" class=\"size-medium wp-image-1066 alignnone\" title=\"SNC00270\" src=\"http:\/\/bassdu.mine.nu\/images\/2010\/07\/SNC002701-300x225.jpg\" alt=\"\" width=\"300\" height=\"225\" srcset=\"https:\/\/bassdu.mine.bz\/images\/2010\/07\/SNC002701-300x225.jpg 300w, https:\/\/bassdu.mine.bz\/images\/2010\/07\/SNC002701-1024x768.jpg 1024w\" sizes=\"(max-width: 300px) 100vw, 300px\" \/><\/a><\/p>\n<p style=\"text-align: center;\">Pui de &#8230; dac din Ariminum (Rimini)<\/p>\n<p>P\u0103rerea mea este c\u0103, dac\u0103 vrei s\u0103 g\u0103se\u015fti un rom\u00e2n adev\u0103rat, unul din  locurile cele mai potrivite, este \u2026 Biserica (mai ales la Rimini).\u00a0 Cu  ocazia Hramului Bisericii Ortodoxe a rom\u00e2nilor din Rimini, am cunoscut  astfel de persoane, \u00eencep\u00e2nd cu t\u00e2n\u0103rul preot \u015fi preoteasa ce se ocup\u0103  inclusiv de cultivarea obiceiurilor \u015fi tradi\u0163iilor printre copii  Parohiei.<\/p>\n<p style=\"text-align: center;\">\n<p style=\"text-align: center;\"><object classid=\"clsid:d27cdb6e-ae6d-11cf-96b8-444553540000\" width=\"425\" height=\"350\" codebase=\"http:\/\/download.macromedia.com\/pub\/shockwave\/cabs\/flash\/swflash.cab#version=6,0,40,0\"><param name=\"src\" value=\"http:\/\/www.youtube.com\/v\/iboiuqyl_dQ\" \/><\/object><\/p>\n<p style=\"text-align: center;\"><object classid=\"clsid:d27cdb6e-ae6d-11cf-96b8-444553540000\" width=\"425\" height=\"350\" codebase=\"http:\/\/download.macromedia.com\/pub\/shockwave\/cabs\/flash\/swflash.cab#version=6,0,40,0\"><param name=\"src\" value=\"http:\/\/www.youtube.com\/v\/QfSCYX8QHyo\" \/><\/object><\/p>\n<p style=\"text-align: center;\">\n<p style=\"text-align: center;\">\n<p>De asemenea, am \u201dg\u0103sit\u201d o comunitate rom\u00e2neasc\u0103 de oameni harnici \u015fi  smeri\u0163i, \u00een contrast evident cu cei \u201dce ne stric\u0103 firma\u201d. Slujba a fost  onorat\u0103 de prezen\u0163a preo\u0163ilor rom\u00e2ni din Pesaro, Ravenna, San Marino,  precum \u015fi a preotului Bisericii greco-ortodoxe din Rimini, frecventat\u0103  de ucrainieni, moldoveni, ru\u015fi, s\u00e2rbi, greci, dar \u015fi rom\u00e2ni, precum \u015fi  de doi reprezentan\u0163i ai Bisericii Catolice.<\/p>\n<p style=\"text-align: center;\"><object classid=\"clsid:d27cdb6e-ae6d-11cf-96b8-444553540000\" width=\"425\" height=\"350\" codebase=\"http:\/\/download.macromedia.com\/pub\/shockwave\/cabs\/flash\/swflash.cab#version=6,0,40,0\"><param name=\"src\" value=\"http:\/\/www.youtube.com\/v\/ii9tcn26-6Q\" \/><\/object><\/p>\n<p style=\"text-align: center;\">\n<p style=\"text-align: center;\">\n<p>Petrecerea a continuat p\u00e2n\u0103 la miezul  nop\u0163ii, \u00een cel mai tradi\u0163ional stil rom\u00e2nesc.<\/p>\n<p style=\"text-align: center;\"><object classid=\"clsid:d27cdb6e-ae6d-11cf-96b8-444553540000\" width=\"425\" height=\"350\" codebase=\"http:\/\/download.macromedia.com\/pub\/shockwave\/cabs\/flash\/swflash.cab#version=6,0,40,0\"><param name=\"src\" value=\"http:\/\/www.youtube.com\/v\/pFjGq6Dh34A\" \/><\/object><\/p>\n<p style=\"text-align: center;\">\n<p style=\"text-align: center;\">\n<p>Singurul \u201dneo\u201d este reprezentat de spa\u0163iul \u201dneconsacrat\u201d, pus la  dispozi\u0163ie cu amabilitate de Asocia\u0163ia Pensionarilor \u201dParco Marecchia\u201d,  \u00eentr-un local al Prim\u0103riei, aflat \u00eentr-o zon\u0103 verde \u015fi lini\u015ftit\u0103 a  Parcului Marecchia.A\u015ftept\u0103m cu interes s\u0103 avem posibilitatea de a dona 8  la mie din taxele noastre propriei Biserici, lucru imposibil  deocamdat\u0103, de\u015fi suntem ca num\u0103r, a doua confesiune, dup\u0103 cea catolic\u0103  !\u00a0 Este o \u201dlucrare\u201d posibil\u0103 din toamn\u0103 (dup\u0103 spusele t\u00e2n\u0103rului preot),  la care pu\u0163ini reprezentan\u0163i ai Asocia\u0163iilor \u015fi Partidelor rom\u00e2nilor din  Italia , au contribuit (din p\u0103cate se ocup\u0103 cu \u2026 altceva!).<\/p>\n<p style=\"text-align: center;\"><a href=\"http:\/\/bassdu.mine.nu\/images\/2010\/07\/SNC002783.jpg\"><img loading=\"lazy\" decoding=\"async\" class=\"size-medium wp-image-1071   alignnone\" title=\"Preo\u0163ii din Rimini \u015fi San Marino la colocviu\" src=\"http:\/\/bassdu.mine.nu\/images\/2010\/07\/SNC002783-300x225.jpg\" alt=\"\" width=\"300\" height=\"225\" srcset=\"https:\/\/bassdu.mine.bz\/images\/2010\/07\/SNC002783-300x225.jpg 300w, https:\/\/bassdu.mine.bz\/images\/2010\/07\/SNC002783-1024x768.jpg 1024w\" sizes=\"(max-width: 300px) 100vw, 300px\" \/><\/a><\/p>\n<p style=\"text-align: center;\">Preo\u0163ii din San Marino \u015fi Rimini la colocviu<\/p>\n","protected":false},"excerpt":{"rendered":"<p>M\u0103 intrebam acum c\u00e2tva timp, dac\u0103 exist\u0103 vreo leg\u0103tur\u0103 \u00eentre ARIMINUM, numele antic al ora\u015fului Rimini \u015fi \u2026 ARIMII care locuiau \u00een antichitate Spa\u0163iul Carpato \u2013 Dun\u0103reano \u2013 Pontic. Este cunoscut\u0103 \u201damprenta\u201d DACILOR \u00een peninsula italic\u0103, \u00eenc\u00e2 de pe vremea lui Constantin \u015fi a celorlal\u0163i \u00eemp\u0103ra\u0163i romani de origine dacic\u0103.\u00a0 Ei bine, DACII continu\u0103 s\u0103 [&hellip;]<\/p>\n","protected":false},"author":2,"featured_media":0,"comment_status":"open","ping_status":"open","sticky":false,"template":"","format":"standard","meta":{"footnotes":""},"categories":[88],"tags":[341,84,114,338,340],"jetpack_featured_media_url":"","_links":{"self":[{"href":"https:\/\/bassdu.mine.bz\/index.php?rest_route=\/wp\/v2\/posts\/1065"}],"collection":[{"href":"https:\/\/bassdu.mine.bz\/index.php?rest_route=\/wp\/v2\/posts"}],"about":[{"href":"https:\/\/bassdu.mine.bz\/index.php?rest_route=\/wp\/v2\/types\/post"}],"author":[{"embeddable":true,"href":"https:\/\/bassdu.mine.bz\/index.php?rest_route=\/wp\/v2\/users\/2"}],"replies":[{"embeddable":true,"href":"https:\/\/bassdu.mine.bz\/index.php?rest_route=%2Fwp%2Fv2%2Fcomments&post=1065"}],"version-history":[{"count":12,"href":"https:\/\/bassdu.mine.bz\/index.php?rest_route=\/wp\/v2\/posts\/1065\/revisions"}],"predecessor-version":[{"id":1079,"href":"https:\/\/bassdu.mine.bz\/index.php?rest_route=\/wp\/v2\/posts\/1065\/revisions\/1079"}],"wp:attachment":[{"href":"https:\/\/bassdu.mine.bz\/index.php?rest_route=%2Fwp%2Fv2%2Fmedia&parent=1065"}],"wp:term":[{"taxonomy":"category","embeddable":true,"href":"https:\/\/bassdu.mine.bz\/index.php?rest_route=%2Fwp%2Fv2%2Fcategories&post=1065"},{"taxonomy":"post_tag","embeddable":true,"href":"https:\/\/bassdu.mine.bz\/index.php?rest_route=%2Fwp%2Fv2%2Ftags&post=1065"}],"curies":[{"name":"wp","href":"https:\/\/api.w.org\/{rel}","templated":true}]}}