{"id":1083,"date":"2010-07-14T18:49:31","date_gmt":"2010-07-14T17:49:31","guid":{"rendered":"http:\/\/bassdu.mine.nu\/?p=1083"},"modified":"2010-07-16T16:11:23","modified_gmt":"2010-07-16T15:11:23","slug":"o-noua-politica-regionala","status":"publish","type":"post","link":"https:\/\/bassdu.mine.bz\/?p=1083","title":{"rendered":"O nou\u0103 politic\u0103 regional\u0103"},"content":{"rendered":"<p><strong>Baba Novac<\/strong><\/p>\n<p><a href=\"http:\/\/ro.wikipedia.org\/wiki\/Baba_Novac\" target=\"_blank\">Baba Novac<\/a> , n\u0103scut din mam\u0103 rom\u00e2nc\u0103 din familia Basarabilor \u015fi tat\u0103 s\u00e2rb, a fost general al lui MIHAI VITEAZUL alias\u00a0 MALUS DACUS.\u00a0 Via\u0163a \u015fi ata\u015famentul s\u0103u p\u00e2n\u0103 la sacrificiul suprem, fa\u0163\u0103 de primul reunificator al DACIEI, dup\u0103 secole de jug str\u0103in, trebuie s\u0103 fie o pild\u0103 \u015fi un sprijin pentru instaurarea unei NOI POLITICI REGIONALE, de prietenie \u015fi respect cu to\u0163i vecinii no\u015ftri ! \u00cen vechiul SPA\u0162IU TRACO-GETO-DACIC, trebuie s\u0103 c\u0103ut\u0103m RENA\u015eTEREA, deoarece se pare c\u0103 DE LA VEST, nu avem parte de nimic bun !\u00a0 \u201dMi\u015fcarea Virtual\u0103 DACIA\u201d are aceast\u0103 \u00eentre obiectivele sale, aceast\u0103 prioritate !<\/p>\n<p>Eu personal, am PRIETENI vlasi, s\u00e2rbi \u015fi \u0163igani la Donji Milanovac, locul de ba\u015ftin\u0103 ai Marelui General BABA NOVAC.<\/p>\n<p style=\"text-align: center;\"><object classid=\"clsid:d27cdb6e-ae6d-11cf-96b8-444553540000\" width=\"425\" height=\"350\" codebase=\"http:\/\/download.macromedia.com\/pub\/shockwave\/cabs\/flash\/swflash.cab#version=6,0,40,0\"><param name=\"src\" value=\"http:\/\/www.youtube.com\/v\/W86XYyCpyVU\" \/><\/object><\/p>\n","protected":false},"excerpt":{"rendered":"<p>Baba Novac Baba Novac , n\u0103scut din mam\u0103 rom\u00e2nc\u0103 din familia Basarabilor \u015fi tat\u0103 s\u00e2rb, a fost general al lui MIHAI VITEAZUL alias\u00a0 MALUS DACUS.\u00a0 Via\u0163a \u015fi ata\u015famentul s\u0103u p\u00e2n\u0103 la sacrificiul suprem, fa\u0163\u0103 de primul reunificator al DACIEI, dup\u0103 secole de jug str\u0103in, trebuie s\u0103 fie o pild\u0103 \u015fi un sprijin pentru instaurarea unei [&hellip;]<\/p>\n","protected":false},"author":2,"featured_media":0,"comment_status":"open","ping_status":"open","sticky":false,"template":"","format":"standard","meta":{"footnotes":""},"categories":[73],"tags":[344,346,207,347,348,345,205,349,204],"jetpack_featured_media_url":"","_links":{"self":[{"href":"https:\/\/bassdu.mine.bz\/index.php?rest_route=\/wp\/v2\/posts\/1083"}],"collection":[{"href":"https:\/\/bassdu.mine.bz\/index.php?rest_route=\/wp\/v2\/posts"}],"about":[{"href":"https:\/\/bassdu.mine.bz\/index.php?rest_route=\/wp\/v2\/types\/post"}],"author":[{"embeddable":true,"href":"https:\/\/bassdu.mine.bz\/index.php?rest_route=\/wp\/v2\/users\/2"}],"replies":[{"embeddable":true,"href":"https:\/\/bassdu.mine.bz\/index.php?rest_route=%2Fwp%2Fv2%2Fcomments&post=1083"}],"version-history":[{"count":4,"href":"https:\/\/bassdu.mine.bz\/index.php?rest_route=\/wp\/v2\/posts\/1083\/revisions"}],"predecessor-version":[{"id":1085,"href":"https:\/\/bassdu.mine.bz\/index.php?rest_route=\/wp\/v2\/posts\/1083\/revisions\/1085"}],"wp:attachment":[{"href":"https:\/\/bassdu.mine.bz\/index.php?rest_route=%2Fwp%2Fv2%2Fmedia&parent=1083"}],"wp:term":[{"taxonomy":"category","embeddable":true,"href":"https:\/\/bassdu.mine.bz\/index.php?rest_route=%2Fwp%2Fv2%2Fcategories&post=1083"},{"taxonomy":"post_tag","embeddable":true,"href":"https:\/\/bassdu.mine.bz\/index.php?rest_route=%2Fwp%2Fv2%2Ftags&post=1083"}],"curies":[{"name":"wp","href":"https:\/\/api.w.org\/{rel}","templated":true}]}}