{"id":1136,"date":"2010-09-01T19:21:58","date_gmt":"2010-09-01T18:21:58","guid":{"rendered":"http:\/\/bassdu.mine.nu\/?p=1136"},"modified":"2010-09-01T19:48:44","modified_gmt":"2010-09-01T18:48:44","slug":"intalnirea-cu-prieteni-moldoveni-din-miscarea-dacia","status":"publish","type":"post","link":"https:\/\/bassdu.mine.bz\/?p=1136","title":{"rendered":"\u00cent\u00e2lnirea cu prieteni moldoveni din Mi\u015fcarea DACIA"},"content":{"rendered":"<p>Un nefericit contratimp, ne-a \u00eempiedicat s\u0103 ne \u00eent\u00e2lnim la Sarmizegetusa Regia, unde am h\u0103l\u0103duit la o zi distan\u0163\u0103, &#8230; dar am f\u0103cut-o la poalele Omului din Bucegi. Iat\u0103 c\u00e2teva fotografii din Capitala DACIEI \u015fi c\u00e2\u0163iva demni urma\u015fi ai celor mai viteji \u015fi drep\u0163i dintre traci :<\/p>\n<div id=\"attachment_1144\" style=\"width: 310px\" class=\"wp-caption aligncenter\"><a href=\"http:\/\/bassdu.mine.nu\/images\/2010\/09\/A\u015fa-se-face-educa\u0163ia-puilor-de-daci-.jpg\"><img loading=\"lazy\" decoding=\"async\" aria-describedby=\"caption-attachment-1144\" class=\"size-medium wp-image-1144\" title=\"A\u015fa se face educa\u0163ia puilor de daci !\" src=\"http:\/\/bassdu.mine.nu\/images\/2010\/09\/A\u015fa-se-face-educa\u0163ia-puilor-de-daci--300x225.jpg\" alt=\"\" width=\"300\" height=\"225\" srcset=\"https:\/\/bassdu.mine.bz\/images\/2010\/09\/A\u015fa-se-face-educa\u0163ia-puilor-de-daci--300x225.jpg 300w, https:\/\/bassdu.mine.bz\/images\/2010\/09\/A\u015fa-se-face-educa\u0163ia-puilor-de-daci-.jpg 720w\" sizes=\"(max-width: 300px) 100vw, 300px\" \/><\/a><p id=\"caption-attachment-1144\" class=\"wp-caption-text\">A\u015fa se face educa\u0163ia puilor de daci !<\/p><\/div>\n<div id=\"attachment_1145\" style=\"width: 235px\" class=\"wp-caption aligncenter\"><a href=\"http:\/\/bassdu.mine.nu\/images\/2010\/09\/un-alt-dac-din-Chi\u015fin\u0103u-cu-un-falx-dacic.jpg\"><img loading=\"lazy\" decoding=\"async\" aria-describedby=\"caption-attachment-1145\" class=\"size-medium wp-image-1145\" title=\"un alt dac din Chi\u015fin\u0103u cu un falx dacic\" src=\"http:\/\/bassdu.mine.nu\/images\/2010\/09\/un-alt-dac-din-Chi\u015fin\u0103u-cu-un-falx-dacic-225x300.jpg\" alt=\"\" width=\"225\" height=\"300\" srcset=\"https:\/\/bassdu.mine.bz\/images\/2010\/09\/un-alt-dac-din-Chi\u015fin\u0103u-cu-un-falx-dacic-225x300.jpg 225w, https:\/\/bassdu.mine.bz\/images\/2010\/09\/un-alt-dac-din-Chi\u015fin\u0103u-cu-un-falx-dacic.jpg 540w\" sizes=\"(max-width: 225px) 100vw, 225px\" \/><\/a><p id=\"caption-attachment-1145\" class=\"wp-caption-text\">Sub maiestoasele ziduri ale Sarmizegetusei Regia, un alt dac din Chi\u015fin\u0103u, etal\u00e2nd un veridic FALX dacic.<\/p><\/div>\n<div id=\"attachment_1146\" style=\"width: 310px\" class=\"wp-caption aligncenter\"><a href=\"http:\/\/bassdu.mine.nu\/images\/2010\/09\/al\u0163i-daci-\u201dveni\u0163i-de-departe\u201d-sub-zidurile-Sarmizegetusei-Regia.jpg\"><img loading=\"lazy\" decoding=\"async\" aria-describedby=\"caption-attachment-1146\" class=\"size-medium wp-image-1146\" title=\"al\u0163i daci \u201dveni\u0163i de departe\u201d, sub zidurile Sarmizegetusei Regia\" src=\"http:\/\/bassdu.mine.nu\/images\/2010\/09\/al\u0163i-daci-\u201dveni\u0163i-de-departe\u201d-sub-zidurile-Sarmizegetusei-Regia-300x225.jpg\" alt=\"\" width=\"300\" height=\"225\" srcset=\"https:\/\/bassdu.mine.bz\/images\/2010\/09\/al\u0163i-daci-\u201dveni\u0163i-de-departe\u201d-sub-zidurile-Sarmizegetusei-Regia-300x225.jpg 300w, https:\/\/bassdu.mine.bz\/images\/2010\/09\/al\u0163i-daci-\u201dveni\u0163i-de-departe\u201d-sub-zidurile-Sarmizegetusei-Regia.jpg 720w\" sizes=\"(max-width: 300px) 100vw, 300px\" \/><\/a><p id=\"caption-attachment-1146\" class=\"wp-caption-text\">Al\u0163i daci \u201dveni\u0163i de departe\u201d sub zidurile Sarmizegetusei Regia.  Se pare c\u0103 dep\u0103rtarea ne face s\u0103 ... ne trezim !<\/p><\/div>\n<p>Iat\u0103 alte fotografii din Padina, unde Ialomi\u0163a iese din Pe\u015ftera, ce se zice c\u0103 ar fi fost frecventat\u0103 \u015fi de &#8230; Zamolxe :<\/p>\n<div id=\"attachment_1137\" style=\"width: 310px\" class=\"wp-caption aligncenter\"><a href=\"http:\/\/bassdu.mine.nu\/images\/2010\/09\/SNC00412.jpg\"><img loading=\"lazy\" decoding=\"async\" aria-describedby=\"caption-attachment-1137\" class=\"size-medium wp-image-1137\" title=\"Cel mai t\u00e2n\u0103r membru al Mi\u015fc\u0103rii DACIA\" src=\"http:\/\/bassdu.mine.nu\/images\/2010\/09\/SNC00412-300x225.jpg\" alt=\"Cel mai t\u00e2n\u0103r membru al Mi\u015fc\u0103rii DACIA \" width=\"300\" height=\"225\" srcset=\"https:\/\/bassdu.mine.bz\/images\/2010\/09\/SNC00412-300x225.jpg 300w, https:\/\/bassdu.mine.bz\/images\/2010\/09\/SNC00412-1024x768.jpg 1024w\" sizes=\"(max-width: 300px) 100vw, 300px\" \/><\/a><p id=\"caption-attachment-1137\" class=\"wp-caption-text\">Cel mai t\u00e2n\u0103r membru al Mi\u015fc\u0103rii DACIA<\/p><\/div>\n<div id=\"attachment_1138\" style=\"width: 310px\" class=\"wp-caption aligncenter\"><a href=\"http:\/\/bassdu.mine.nu\/images\/2010\/09\/SNC00411.jpg\"><img loading=\"lazy\" decoding=\"async\" aria-describedby=\"caption-attachment-1138\" class=\"size-medium wp-image-1138\" title=\"Grupul dacilor din Chi\u015fin\u0103u\" src=\"http:\/\/bassdu.mine.nu\/images\/2010\/09\/SNC00411-300x225.jpg\" alt=\"\" width=\"300\" height=\"225\" srcset=\"https:\/\/bassdu.mine.bz\/images\/2010\/09\/SNC00411-300x225.jpg 300w, https:\/\/bassdu.mine.bz\/images\/2010\/09\/SNC00411-1024x768.jpg 1024w\" sizes=\"(max-width: 300px) 100vw, 300px\" \/><\/a><p id=\"caption-attachment-1138\" class=\"wp-caption-text\">Grupul dacilor din Chi\u015fin\u0103u<\/p><\/div>\n<p>Dup\u0103 zeci de Kilometri de drum forestier, a venit vremea s\u0103 ne r\u0103corim cu o bere la temperatura Ialomi\u0163ei :<\/p>\n<div id=\"attachment_1139\" style=\"width: 310px\" class=\"wp-caption aligncenter\"><a href=\"http:\/\/bassdu.mine.nu\/images\/2010\/09\/Padina.jpg\"><img loading=\"lazy\" decoding=\"async\" aria-describedby=\"caption-attachment-1139\" class=\"size-medium wp-image-1139\" title=\"Padina\" src=\"http:\/\/bassdu.mine.nu\/images\/2010\/09\/Padina-300x225.jpg\" alt=\"\" width=\"300\" height=\"225\" srcset=\"https:\/\/bassdu.mine.bz\/images\/2010\/09\/Padina-300x225.jpg 300w, https:\/\/bassdu.mine.bz\/images\/2010\/09\/Padina.jpg 720w\" sizes=\"(max-width: 300px) 100vw, 300px\" \/><\/a><p id=\"caption-attachment-1139\" class=\"wp-caption-text\">Sub Omul, la Padina, dup\u0103 o zi de drumuri pietruite<\/p><\/div>\n<div id=\"attachment_1140\" style=\"width: 310px\" class=\"wp-caption aligncenter\"><a href=\"http:\/\/bassdu.mine.nu\/images\/2010\/09\/Prieteni-moldoveni.jpg\"><img loading=\"lazy\" decoding=\"async\" aria-describedby=\"caption-attachment-1140\" class=\"size-medium wp-image-1140\" title=\"Prieteni moldoveni\" src=\"http:\/\/bassdu.mine.nu\/images\/2010\/09\/Prieteni-moldoveni-300x225.jpg\" alt=\"\" width=\"300\" height=\"225\" srcset=\"https:\/\/bassdu.mine.bz\/images\/2010\/09\/Prieteni-moldoveni-300x225.jpg 300w, https:\/\/bassdu.mine.bz\/images\/2010\/09\/Prieteni-moldoveni.jpg 720w\" sizes=\"(max-width: 300px) 100vw, 300px\" \/><\/a><p id=\"caption-attachment-1140\" class=\"wp-caption-text\">Un loc minunat, plin de semnifica\u0163ii<\/p><\/div>\n<p>De admirat acest grup de inimo\u015fi, veni\u0163i s\u0103 cunoasc\u0103 \u015fi restul &#8230; DACIEI, parcurg\u00e2nd locuri sfinte \u015fi uneori greu de atins.\u00a0 Ba chiar au \u0163inut s\u0103-l \u201dini\u0163ieze\u201d \u015fi pe puiul de dac DACIAN, care va putea s\u0103 se f\u0103leasc\u0103 cu prima sa c\u0103l\u0103torie \u00een Inima DACIEI, la Sarmizegetusa Regia, la Omul \u015fi \u00een alte locuri cu profunde semnifica\u0163ii. Regret de a nu fi \u00eent\u00e2lnit \u015fi pe ceilal\u0163i pelegrini la locurile sacre, &#8230; dar va veni \u015fi acea vreme !<\/p>\n<p>Cu astfel de oameni \u015fi mai ales cu DACIAN, speran\u0163ele noastre nu sunt de\u015farte !<\/p>\n","protected":false},"excerpt":{"rendered":"<p>Un nefericit contratimp, ne-a \u00eempiedicat s\u0103 ne \u00eent\u00e2lnim la Sarmizegetusa Regia, unde am h\u0103l\u0103duit la o zi distan\u0163\u0103, &#8230; dar am f\u0103cut-o la poalele Omului din Bucegi. Iat\u0103 c\u00e2teva fotografii din Capitala DACIEI \u015fi c\u00e2\u0163iva demni urma\u015fi ai celor mai viteji \u015fi drep\u0163i dintre traci : Iat\u0103 alte fotografii din Padina, unde Ialomi\u0163a iese din [&hellip;]<\/p>\n","protected":false},"author":2,"featured_media":0,"comment_status":"open","ping_status":"open","sticky":false,"template":"","format":"standard","meta":{"footnotes":""},"categories":[3],"tags":[380,128,381,210,382,383,384,339],"jetpack_featured_media_url":"","_links":{"self":[{"href":"https:\/\/bassdu.mine.bz\/index.php?rest_route=\/wp\/v2\/posts\/1136"}],"collection":[{"href":"https:\/\/bassdu.mine.bz\/index.php?rest_route=\/wp\/v2\/posts"}],"about":[{"href":"https:\/\/bassdu.mine.bz\/index.php?rest_route=\/wp\/v2\/types\/post"}],"author":[{"embeddable":true,"href":"https:\/\/bassdu.mine.bz\/index.php?rest_route=\/wp\/v2\/users\/2"}],"replies":[{"embeddable":true,"href":"https:\/\/bassdu.mine.bz\/index.php?rest_route=%2Fwp%2Fv2%2Fcomments&post=1136"}],"version-history":[{"count":4,"href":"https:\/\/bassdu.mine.bz\/index.php?rest_route=\/wp\/v2\/posts\/1136\/revisions"}],"predecessor-version":[{"id":1143,"href":"https:\/\/bassdu.mine.bz\/index.php?rest_route=\/wp\/v2\/posts\/1136\/revisions\/1143"}],"wp:attachment":[{"href":"https:\/\/bassdu.mine.bz\/index.php?rest_route=%2Fwp%2Fv2%2Fmedia&parent=1136"}],"wp:term":[{"taxonomy":"category","embeddable":true,"href":"https:\/\/bassdu.mine.bz\/index.php?rest_route=%2Fwp%2Fv2%2Fcategories&post=1136"},{"taxonomy":"post_tag","embeddable":true,"href":"https:\/\/bassdu.mine.bz\/index.php?rest_route=%2Fwp%2Fv2%2Ftags&post=1136"}],"curies":[{"name":"wp","href":"https:\/\/api.w.org\/{rel}","templated":true}]}}