{"id":1148,"date":"2010-09-01T20:45:57","date_gmt":"2010-09-01T19:45:57","guid":{"rendered":"http:\/\/bassdu.mine.nu\/?p=1148"},"modified":"2010-09-06T22:50:23","modified_gmt":"2010-09-06T21:50:23","slug":"din-nou-prin-timoc","status":"publish","type":"post","link":"https:\/\/bassdu.mine.bz\/?p=1148","title":{"rendered":"Din nou prin Timoc !"},"content":{"rendered":"<p>La \u00eentoarcerea din DACIA, am z\u0103bovit pe malul s\u00eerbesc al Dun\u0103rii, \u00een dreptul lui Decebal, cu care am vrut s\u0103 fac o fotografie (\u00een st\u00e2nga imaginii).<\/p>\n<p>Nu vreau s\u0103 dau na\u015ftere la interpret\u0103ri \u015fi suspiciuni, dar \u00eencerc\u00e2nd s\u0103 reglez pu\u0163in contrastul \u015fi luminozitatea fotografiei, ce nu era prea clar\u0103 datorit\u0103 orei matinale (5,30), am ob\u0163inut ceea ce urmeaz\u0103 :<\/p>\n<p style=\"text-align: center;\">\n<div id=\"attachment_1150\" style=\"width: 310px\" class=\"wp-caption aligncenter\"><a href=\"http:\/\/bassdu.mine.nu\/images\/2010\/09\/SNC004891.jpg\"><img loading=\"lazy\" decoding=\"async\" aria-describedby=\"caption-attachment-1150\" class=\"size-medium wp-image-1150\" title=\"SNC00489\" src=\"http:\/\/bassdu.mine.nu\/images\/2010\/09\/SNC004891-300x225.jpg\" alt=\"\" width=\"300\" height=\"225\" srcset=\"https:\/\/bassdu.mine.bz\/images\/2010\/09\/SNC004891-300x225.jpg 300w, https:\/\/bassdu.mine.bz\/images\/2010\/09\/SNC004891-1024x768.jpg 1024w\" sizes=\"(max-width: 300px) 100vw, 300px\" \/><\/a><p id=\"caption-attachment-1150\" class=\"wp-caption-text\">OZN, aur\u0103, sau ... fenomen optic ???<\/p><\/div>\n<p style=\"text-align: center;\">\n<p style=\"text-align: left;\">\n<p style=\"text-align: left;\">Cum era de a\u015fteptat, m-am oprit din nou la prietenii mei vlasi din Donji Milanovac \u015fi din Topolni\u0163a, cu care am petrecut momente pline de semnifica\u0163ii.<\/p>\n<p style=\"text-align: left;\">Particip\u00e2nd la o s\u0103rb\u0103toare tradi\u0163ional\u0103 cu profund substrat religios (PRAZNIC), am r\u0103mas uimit de acurate\u0163a rug\u0103ciunilor,\u00a0 invoca\u0163iilor \u015fi pomenirilor , exprimate \u00een cea mai pur\u0103 limb\u0103 rom\u00e2neasc\u0103 ! Dar iat\u0103 ce este PRAZNICUL, prin vocea capului familiei :<\/p>\n<p style=\"text-align: center;\"><object classid=\"clsid:d27cdb6e-ae6d-11cf-96b8-444553540000\" width=\"425\" height=\"350\" codebase=\"http:\/\/download.macromedia.com\/pub\/shockwave\/cabs\/flash\/swflash.cab#version=6,0,40,0\"><param name=\"src\" value=\"http:\/\/www.youtube.com\/v\/MYWKvLCFSlE\" \/><\/object><\/p>\n<p style=\"text-align: center;\">\n<p style=\"text-align: left;\">Rezult\u0103 din aceste cuvinte, rolul determinant al credin\u0163ei str\u0103bune, pentru men\u0163inerea fiin\u0163ei na\u0163ionale.\u00a0 Nimeni nu are dreptul s\u0103 minimizeze acest aspect !<\/p>\n<p style=\"text-align: left;\"><!--more--><\/p>\n<p style=\"text-align: left;\">La \u00eentoarcerea \u201d\u00een ora\u015f\u201d, ne-am oprit pe malul Dun\u0103rii, \u00eentr-un local specific locului, de unde se putea cuprinde m\u0103re\u0163ia Dun\u0103rii \u015fi a mun\u0163ilor ce o str\u0103juiesc !<\/p>\n<p style=\"text-align: center;\"><object classid=\"clsid:d27cdb6e-ae6d-11cf-96b8-444553540000\" width=\"425\" height=\"350\" codebase=\"http:\/\/download.macromedia.com\/pub\/shockwave\/cabs\/flash\/swflash.cab#version=6,0,40,0\"><param name=\"src\" value=\"http:\/\/www.youtube.com\/v\/spEyUqYBduE\" \/><\/object><\/p>\n<p style=\"text-align: center;\">\n<p style=\"text-align: left;\">Cu p\u0103rere de r\u0103u m-am desp\u0103r\u0163it de prietenii mei !<\/p>\n<p style=\"text-align: center;\">\n<div id=\"attachment_1157\" style=\"width: 310px\" class=\"wp-caption aligncenter\"><a href=\"http:\/\/bassdu.mine.nu\/images\/2010\/09\/SNC00497.jpg\"><img loading=\"lazy\" decoding=\"async\" aria-describedby=\"caption-attachment-1157\" class=\"size-medium wp-image-1157\" title=\"SNC00497\" src=\"http:\/\/bassdu.mine.nu\/images\/2010\/09\/SNC00497-300x225.jpg\" alt=\"\" width=\"300\" height=\"225\" srcset=\"https:\/\/bassdu.mine.bz\/images\/2010\/09\/SNC00497-300x225.jpg 300w, https:\/\/bassdu.mine.bz\/images\/2010\/09\/SNC00497-1024x768.jpg 1024w\" sizes=\"(max-width: 300px) 100vw, 300px\" \/><\/a><p id=\"caption-attachment-1157\" class=\"wp-caption-text\">Prietenii mei din Timoc<\/p><\/div>\n<p>La Revedere Timoc\u00a0 !<\/p>\n","protected":false},"excerpt":{"rendered":"<p>La \u00eentoarcerea din DACIA, am z\u0103bovit pe malul s\u00eerbesc al Dun\u0103rii, \u00een dreptul lui Decebal, cu care am vrut s\u0103 fac o fotografie (\u00een st\u00e2nga imaginii). Nu vreau s\u0103 dau na\u015ftere la interpret\u0103ri \u015fi suspiciuni, dar \u00eencerc\u00e2nd s\u0103 reglez pu\u0163in contrastul \u015fi luminozitatea fotografiei, ce nu era prea clar\u0103 datorit\u0103 orei matinale (5,30), am ob\u0163inut [&hellip;]<\/p>\n","protected":false},"author":2,"featured_media":0,"comment_status":"open","ping_status":"open","sticky":false,"template":"","format":"standard","meta":{"footnotes":""},"categories":[3],"tags":[166,207,387,386,43,109,385,204],"jetpack_featured_media_url":"","_links":{"self":[{"href":"https:\/\/bassdu.mine.bz\/index.php?rest_route=\/wp\/v2\/posts\/1148"}],"collection":[{"href":"https:\/\/bassdu.mine.bz\/index.php?rest_route=\/wp\/v2\/posts"}],"about":[{"href":"https:\/\/bassdu.mine.bz\/index.php?rest_route=\/wp\/v2\/types\/post"}],"author":[{"embeddable":true,"href":"https:\/\/bassdu.mine.bz\/index.php?rest_route=\/wp\/v2\/users\/2"}],"replies":[{"embeddable":true,"href":"https:\/\/bassdu.mine.bz\/index.php?rest_route=%2Fwp%2Fv2%2Fcomments&post=1148"}],"version-history":[{"count":9,"href":"https:\/\/bassdu.mine.bz\/index.php?rest_route=\/wp\/v2\/posts\/1148\/revisions"}],"predecessor-version":[{"id":1180,"href":"https:\/\/bassdu.mine.bz\/index.php?rest_route=\/wp\/v2\/posts\/1148\/revisions\/1180"}],"wp:attachment":[{"href":"https:\/\/bassdu.mine.bz\/index.php?rest_route=%2Fwp%2Fv2%2Fmedia&parent=1148"}],"wp:term":[{"taxonomy":"category","embeddable":true,"href":"https:\/\/bassdu.mine.bz\/index.php?rest_route=%2Fwp%2Fv2%2Fcategories&post=1148"},{"taxonomy":"post_tag","embeddable":true,"href":"https:\/\/bassdu.mine.bz\/index.php?rest_route=%2Fwp%2Fv2%2Ftags&post=1148"}],"curies":[{"name":"wp","href":"https:\/\/api.w.org\/{rel}","templated":true}]}}