{"id":1168,"date":"2010-09-05T22:53:07","date_gmt":"2010-09-05T21:53:07","guid":{"rendered":"http:\/\/bassdu.mine.nu\/?p=1168"},"modified":"2010-09-05T22:53:07","modified_gmt":"2010-09-05T21:53:07","slug":"surpriza-neplacuta","status":"publish","type":"post","link":"https:\/\/bassdu.mine.bz\/?p=1168","title":{"rendered":"Surpriz\u0103 nepl\u0103cut\u0103 !"},"content":{"rendered":"<p><!-- \t\t@page { margin: 2cm } \t\tP { margin-bottom: 0.21cm } --><span style=\"color: #000000;\"><span style=\"font-size: medium;\"><strong>Despre Aurora Pe\u0163an &#8230; omul<\/strong><\/span><\/span><\/p>\n<p><span style=\"color: #000000;\"><span style=\"font-size: small;\">Fiind eu un cititor \u015fi admirator al blogului \u201dVe\u015fti \u015fi Pove\u015fti\u201d al Editurii Dacica, am hot\u0103r\u00e2t \u201ds\u0103 dau o m\u00e2n\u0103 de ajutor\u201d la solicitarea d-nei Aurora Pe\u0163an (vezi postarea : \u201dClopotul Istoriei. Apel\u201d).<\/span><\/span><\/p>\n<p><span style=\"color: #000000;\"><span style=\"font-size: small;\">Citind unele post\u0103ri anterioare (<em>\u201dOmul-spam : Iosif Lucian Cuesdean\u201d, \u201dPoietul atlant : Adrian Bucurescu\u201d \u015fi \u201dR\u0103spuns la acuza\u0163iile aduse Funda\u0163iei Dacica de c\u0103tre dl Vladimir Brilinski, pre\u015fedintele filialei Transilvania a funda\u0163iei Dacia Revival Society\u201d<\/em>) \u015fi dorind s\u0103 aplanez un conflict d\u0103un\u0103tor cauzei \u201ddacicanilor\u201d, am propus \u201dpace \u015fi prietenie\u201d, mai ales c\u0103 \u00een\u0163elesesem c\u0103 d-l <strong>S\u0103vescu<\/strong> propusese d-nei <strong>Pe\u0163an<\/strong> o colaborare remunerat\u0103 (refuzat\u0103 de aceasta), pentru descifrarea<strong> Pl\u0103cu\u0163elor de la Sinaia<\/strong>. Am sugerat c\u0103, dec\u00e2t s\u0103 ne cert\u0103m \u00eentre noi, ar fi mai indicat s\u0103 combatem <em>teorii fanteziste<\/em>, precum aceea a d-lui <strong>Djuvara<\/strong>, care pe youtube, intervistat de <strong>Patapievici<\/strong>, declara c\u0103 \u201d<em>va veni vremea s\u0103 acert\u0103m c\u0103 rom\u00e2nii sunt urma\u015fi ai &#8230; cumanilor<\/em>\u201d !?!?  Nu ne ajunge c\u0103 suntem considera\u0163i urma\u015fi ai Romei, acum  devenim \u015fi urma\u015fi ai &#8230; cumanilor !?!?  \u00cen plus, am propus utilizarea pe blog a Limbii Rom\u00e2ne\u015fti cu <em>diacritice<\/em>, aceast\u0103 alegere permi\u0163\u00eend \u015fi nefolosirea acestora, deoarece post\u0103rile cu diacritice sunt nelegibile.<\/span><\/span><\/p>\n<p><span style=\"color: #000000;\"> <\/span><\/p>\n<p><span style=\"color: #000000;\"> <span style=\"font-size: small;\"><span style=\"font-family: Trebuchet MS,Verdana,Tahoma,Arial,sans-serif;\">Mi se r\u0103spunde :<\/span><\/span><\/span><\/p>\n<p><span style=\"color: #000000;\">\u201d\u201d\u201d<span style=\"font-size: small;\"><em><strong><span style=\"font-family: Trebuchet MS,Verdana,Tahoma,Arial,sans-serif;\">Multumim pentru propuneri dar deocamdata nu scriem cu diacritice.\u201d\u201d\u201d<br \/>\n<\/span><\/strong><\/em><\/span><span style=\"font-size: small;\"><em><strong> <\/strong><\/em><\/span><\/span><\/p>\n<p><span style=\"color: #000000;\"> \u201d\u201d\u201d<span style=\"font-family: Trebuchet MS,Verdana,Tahoma,Arial,sans-serif;\"><span style=\"font-size: small;\"><em><strong>Eu nu ma adresez Rom\u00e2niei \u201emanelizate\u201d, ci Rom\u00e2niei profunde. Dupa cum vedeti, avem targeturi diferite\u201d\u201d\u201d<\/strong><\/em><\/span><\/span><\/span><\/p>\n<p><span style=\"color: #000000;\">\u201d\u201d\u201d<span style=\"font-family: Trebuchet MS,Verdana,Tahoma,Arial,sans-serif;\"><span style=\"font-size: small;\"><em><strong>Nu am de ce sa-l judec pe Djuvara, asa cum nu judec pe nimeni.\u201d\u201d\u201d<\/strong><\/em><\/span><\/span><\/span><\/p>\n<p><span style=\"color: #000000;\"><span style=\"font-family: Trebuchet MS,Verdana,Tahoma,Arial,sans-serif;\"><span style=\"font-size: small;\">Eu r\u0103spund c\u0103 limba nu poate fi \u201ds\u0103r\u0103cit\u0103\u201d, mai ales pe un site ca acela, c\u0103 \u201djudec\u0103\u0163i\u201d se fac \u015fi \u00eenc\u0103 \u00een mod pu\u0163in elegant (vezi post\u0103rile citate) \u015fi c\u0103 \u201dal\u0103turarea\u201d mea maneli\u015ftilor este &#8230; ofensiv\u0103 \u015fi f\u0103r\u0103 motiv.<\/span><\/span><\/span><\/p>\n<p><span style=\"color: #000000;\"><span style=\"font-family: Trebuchet MS,Verdana,Tahoma,Arial,sans-serif;\"><span style=\"font-size: small;\">Mi se r\u0103spunde :<\/span><\/span><\/span><\/p>\n<p><span style=\"color: #000000;\">\u201d\u201d\u201d<span style=\"font-family: Trebuchet MS,Verdana,Tahoma,Arial,sans-serif;\"><span style=\"font-size: small;\"><em><strong>Dle Giovanni, eu am ales sa ram\u00e2n \u00een Rom\u00e2nia. \u00cen Rom\u00e2nia profunda, mostenita de la strabunii mei. Dvs, locuiti \u00een Italia. Cred ca aici dialogul nostru se \u00eencheie\u201d\u201d\u201d<\/strong><\/em><\/span><\/span><\/span><\/p>\n<p><span style=\"color: #000000;\"><span style=\"font-family: Trebuchet MS,Verdana,Tahoma,Arial,sans-serif;\"><span style=\"font-size: small;\">Aceste g\u00e2nduri, exprimate cu claritate, al\u0103tur\u0103 pe d-na Pe\u0163an, celor ce consider\u0103 rom\u00e2nii din \u201dafar\u0103\u201d, &#8230; mai pu\u0163in rom\u00e2ni, sau ca pe vremea minerilor, \u201d<strong><em>cine nu a m\u00e2ncat salam cu p\u00e2ine ca noi, &#8230; <\/em><\/strong>\u201d<\/span><\/span><\/span><\/p>\n<p><span style=\"color: #000000;\"><span style=\"font-family: Trebuchet MS,Verdana,Tahoma,Arial,sans-serif;\"><span style=\"font-size: medium;\"><em><strong>Doamn\u0103 Pe\u0163an, rom\u00e2nii \u201ddin afar\u0103\u201d, sunt cei mai mari investitori \u00een Rom\u00e2nia !!! <\/strong><\/em><\/span><\/span><\/span><\/p>\n<p><span style=\"color: #000000;\"><span style=\"font-family: Trebuchet MS,Verdana,Tahoma,Arial,sans-serif;\"><span style=\"font-size: medium;\"><em><strong>Rom\u00e2ni \u201ddin afar\u0103\u201d sunt \u015fi moldovenii, vlasii, istro-rom\u00e2nii, arom\u00e2nii, etc. !!!  To\u0163i suntem tr\u0103itori \u00een ambienturi ostile \u015fi m\u0103car pentru acest motiv, avem nevoie de &#8230; RESPECT !  Dac\u0103 nu pricepe\u0163i acest lucru, &#8230; nu sunte\u0163i demn\u0103 de brandul DACIA !<\/strong><\/em><\/span><\/span><\/span><\/p>\n","protected":false},"excerpt":{"rendered":"<p>Despre Aurora Pe\u0163an &#8230; omul Fiind eu un cititor \u015fi admirator al blogului \u201dVe\u015fti \u015fi Pove\u015fti\u201d al Editurii Dacica, am hot\u0103r\u00e2t \u201ds\u0103 dau o m\u00e2n\u0103 de ajutor\u201d la solicitarea d-nei Aurora Pe\u0163an (vezi postarea : \u201dClopotul Istoriei. Apel\u201d). Citind unele post\u0103ri anterioare (\u201dOmul-spam : Iosif Lucian Cuesdean\u201d, \u201dPoietul atlant : Adrian Bucurescu\u201d \u015fi \u201dR\u0103spuns la [&hellip;]<\/p>\n","protected":false},"author":2,"featured_media":0,"comment_status":"open","ping_status":"open","sticky":false,"template":"","format":"standard","meta":{"footnotes":""},"categories":[3],"tags":[45,395,392,396,391,394,393],"jetpack_featured_media_url":"","_links":{"self":[{"href":"https:\/\/bassdu.mine.bz\/index.php?rest_route=\/wp\/v2\/posts\/1168"}],"collection":[{"href":"https:\/\/bassdu.mine.bz\/index.php?rest_route=\/wp\/v2\/posts"}],"about":[{"href":"https:\/\/bassdu.mine.bz\/index.php?rest_route=\/wp\/v2\/types\/post"}],"author":[{"embeddable":true,"href":"https:\/\/bassdu.mine.bz\/index.php?rest_route=\/wp\/v2\/users\/2"}],"replies":[{"embeddable":true,"href":"https:\/\/bassdu.mine.bz\/index.php?rest_route=%2Fwp%2Fv2%2Fcomments&post=1168"}],"version-history":[{"count":2,"href":"https:\/\/bassdu.mine.bz\/index.php?rest_route=\/wp\/v2\/posts\/1168\/revisions"}],"predecessor-version":[{"id":1170,"href":"https:\/\/bassdu.mine.bz\/index.php?rest_route=\/wp\/v2\/posts\/1168\/revisions\/1170"}],"wp:attachment":[{"href":"https:\/\/bassdu.mine.bz\/index.php?rest_route=%2Fwp%2Fv2%2Fmedia&parent=1168"}],"wp:term":[{"taxonomy":"category","embeddable":true,"href":"https:\/\/bassdu.mine.bz\/index.php?rest_route=%2Fwp%2Fv2%2Fcategories&post=1168"},{"taxonomy":"post_tag","embeddable":true,"href":"https:\/\/bassdu.mine.bz\/index.php?rest_route=%2Fwp%2Fv2%2Ftags&post=1168"}],"curies":[{"name":"wp","href":"https:\/\/api.w.org\/{rel}","templated":true}]}}