{"id":1171,"date":"2010-09-06T21:08:34","date_gmt":"2010-09-06T20:08:34","guid":{"rendered":"http:\/\/bassdu.mine.nu\/?p=1171"},"modified":"2010-09-06T22:48:33","modified_gmt":"2010-09-06T21:48:33","slug":"d-na-aurora-petan-persevereaza","status":"publish","type":"post","link":"https:\/\/bassdu.mine.bz\/?p=1171","title":{"rendered":"D-na Aurora Pe\u0163an &#8230; persevereaz\u0103 !"},"content":{"rendered":"<p>Iat\u0103 un comentariu \u201daprobat\u201d de d-na (?) Aurora Pe\u0163an :<\/p>\n<p><!-- \t\t@page { margin: 2cm } \t\tP { margin-bottom: 0.21cm } \t\tA:link { so-language: zxx } --><span style=\"color: #333333;\"><span style=\"font-family: Trebuchet MS,Verdana,Tahoma,Arial,sans-serif;\"><span style=\"font-size: x-small;\"><cite>marcjura<\/cite> says: <\/span><\/span><\/span><\/p>\n<p><a href=\"http:\/\/dacica.ro\/blog\/?p=3366&amp;cpage=1#comment-3614\">6 Rapciune 2010 at 11:31<\/a><\/p>\n<p><em><strong>Don Giovanni sau Patria ubi bene<\/strong><\/em><\/p>\n<p><em><strong>Ca mare dac ce va tr\u00e2mbitati, ati fi putut sa va numiti Ionica.<br \/>\nAici, la noi, ACASA, e greu, si nu neaparat din lipsa de bani. E greu din lipsa de Oameni. E greu din lipsa de Rom\u00e2ni. Stiti ce e ala un Rom\u00e2n? Ma \u00eendoiesc.<br \/>\nManiu, Tutea, Coposu, luptatorii din rezistenta anticomunista etc. ar fi putut sa dea bir cu fugitii, la ei fiind cu adevarat o chestiune de viata si de moarte. Dar n-au facut-o. Au ramas aici sa sape la Canal si sa moara in puscariile comuniste. Cum spunea Tutea, daca trebuie sa cersesc in numele poporului rom\u00e2n, o fac. Si a cersit.<br \/>\nStiti ce a patit academician Simion Mehedinti? A cersit. Avea legata de g\u00e2t o pancarta pe care scria: Sunt Academician si mor de foame!<br \/>\nPuteau sa ajunga \u00een strainatate mari oameni de stiinta, mari scriitori, dar n-au facut-o. Au ramas aici si-au cersit, aleg\u00e2nd sa fie MARI ROM\u00c2NI.<br \/>\nCei care ati plecat in strainatate n-ati plecat de bine, stiu. Dar nici noi nu am ramas aici de bine. Din contra, am ramas aici sa luptam pentru Rom\u00e2nia profunda (cum spune Aurora), am ramas aici tocmai pentru ca e greu, am ramas sa ingrijim acest bolnav care este poporul rom\u00e2n (cum spunea Dan Puric), sa-i oferim toata dragostea noastra.<br \/>\nCa cei plecati in strainatate sunt cei mai mari investitori din tara? In ce-ati investit? In termopane, jeepuri si bca? Fiindca nu vad nici macar un roman intors din strainatate care sa are un ogor la propria sa ferma.<br \/>\nDupa ce romanii i-au dus pe daci ca sclavi la Roma, voi v-ati dus acum de bunavoie sa le spalati urmasilor Romei scarile de bloc si sa le munciti pam\u00e2ntul. Asta in vreme ce, la voi acasa, scarile de bloc put \u00een ultimul hal, iar pam\u00e2ntul pe care Dacii nu l-au abandonat niciodata, pl\u00e2nge ca e napadit de scaieti si maracini.<br \/>\nDar ce e mai grav, este ca veniti din strainatate cu un aer imputit de superioritate, si incepeti sa ne dati noua lectii despre cum trebuie sa ne comportam sau despre cum trebuie sa lucram. Faceti-o voi daca merita, lasati-ne pe noi in amarul nostru. Dar nu. Veniti acasa o luna, la un volan de Alfa Romeo, mai puneti un etaj la casa si un termopan la usa podului, apoi o-ntindeti repejor inapoi.<br \/>\nIntre timp, Rom\u00e2nia piere sub gunoaiele cretinilor, r\u00e2urile sunt distruse \u00een majoritatea lor (ca piatra si nisipul va inalta voua vilele) padurile pier sub drujbe, pasunile se impaduresc.<br \/>\nCare e reactia voastra? Miscarea Virtuala Dacia? De ce VIRTUALA, ma? O groaza de rom\u00e2ni, pe facebook, administreaza cel putin o ferma. Una VIRTUALA. Are avantajele ei. Se munceste la adapost, fara sa te murdaresti pe m\u00e2ini. Dar nu are nici o finalitate practica.<br \/>\nSa va vad cum veniti din Occident, trageti cioarecii-n picioare, suflecati m\u00e2necile camesii si puneti osul la munca. Sa va vad ca munciti nu pentru bani, ci pentru TARA STRAMOSILOR VOSTRI.<br \/>\nComparatia cu minerii, (\u201dn-ati m\u00e2ncat salam cu soia\u201d) e un sofism pe care-l folositi \u00eentr-un mod patetic.<br \/>\nEram mic atunci c\u00e2nd stateam la coada, cand imi venea sa vars de la mirosul uleiului r\u00e2nced pe care il golea v\u00e2nzatoarea in sticla. Dar, c\u00e2nd minerii au protestat ultima data la Petrosani, eu am avut curaj sa scriu un articol impotriva lui Cozma si Iliescu, am pus la cale o demonstratie pentru a arata lumii ca Valea Jiului nu inseamna doar mineri huligani (directorul de atunci al liceului teoretic Petrosani ne-a \u00eempiedicat sa iesim in strada), si am avut curaj, \u00een autobuzul de mineri cu care faceam naveta, sa vorbesc impotriva lui Iliescu.<br \/>\nVa mira ca sunt inca in viata?<br \/>\nM-am ur\u00e2t de Rom\u00e2nia cotidiana. M-am ur\u00e2t de oamenii de nimic care semnalizeaza c\u00e2t sunt de cretini. As pleca c\u00e2t vad cu ochii. Dar nu-mi pot lasa tara pe m\u00e2inile lor. Ca nu am masina, ca-mi ploua prin acoperis, ca-mi pica geamurile la casa, ca autoritatile locale ma saboteaza zilnic, toate astea ma dor. Ma doare ca nu-mi pot duce fiica la mare, ca jumatate de an stau cu oile, nu cu familia. Dar traiesc in pam\u00e2ntul meu, nu intr-un ghiveci. Si stiu ca, intr-o zi, fiica mea va fi m\u00e2ndra ca a crescut ca un brad, nu ca un bonsai.<br \/>\nSi, cu asta, am incheiat discutia cu dumneavoastra.<\/strong><\/em><\/p>\n<p>Acest comentariu a fost aprobat, \u00een timp ce eu am fost &#8230; trecut \u00een filtrul spam !?!?<\/p>\n<p>S\u0103 fie clar ca aici nu discut calit\u0103\u0163ile profesionale ale sus-numitei, ci (ne)calit\u0103\u0163ile umane !<\/p>\n<p>Dac\u0103 cineva se coboar\u0103 la un nivel at\u00e2t de josnic, trebuie s\u0103-\u015fi primeasc\u0103 &#8230; r\u0103splata !<\/p>\n<p>Dar, hai s\u0103 r\u0103spund pe larg d-lui<strong> marcjura<\/strong>, deci indirect, d-nei <strong>Pe\u0163an <\/strong>\u015fi \u201d<strong>corteului de aplaudaci<\/strong>\u201d, care nu sunt o minoritate \u00een <strong>DACIA<\/strong>.<\/p>\n<p>1. M\u0103 \u201dacuza\u0163i\u201d c\u0103 nu m\u0103 numesc <strong>Ionel<\/strong>, dar \u015fi numele d-voastr\u0103 mi se pare un \u201daltoi\u201d de nume roman (nu rom\u00e2n) \u015fi ni\u015fte mun\u0163i din Fran\u0163a.<\/p>\n<p>2. Numi\u0163i o seam\u0103 de mari rom\u00e2ni care au preferat s\u0103 r\u0103m\u00e2n\u0103 \u00een \u0163ar\u0103 \u015fi s\u0103 cer\u015feasc\u0103, dec\u00e2t s\u0103 plece. Uita\u0163i \u00eens\u0103 de al\u0163ii, care au f\u0103cut-o \u015fi <strong>\u201dnu au plecat boi, ca s\u0103 se \u00eentoarc\u0103 vaci\u201d !<\/strong> \u00cens\u0103\u015fi d-na Pe\u0163an \u201d<em>face diferen\u0163a<\/em>\u201d \u00eentre cei ce pleac\u0103 s\u0103 \u201d<em>spele sc\u0103ri la Roma<\/em>\u201d \u015fi cei ce o fac pentru<em> a studia<\/em>, cum se poate vedea :<\/p>\n<p><!-- \t\t@page { margin: 2cm } \t\tP { margin-bottom: 0.21cm } \t\tA:link { so-language: zxx } --><cite><a href=\"http:\/\/www.dacica.ro\/\">Aurora<\/a><\/cite> says:<\/p>\n<p><a href=\"http:\/\/dacica.ro\/blog\/?p=3366&amp;cpage=1#comment-3618\">6 Rapciune 2010 at 17:54<\/a><\/p>\n<p><em><strong>Anca, tu esti acolo sa studiezi, e cu totul altceva.<\/strong><\/em><\/p>\n<p><em>(c\u00e2t\u0103 &#8230; micime !!!)<\/em><em><strong><br \/>\n<\/strong><\/em><\/p>\n<p>Eu personal, ca \u015fi aderen\u0163ii <strong>Mi\u015fc\u0103rii DACIA<\/strong>, sunt total \u00eempotriva &#8230;<strong> CER\u015eITULUI<\/strong>, ce nu are nimic \u00een comun cu <strong>SPIRITUL DACIC !!!<\/strong><\/p>\n<p>De asemenea, noi nu categorisim <strong>munca<\/strong> dup\u0103 criteriile dumneavoastr\u0103, ci o consider\u0103m <strong>UN DREPT \u015eI O OBLIGA\u0162IE <\/strong>&#8230; \u015fi at\u00e2t !!!\u00a0 Rom\u00e2nii care au plecat, au f\u0103cut-o <strong>\u201d\u00eempin\u015fi de un SISTEM\u201d<\/strong> (<em>din care fac parte \u015fi minerii-huligani ai d-voastr\u0103<\/em>), pe care noi vrem s\u0103-l<strong> DEMOL\u0102M<\/strong> ! Dac\u0103 d-na<strong> Pe\u0163an<\/strong> \u201d<em>g\u0103se\u015fte scuze<\/em>\u201d pentru cei ce studiaz\u0103, ar trebui s\u0103 accepte \u015fi &#8230; restul. Eu oricum pot garanta c\u0103 au fost vremuri, c\u00e2nd \u015ecoala Rom\u00e2neasc\u0103, era superioar\u0103 celei din Occident \u015fi dorim din suflet s\u0103 ne \u201drepozi\u0163ion\u0103m\u201d.<\/p>\n<p>3. Sus\u0163ine\u0163i c\u0103 a\u0163i r\u0103mas \u00een \u0163ar\u0103 <strong>\u201dca s\u0103 lupta\u0163i\u201d<\/strong> ?<\/p>\n<p>Cu cine domnilor ? Ce a\u0163i f\u0103cut concret ? Ce combate\u0163i, dac\u0103 nu sunte\u0163i \u00een stare nici s\u0103 v\u0103 petici\u0163i acoperi\u015ful !?!?\u00a0 L\u0103sa\u0163i de-o parte laptop-ul c\u00e2nd v\u0103 duce\u0163i cu oile \u015fi pune\u0163i m\u00e2na s\u0103 <strong>bate\u0163i cuie, ci nu s\u0103 \u201dbate\u0163i c\u00e2mpii<\/strong>\u201d !\u00a0 Eu fac ceea ce fac \u015fi sunt convins s\u0103 \u201dmerg p\u00e2n\u0103 \u00een p\u00e2nzele albe\u201d \u015fi nu o s\u0103 primesc sfaturi de la unul c\u0103ruia \u00eei cad geamurile \u00een cap ! Lupt\u0103tori ca voi <em>\u201dcu datul cu HUO<\/em>\u201d, nu vor schimba<strong> DACIA <\/strong>!\u00a0 Dup\u0103 cum<strong> DACIA<\/strong> are nevoie de oameni care s\u0103-l combat\u0103 pe <strong>Djuvara<\/strong>, c\u00e2nd sus\u0163ine c\u0103 ne tragem din &#8230; <strong>cumani<\/strong>, ci nu de &#8230; <em>v\u00e2nz\u0103tori de reproduceri<\/em> ale statuilor din<strong> VATICAN<\/strong> ! Da domnilor, dac\u0103 nu o s\u0103 vede\u0163i c\u00e2t\u0103<strong> DACIA<\/strong> este \u00een<strong> VATICAN<\/strong> \u015fi \u00een<strong> FORUL IMPERIAL<\/strong>, o s\u0103 continua\u0163i s\u0103-l lua\u0163i la \u201d<em>mi\u015fto manelistic<\/em>\u201d pe <strong>S\u0103vescu<\/strong>, ce pe banii s\u0103i, se lupt\u0103 cu indolen\u0163a \u015fi anti-rom\u00e2nismul academicienilor \u015fi altor \u201dtelectuali\u201d ! \u00centreba\u0163i-v\u0103 de ce Papa a spus c\u0103 <strong>AICI<\/strong> este<strong> GR\u0102DINA MAICII DOMNULUI<\/strong> !<\/p>\n<p><!-- \t\t@page { margin: 2cm } \t\tP { margin-bottom: 0.21cm } -->4. SCRIE\u0162I :<strong> \u201dVeniti acasa o luna, la un volan de Alfa Romeo, mai puneti un etaj la casa si un termopan la usa podului, apoi o-ntindeti repejor inapoi.\u201d<\/strong><\/p>\n<p>Da domnule, mul\u0163i dintre noi fac a\u015fa ! Dup\u0103 un an de<em> munc\u0103 grea, \u00een ambient ostil<\/em>, se vine <strong>\u201dacas\u0103\u201d<\/strong> \u015fi nu se<em> \u201dc\u00e2nt\u0103 oilor din laptop\u201d<\/em>, ci <strong>se munce\u015fte<\/strong> din nou, pentru a asigura copiilor, nu numai vacan\u0163a la mare !<\/p>\n<p><!-- \t\t@page { margin: 2cm } \t\tP { margin-bottom: 0.21cm } -->5. Scrie\u0163i c\u0103 : <strong>\u201dAsta in vreme ce, la voi acasa, scarile de bloc put \u00een ultimul hal, iar pam\u00e2ntul pe care Dacii nu l-au abandonat niciodata, pl\u00e2nge ca e napadit de scaieti si maracini.\u201d<\/strong><\/p>\n<p>Uita\u0163i domnule c\u0103 <strong><em>SUNTE\u0162I DUMNEAVOASTR\u0102<\/em><\/strong> cei ce ar trebui s\u0103 cure\u0163e \u015fi s\u0103 cultive p\u0103m\u00e2ntul!\u00a0 Ce a\u0163i vrea, s\u0103 o facem tot noi ???<\/p>\n<p><!-- \t\t@page { margin: 2cm } \t\tP { margin-bottom: 0.21cm } -->6. Scrie\u0163i : <strong>\u201dveniti din strainatate cu un aer imputit de superioritate\u201d<\/strong><\/p>\n<p>Probabil c\u0103 aceast\u0103 senza\u0163ie o au cei &#8230; ca dumneavoastr\u0103, \u00een ochii c\u0103rora s\u0103l\u0103\u015fluie\u015fte at\u00e2ta<strong> UR\u0102, <\/strong>sau o creeaz\u0103 cei ca dumneavoastr\u0103, care au \u201d<em>n\u0103v\u0103lit<\/em>\u201d \u015fi aici<strong> ! <\/strong><\/p>\n<p><!-- \t\t@page { margin: 2cm } \t\tP { margin-bottom: 0.21cm } -->7. Scrie\u0163i :\u00a0 <strong>\u201dComparatia cu minerii, (\u201dn-ati m\u00e2ncat salam cu soia\u201d) e un sofism pe care-l folositi \u00eentr-un mod patetic.\u201d<\/strong><\/p>\n<p>O fi un sofism pentru dumneata, pentru mine este o cauz\u0103 a \u201dplec\u0103rii\u201d !\u00a0\u00a0 Cei ce minimizeaz\u0103 acel episod, \u00een niciun caz nu sunt &#8230; <strong>ciobani<\/strong>, ci au <strong>PUTEREA<\/strong> azi !<\/p>\n<p><!-- \t\t@page { margin: 2cm } \t\tP { margin-bottom: 0.21cm } -->8. Scrie\u0163i :\u00a0 <strong>\u201dDe ce VIRTUALA, ma?<\/strong><\/p>\n<p>Apelativul folosit (<strong>M\u0102<\/strong>), <em>\u201dv\u0103 degradeaz\u0103<\/em>\u201d<strong> <\/strong>din start !<\/p>\n<p>C\u00e2nd o s\u0103 citi\u0163i tot despre<strong> MVD<\/strong>, o s\u0103 pricepe\u0163i c\u0103 suntem la \u00eenceputul unui drum, ce se va \u00eencheia cu <strong>MI\u015eCAREA DACIA.<\/strong><\/p>\n<p><!-- \t\t@page { margin: 2cm } \t\tP { margin-bottom: 0.21cm } -->9. Scrie\u0163i :\u00a0<strong> \u201dAs pleca c\u00e2t vad cu ochii. Dar nu-mi pot lasa \u0163ara pe m\u00e2inile lor.\u201d<\/strong><\/p>\n<p>\u015ei ce anume face\u0163i, ca s\u0103 nu o l\u0103sa\u0163i \u201dpe m\u00e2na lor\u201d ? P\u0103i dac\u0103 dumneata nu e\u015fti \u00een stare s\u0103 te aperi de ploaie, cum vrei s\u0103 aperi ceva ???<\/p>\n<p><!-- \t\t@page { margin: 2cm } \t\tP { margin-bottom: 0.21cm } -->10. Scrie\u0163i: \u201d<strong>Si stiu ca, intr-o zi, fiica mea va fi m\u00e2ndra ca a crescut ca un brad, nu ca un bonsai.\u201d<\/strong><br \/>\nM\u0103 \u00eendoiesc c\u0103 <strong>\u201dbrazii\u201d<\/strong> au necesitate de mentori ca dumneavoastr\u0103\u00a0\u00a0 &#8230; sunte\u0163i prea &#8230;<strong> MIC<\/strong> !<\/p>\n<p><!-- \t\t@page { margin: 2cm } \t\tP { margin-bottom: 0.21cm } -->11. (Ca punctele Programului nostru)\u00a0 Scrie\u0163i :<strong>\u201dlasati-ne pe noi in amarul nostru\u201d<\/strong><\/p>\n<p>Nu v\u0103 l\u0103s\u0103m domnilor, pentru c\u0103 nu sunte\u0163i numai (cei ca) voi \u00een <strong>DACIA<\/strong>, mai sunt \u015fi <strong>moldovenii \u015fi arom\u00e2nii \u015fi vlasii \u015fi istro-rom\u00e2nii, etc. \u015fi alte 3 milioane de DACI r\u0103sp\u00e2ndi\u0163i \u00een Lume (vede\u0163i, nu to\u0163i stau unde vre\u0163i dumneavoastr\u0103 !) \u015fi &#8230; mul\u0163i se vor \u00eentoarce ACAS\u0102\u00a0 !<\/strong><!-- \t\t@page { margin: 2cm } \t\tP { margin-bottom: 0.21cm } --><!-- \t\t@page { margin: 2cm } \t\tP { margin-bottom: 0.21cm } --><\/p>\n","protected":false},"excerpt":{"rendered":"<p>Iat\u0103 un comentariu \u201daprobat\u201d de d-na (?) Aurora Pe\u0163an : marcjura says: 6 Rapciune 2010 at 11:31 Don Giovanni sau Patria ubi bene Ca mare dac ce va tr\u00e2mbitati, ati fi putut sa va numiti Ionica. Aici, la noi, ACASA, e greu, si nu neaparat din lipsa de bani. E greu din lipsa de Oameni. [&hellip;]<\/p>\n","protected":false},"author":2,"featured_media":0,"comment_status":"open","ping_status":"open","sticky":false,"template":"","format":"standard","meta":{"footnotes":""},"categories":[3],"tags":[397,45,392,210],"jetpack_featured_media_url":"","_links":{"self":[{"href":"https:\/\/bassdu.mine.bz\/index.php?rest_route=\/wp\/v2\/posts\/1171"}],"collection":[{"href":"https:\/\/bassdu.mine.bz\/index.php?rest_route=\/wp\/v2\/posts"}],"about":[{"href":"https:\/\/bassdu.mine.bz\/index.php?rest_route=\/wp\/v2\/types\/post"}],"author":[{"embeddable":true,"href":"https:\/\/bassdu.mine.bz\/index.php?rest_route=\/wp\/v2\/users\/2"}],"replies":[{"embeddable":true,"href":"https:\/\/bassdu.mine.bz\/index.php?rest_route=%2Fwp%2Fv2%2Fcomments&post=1171"}],"version-history":[{"count":8,"href":"https:\/\/bassdu.mine.bz\/index.php?rest_route=\/wp\/v2\/posts\/1171\/revisions"}],"predecessor-version":[{"id":1179,"href":"https:\/\/bassdu.mine.bz\/index.php?rest_route=\/wp\/v2\/posts\/1171\/revisions\/1179"}],"wp:attachment":[{"href":"https:\/\/bassdu.mine.bz\/index.php?rest_route=%2Fwp%2Fv2%2Fmedia&parent=1171"}],"wp:term":[{"taxonomy":"category","embeddable":true,"href":"https:\/\/bassdu.mine.bz\/index.php?rest_route=%2Fwp%2Fv2%2Fcategories&post=1171"},{"taxonomy":"post_tag","embeddable":true,"href":"https:\/\/bassdu.mine.bz\/index.php?rest_route=%2Fwp%2Fv2%2Ftags&post=1171"}],"curies":[{"name":"wp","href":"https:\/\/api.w.org\/{rel}","templated":true}]}}