{"id":1195,"date":"2010-09-12T13:03:55","date_gmt":"2010-09-12T12:03:55","guid":{"rendered":"http:\/\/bassdu.mine.nu\/?p=1195"},"modified":"2010-09-12T13:53:00","modified_gmt":"2010-09-12T12:53:00","slug":"%e2%80%9dmiscarea-dacia%e2%80%9d-este-prezenta-de-azi-pe-twitter","status":"publish","type":"post","link":"https:\/\/bassdu.mine.bz\/?p=1195","title":{"rendered":"\u201dMi\u015fcarea DACIA\u201d este prezent\u0103 de azi pe twitter"},"content":{"rendered":"<p>Dragi prieteni,<\/p>\n<p>\u00cencep\u00e2nd de azi, <strong>\u201dfacem un alt pas\u201d<\/strong> pentru realizarea unei mi\u015fc\u0103ri politice, care pe baza OBIECTIVELOR \u015fi PRINCIPIILOR enun\u0163ate deja la grupul Facebook <strong>\u201dMi\u015fcarea Virtual\u0103 DACIA\u201d<\/strong>, s\u0103 treac\u0103 la &#8230;<em> \u201dFAPTE\u201d<\/em> !<\/p>\n<p>Aceast\u0103 ini\u0163iativ\u0103 este menit\u0103 s\u0103 fie continuat\u0103 cu un <strong>PORTAL<\/strong>, dedicat form\u0103rii structurilor necesare<em> PRIMEI MI\u015eC\u0102RI POLITICE ROM\u00c2NE\u015eTI ONLINE<\/em>. Astfel, vom putea s\u0103 public\u0103m, s\u0103 facem tele-conferin\u0163e, s\u0103 comunic\u0103m, etc., \u00een pu\u0163ine cuvinte, s\u0103 facem tot ce trebuie pentru <span style=\"text-decoration: underline;\"><strong>FONDAREA \u201dMi\u015fc\u0103rii DACIA\u201d<\/strong><\/span>.<\/p>\n<p>Din acest moment, to\u0163i cei ce sunt dispu\u015fi s\u0103 participe <span style=\"text-decoration: underline;\"><strong>EXCLUSIV<\/strong><\/span> la activit\u0103\u0163ile politice ale<strong> \u201dMi\u015fc\u0103rii DACIA\u201d<\/strong>, se vor \u00eent\u00e2lni pe &#8230;<strong> twitter.<\/strong> Sper ca \u00een scurt timp s\u0103 fim \u00een num\u0103r suficient, pentru a trece la fazele urm\u0103toare.<\/p>\n<p><strong>Grupul Facebook \u201dMi\u015fcarea Virtual\u0103 DACIA\u201d<\/strong>, va continua s\u0103 existe, ca mijloc de <em>propagand\u0103 \u015fi informare<\/em> , \u00een vederea atragerii de noi aderen\u0163i, iar<strong> OBIECTIVELE \u015fi PRINCIPIILE<\/strong>, vor r\u0103m\u00e2ne acelea\u015fi, p\u00e2n\u0103 la definitivarea lor, \u00een vederea <span style=\"text-decoration: underline;\"><strong>CONGRESULUI DE CONSTITUIRE<\/strong><\/span>.<\/p>\n<p><em>Reafirm condi\u0163ia de <strong>EXCLUSIVITATE<\/strong>, care \u00eenseamn\u0103 <span style=\"text-decoration: underline;\">\u201d\u00eenh\u0103marea NUMAI la c\u0103ru\u0163a noastr\u0103\u201d<\/span> !!!<\/em><\/p>\n<p>Adresa twitter este : https:\/\/twitter.com\/MiscareaDACIA <a href=\"https:\/\/twitter.com\/MiscareaDACIA\"><img loading=\"lazy\" decoding=\"async\" class=\"alignright\" title=\"Follow us !!!\" src=\"http:\/\/www.csub.edu\/reccenter\/images\/follow_us_twitter-294x300.png\" alt=\"\" width=\"176\" height=\"180\" \/><\/a><a href=\"https:\/\/twitter.com\/MiscareaDACIA\"><img loading=\"lazy\" decoding=\"async\" class=\"alignright size-full wp-image-1196\" title=\"Decebal(alpha1)\" src=\"http:\/\/bassdu.mine.nu\/images\/2010\/09\/Decebalalpha1.jpg\" alt=\"\" width=\"199\" height=\"150\" \/><\/a><\/p>\n","protected":false},"excerpt":{"rendered":"<p>Dragi prieteni, \u00cencep\u00e2nd de azi, \u201dfacem un alt pas\u201d pentru realizarea unei mi\u015fc\u0103ri politice, care pe baza OBIECTIVELOR \u015fi PRINCIPIILOR enun\u0163ate deja la grupul Facebook \u201dMi\u015fcarea Virtual\u0103 DACIA\u201d, s\u0103 treac\u0103 la &#8230; \u201dFAPTE\u201d ! Aceast\u0103 ini\u0163iativ\u0103 este menit\u0103 s\u0103 fie continuat\u0103 cu un PORTAL, dedicat form\u0103rii structurilor necesare PRIMEI MI\u015eC\u0102RI POLITICE ROM\u00c2NE\u015eTI ONLINE. Astfel, vom [&hellip;]<\/p>\n","protected":false},"author":2,"featured_media":0,"comment_status":"open","ping_status":"open","sticky":false,"template":"","format":"standard","meta":{"footnotes":""},"categories":[73],"tags":[210,114,398],"jetpack_featured_media_url":"","_links":{"self":[{"href":"https:\/\/bassdu.mine.bz\/index.php?rest_route=\/wp\/v2\/posts\/1195"}],"collection":[{"href":"https:\/\/bassdu.mine.bz\/index.php?rest_route=\/wp\/v2\/posts"}],"about":[{"href":"https:\/\/bassdu.mine.bz\/index.php?rest_route=\/wp\/v2\/types\/post"}],"author":[{"embeddable":true,"href":"https:\/\/bassdu.mine.bz\/index.php?rest_route=\/wp\/v2\/users\/2"}],"replies":[{"embeddable":true,"href":"https:\/\/bassdu.mine.bz\/index.php?rest_route=%2Fwp%2Fv2%2Fcomments&post=1195"}],"version-history":[{"count":6,"href":"https:\/\/bassdu.mine.bz\/index.php?rest_route=\/wp\/v2\/posts\/1195\/revisions"}],"predecessor-version":[{"id":1202,"href":"https:\/\/bassdu.mine.bz\/index.php?rest_route=\/wp\/v2\/posts\/1195\/revisions\/1202"}],"wp:attachment":[{"href":"https:\/\/bassdu.mine.bz\/index.php?rest_route=%2Fwp%2Fv2%2Fmedia&parent=1195"}],"wp:term":[{"taxonomy":"category","embeddable":true,"href":"https:\/\/bassdu.mine.bz\/index.php?rest_route=%2Fwp%2Fv2%2Fcategories&post=1195"},{"taxonomy":"post_tag","embeddable":true,"href":"https:\/\/bassdu.mine.bz\/index.php?rest_route=%2Fwp%2Fv2%2Ftags&post=1195"}],"curies":[{"name":"wp","href":"https:\/\/api.w.org\/{rel}","templated":true}]}}