{"id":120,"date":"2009-05-05T17:38:40","date_gmt":"2009-05-05T16:38:40","guid":{"rendered":"http:\/\/bassdu.mine.nu\/?p=120"},"modified":"2009-05-10T18:57:05","modified_gmt":"2009-05-10T17:57:05","slug":"lobby-romena-parte-quattordicesima","status":"publish","type":"post","link":"https:\/\/bassdu.mine.bz\/?p=120","title":{"rendered":"Lobby romena  parte quattordicesima"},"content":{"rendered":"<p class=\"MsoNormal\" style=\"margin: 0cm 0cm 10pt; text-align: center;\" align=\"center\"><strong style=\"mso-bidi-font-weight: normal;\"><span style=\"font-size: 18pt; line-height: 115%;\"><span style=\"font-family: Calibri;\">Lobby romena<\/span><\/span><\/strong><\/p>\n<p class=\"MsoNormal\" style=\"margin: 0cm 0cm 10pt; text-align: center;\" align=\"center\"><strong style=\"mso-bidi-font-weight: normal;\"><span style=\"font-size: 14pt; line-height: 115%;\"><span style=\"font-family: Calibri;\">parte quattordicesima<\/span><\/span><\/strong><\/p>\n<p class=\"MsoNormal\" style=\"margin: 0cm 0cm 10pt; text-align: center;\" align=\"center\"><strong style=\"mso-bidi-font-weight: normal;\"><span style=\"font-size: 14pt; line-height: 115%;\"><span style=\"font-family: Calibri;\">\u00a0<\/span><\/span><\/strong><\/p>\n<p class=\"MsoNormal\" style=\"margin: 0cm 0cm 10pt;\"><span style=\"font-size: 12pt; line-height: 115%;\"><span style=\"font-family: Calibri;\"><span style=\"mso-spacerun: yes;\">\u00a0\u00a0\u00a0\u00a0\u00a0 <\/span>E arrivato il momento di vedere come rispondono le Associazioni romene agli interessi dei connazionali.<\/span><\/span><\/p>\n<p class=\"MsoNormal\" style=\"margin: 0cm 0cm 10pt;\"><span style=\"font-size: 12pt; line-height: 115%;\"><span style=\"font-family: Calibri;\"><span style=\"mso-spacerun: yes;\">\u00a0\u00a0\u00a0\u00a0\u00a0 <\/span>Io sono in Italia da quasi 20 ani e posso dire con certezza che noi romeni di vecchia data, eravamo guardati con simpatia, come <strong style=\"mso-bidi-font-weight: normal;\"><em style=\"mso-bidi-font-style: normal;\">cugini<\/em><\/strong>, anche se non si beneficiava <strong style=\"mso-bidi-font-weight: normal;\"><em style=\"mso-bidi-font-style: normal;\">delle porte spalancate<\/em><\/strong>, come oggi. Se la situazione \u00e8 cambiata, qualche domanda si devono porre anche le Associazioni. E vero che la qualit\u00e0 della nuova migrazione \u00e8 scarsa da tutti punti di vista (professionale, educazionale, politico, etnico, ecc.), ma questo non significa la libert\u00e0 di cavalcare queste deficienze, per l\u2019interesse egoistico ed interessato di certe Associazioni, che con<span style=\"mso-spacerun: yes;\">\u00a0 <\/span>la loro divisione, fanno un gioco<span style=\"mso-spacerun: yes;\">\u00a0 <\/span><strong style=\"mso-bidi-font-weight: normal;\">ANTI-ROMENO<\/strong>. Per avere la forza dovuta ai numeri in ballo, vi dovete riunire sotto la stessa bandiera, e parlare con una sola voce, anche se esistono o no diverse <strong style=\"mso-bidi-font-weight: normal;\"><em style=\"mso-bidi-font-style: normal;\">simpatie <\/em><\/strong><span style=\"mso-spacerun: yes;\">\u00a0<\/span>politiche di mezzo.<\/span><\/span><\/p>\n<p class=\"MsoNormal\" style=\"margin: 0cm 0cm 10pt;\"><span style=\"font-size: 12pt; line-height: 115%;\"><span style=\"font-family: Calibri;\"><span style=\"mso-spacerun: yes;\">\u00a0\u00a0\u00a0\u00a0\u00a0 <\/span>Quelle associazioni che sono <strong style=\"mso-bidi-font-weight: normal;\"><em style=\"mso-bidi-font-style: normal;\">schierate<\/em><\/strong><span style=\"mso-spacerun: yes;\">\u00a0 <\/span>politicamente, devono presentare al pi\u00f9 presto <strong style=\"mso-bidi-font-weight: normal;\"><em style=\"mso-bidi-font-style: normal;\">l\u2019offerta<\/em><\/strong><span style=\"mso-spacerun: yes;\">\u00a0 <\/span>dell\u2019area di riferimento, presentarla alle altre <span style=\"mso-spacerun: yes;\">\u00a0<\/span>associazioni, ai media romeni, ai privati cittadini, in modo da poter valutare con chi <strong style=\"mso-bidi-font-weight: normal;\"><em style=\"mso-bidi-font-style: normal;\"><span style=\"text-decoration: underline;\">votare<\/span><\/em><\/strong> .<\/span><\/span><\/p>\n<p class=\"MsoNormal\" style=\"margin: 0cm 0cm 10pt;\"><span style=\"font-family: Calibri;\"><strong style=\"mso-bidi-font-weight: normal;\"><span style=\"text-decoration: underline;\"><span style=\"font-size: 12pt; line-height: 115%;\"><span style=\"mso-spacerun: yes;\">\u00a0\u00a0\u00a0\u00a0\u00a0\u00a0 <\/span>La prima condizione da esporre agli interessati \u00e8 la promessa solenne di una campagna riparatrice per la nostra immagine, seguita da le altre iniziative politiche a nostro favore<\/span><\/span><\/strong><span style=\"font-size: 12pt; line-height: 115%;\">. Qualche idea a proposito si pu\u00f2 prendere dai miei post.<\/span><\/span><\/p>\n<p class=\"MsoNormal\" style=\"margin: 0cm 0cm 10pt;\"><span style=\"font-size: 12pt; line-height: 115%;\"><span style=\"font-family: Calibri;\"><span style=\"mso-spacerun: yes;\">\u00a0\u00a0\u00a0\u00a0\u00a0 <\/span>Fino ad ora, nessuna area politica ha mai preso le nostre difese, cosi che <strong style=\"mso-bidi-font-weight: normal;\"><em style=\"mso-bidi-font-style: normal;\">tutti sono ai nastri di partenza.<\/em><\/strong><\/span><\/span><\/p>\n<p class=\"MsoNormal\" style=\"margin: 0cm 0cm 10pt;\"><span style=\"font-size: 12pt; line-height: 115%;\"><span style=\"font-family: Calibri;\"><span style=\"mso-spacerun: yes;\">\u00a0\u00a0\u00a0\u00a0\u00a0 <\/span>Io personalmente mi sono sempre dichiarato <strong style=\"mso-bidi-font-weight: normal;\"><em style=\"mso-bidi-font-style: normal;\">di destra, <\/em><\/strong>come la gran <span style=\"mso-spacerun: yes;\">\u00a0<\/span>parte dei miei connazionali, visto che abbiamo avuto delle brute esperienze con l\u2019area di sinistra. Tuttavia, non esiterei un attimo a votare a sinistra, se da quella parte arrivano delle belle prospettive. Tanto le differenze <span style=\"mso-spacerun: yes;\">\u00a0<\/span>ideologiche sono minime qui in Italia ! <\/span><\/span><\/p>\n<p class=\"MsoNormal\" style=\"margin: 0cm 0cm 10pt;\"><span style=\"font-size: 12pt; line-height: 115%;\"><span style=\"font-family: Calibri;\"><span style=\"mso-spacerun: yes;\">\u00a0\u00a0\u00a0\u00a0\u00a0 <\/span>Non sar\u00e0 difficile a dimostrare che quelli che disattendono questo imperativo di <strong style=\"mso-bidi-font-weight: normal;\">UNITA\u2019, fanno un altro gioco e si meriteranno in pieno il nostro disprezzo !<\/strong><span style=\"mso-spacerun: yes;\">\u00a0\u00a0 <\/span><\/span><\/span><\/p>\n<p class=\"MsoNormal\" style=\"margin: 0cm 0cm 10pt;\"><span style=\"font-size: 12pt; line-height: 115%;\"><span style=\"font-family: Calibri;\"><span style=\"mso-spacerun: yes;\">\u00a0\u00a0\u00a0\u00a0\u00a0 <\/span>Fare Lobby romeno non significa avviare solo attivit\u00e0 culturali, o peggio grigliate e bevute. <\/span><\/span><\/p>\n<p class=\"MsoNormal\" style=\"margin: 0cm 0cm 10pt;\"><span style=\"font-size: 12pt; line-height: 115%;\"><span style=\"font-family: Calibri;\"><span style=\"mso-spacerun: yes;\">\u00a0\u00a0\u00a0\u00a0\u00a0 <\/span>Fare Lobby romeno vuol dire anche educare, indirizzare, accogliere, proteggere, <strong style=\"mso-bidi-font-weight: normal;\"><em style=\"mso-bidi-font-style: normal;\"><span style=\"text-decoration: underline;\">rappresentare.<\/span><\/em><\/strong> <\/span><\/span><\/p>\n<p class=\"MsoNormal\" style=\"margin: 0cm 0cm 10pt;\"><span style=\"font-family: Calibri;\"><strong style=\"mso-bidi-font-weight: normal;\"><em style=\"mso-bidi-font-style: normal;\"><span style=\"font-size: 12pt; line-height: 115%;\"><span style=\"mso-spacerun: yes;\">\u00a0\u00a0\u00a0\u00a0\u00a0 <\/span>Aspettiamo<span style=\"mso-spacerun: yes;\">\u00a0 <\/span>le promesse degli interessati ! <\/span><\/em><\/strong><\/span><\/p>\n<p class=\"MsoNormal\" style=\"margin: 0cm 0cm 10pt;\"><span style=\"font-size: 12pt; line-height: 115%;\"><span style=\"font-family: Calibri;\"><span style=\"mso-spacerun: yes;\">\u00a0\u00a0\u00a0\u00a0\u00a0 <\/span><\/span><\/span><\/p>\n<p class=\"MsoNormal\" style=\"margin: 0cm 0cm 10pt;\"><span style=\"font-size: 12pt; line-height: 115%;\"><span style=\"font-family: Calibri;\"><span style=\"mso-spacerun: yes;\">\u00a0\u00a0\u00a0\u00a0\u00a0 <\/span>Alla prossima !<\/span><\/span><\/p>\n","protected":false},"excerpt":{"rendered":"<p>Lobby romena parte quattordicesima \u00a0 \u00a0\u00a0\u00a0\u00a0\u00a0 E arrivato il momento di vedere come rispondono le Associazioni romene agli interessi dei connazionali. \u00a0\u00a0\u00a0\u00a0\u00a0 Io sono in Italia da quasi 20 ani e posso dire con certezza che noi romeni di vecchia data, eravamo guardati con simpatia, come cugini, anche se non si beneficiava delle porte spalancate, [&hellip;]<\/p>\n","protected":false},"author":2,"featured_media":0,"comment_status":"open","ping_status":"open","sticky":false,"template":"","format":"standard","meta":{"footnotes":""},"categories":[53],"tags":[1580,11,50,63],"jetpack_featured_media_url":"","_links":{"self":[{"href":"https:\/\/bassdu.mine.bz\/index.php?rest_route=\/wp\/v2\/posts\/120"}],"collection":[{"href":"https:\/\/bassdu.mine.bz\/index.php?rest_route=\/wp\/v2\/posts"}],"about":[{"href":"https:\/\/bassdu.mine.bz\/index.php?rest_route=\/wp\/v2\/types\/post"}],"author":[{"embeddable":true,"href":"https:\/\/bassdu.mine.bz\/index.php?rest_route=\/wp\/v2\/users\/2"}],"replies":[{"embeddable":true,"href":"https:\/\/bassdu.mine.bz\/index.php?rest_route=%2Fwp%2Fv2%2Fcomments&post=120"}],"version-history":[{"count":3,"href":"https:\/\/bassdu.mine.bz\/index.php?rest_route=\/wp\/v2\/posts\/120\/revisions"}],"predecessor-version":[{"id":145,"href":"https:\/\/bassdu.mine.bz\/index.php?rest_route=\/wp\/v2\/posts\/120\/revisions\/145"}],"wp:attachment":[{"href":"https:\/\/bassdu.mine.bz\/index.php?rest_route=%2Fwp%2Fv2%2Fmedia&parent=120"}],"wp:term":[{"taxonomy":"category","embeddable":true,"href":"https:\/\/bassdu.mine.bz\/index.php?rest_route=%2Fwp%2Fv2%2Fcategories&post=120"},{"taxonomy":"post_tag","embeddable":true,"href":"https:\/\/bassdu.mine.bz\/index.php?rest_route=%2Fwp%2Fv2%2Ftags&post=120"}],"curies":[{"name":"wp","href":"https:\/\/api.w.org\/{rel}","templated":true}]}}