{"id":1216,"date":"2010-09-25T23:14:00","date_gmt":"2010-09-25T22:14:00","guid":{"rendered":"http:\/\/bassdu.mine.nu\/?p=1216"},"modified":"2010-09-25T23:17:25","modified_gmt":"2010-09-25T22:17:25","slug":"%e2%80%9dalba-ca-zapada%e2%80%9d-conditie-necesara-dar-nu-si-suficienta","status":"publish","type":"post","link":"https:\/\/bassdu.mine.bz\/?p=1216","title":{"rendered":"\u201dAlb\u0103 ca z\u0103pada\u201d &#8211; condi\u0163ie necesar\u0103, dar nu \u015fi&#8230; suficient\u0103 !"},"content":{"rendered":"<p>Ca s\u0103 nu zic\u0103 cineva c\u0103 am ceva cu Cernea (c\u0103 doar nu sunt &#8230; mama vitreg\u0103), o s\u0103 spun c\u0103 l-am votat \u00een primul tur al preziden\u0163ialelor, de\u015fi nu mi-a pl\u0103cut afirma\u0163ia referitoare la pre\u015fedinta \u0163iganc\u0103 \u015fi&#8230; lezbic\u0103 \u015fi nici \u201dstagiul\u201d \u00een \u201dzona Soro\u015f\u201d.\u00a0 Am considerat c\u0103-i &#8230; r\u0103ul minor.<\/p>\n<p>Acum se propune ca lider al unei noi forma\u0163iuni politice (asta nu-mi place !), de tip \u201dAlb\u0103 ca z\u0103pada\u201d, adic\u0103&#8230; curat\u0103, cu acces interzis vechilor politicieni \u015fi asta &#8230; \u00eemi place. Dar tare mi-e fric\u0103 de piticii (care ar putea fi Iliescu, B\u0103sescu, Antonescu, Vanghelie, Boc, Ponta \u015fi Patriciu), care cred c\u0103 au trimis \u201dla \u00eenaintare\u201d pe Cernea, realiz\u00e2nd&#8230; c\u00e2t sunt de mici (\u00een ochii boborului), dup\u0103 ce s-au uitat \u00een \u201doglinda &#8211; oglinjoar\u0103\u201d ( a se citi sondaje). Oricum, eu sunt contra celor ce mai \u00eent\u00e2i g\u0103sesc liderii \u015fi mai apoi &#8230; ne spun \u201dce vor\u201d ! Deci mai \u00eent\u00e2i vrem\u00a0 PROGRAMUL, pentru c\u0103 ie\u015firea din r\u00e2ndurile VERZILOR, miroase a &#8230; PUTREGAI !<\/p>\n<p>Las \u201dliber\u201d la imagina\u0163ie \u015fi v\u0103 a\u015ftept cu propuneri de &#8230; interpret\u0103ri, sau chiar de &#8230; alte pove\u015fti !<\/p>\n<p style=\"text-align: center;\"><object classid=\"clsid:d27cdb6e-ae6d-11cf-96b8-444553540000\" width=\"425\" height=\"350\" codebase=\"http:\/\/download.macromedia.com\/pub\/shockwave\/cabs\/flash\/swflash.cab#version=6,0,40,0\"><param name=\"src\" value=\"http:\/\/www.youtube.com\/v\/1btJQAYJAkw\" \/><\/object><\/p>\n","protected":false},"excerpt":{"rendered":"<p>Ca s\u0103 nu zic\u0103 cineva c\u0103 am ceva cu Cernea (c\u0103 doar nu sunt &#8230; mama vitreg\u0103), o s\u0103 spun c\u0103 l-am votat \u00een primul tur al preziden\u0163ialelor, de\u015fi nu mi-a pl\u0103cut afirma\u0163ia referitoare la pre\u015fedinta \u0163iganc\u0103 \u015fi&#8230; lezbic\u0103 \u015fi nici \u201dstagiul\u201d \u00een \u201dzona Soro\u015f\u201d.\u00a0 Am considerat c\u0103-i &#8230; r\u0103ul minor. Acum se propune ca [&hellip;]<\/p>\n","protected":false},"author":2,"featured_media":0,"comment_status":"open","ping_status":"open","sticky":false,"template":"","format":"standard","meta":{"footnotes":""},"categories":[73,1],"tags":[407,310,45,210,408,70,41,158,62],"jetpack_featured_media_url":"","_links":{"self":[{"href":"https:\/\/bassdu.mine.bz\/index.php?rest_route=\/wp\/v2\/posts\/1216"}],"collection":[{"href":"https:\/\/bassdu.mine.bz\/index.php?rest_route=\/wp\/v2\/posts"}],"about":[{"href":"https:\/\/bassdu.mine.bz\/index.php?rest_route=\/wp\/v2\/types\/post"}],"author":[{"embeddable":true,"href":"https:\/\/bassdu.mine.bz\/index.php?rest_route=\/wp\/v2\/users\/2"}],"replies":[{"embeddable":true,"href":"https:\/\/bassdu.mine.bz\/index.php?rest_route=%2Fwp%2Fv2%2Fcomments&post=1216"}],"version-history":[{"count":4,"href":"https:\/\/bassdu.mine.bz\/index.php?rest_route=\/wp\/v2\/posts\/1216\/revisions"}],"predecessor-version":[{"id":1219,"href":"https:\/\/bassdu.mine.bz\/index.php?rest_route=\/wp\/v2\/posts\/1216\/revisions\/1219"}],"wp:attachment":[{"href":"https:\/\/bassdu.mine.bz\/index.php?rest_route=%2Fwp%2Fv2%2Fmedia&parent=1216"}],"wp:term":[{"taxonomy":"category","embeddable":true,"href":"https:\/\/bassdu.mine.bz\/index.php?rest_route=%2Fwp%2Fv2%2Fcategories&post=1216"},{"taxonomy":"post_tag","embeddable":true,"href":"https:\/\/bassdu.mine.bz\/index.php?rest_route=%2Fwp%2Fv2%2Ftags&post=1216"}],"curies":[{"name":"wp","href":"https:\/\/api.w.org\/{rel}","templated":true}]}}