{"id":1236,"date":"2010-10-08T21:46:31","date_gmt":"2010-10-08T20:46:31","guid":{"rendered":"http:\/\/bassdu.mine.nu\/?p=1236"},"modified":"2013-11-25T21:27:32","modified_gmt":"2013-11-25T20:27:32","slug":"%e2%80%9dmiscarea-dacia%e2%80%9d-se-ocupa-de-politica","status":"publish","type":"post","link":"https:\/\/bassdu.mine.bz\/?p=1236","title":{"rendered":"\u201dMi\u015fcarea DACIA\u201d se ocup\u0103 de&#8230; politic\u0103 !"},"content":{"rendered":"<p>Cine activeaz\u0103 constant la grupul Facebook, poate fi indus \u00een eroare citind multele link-uri propuse, ce se refer\u0103 la DACIA.<\/p>\n<p>Se poate crede c\u0103 unicul nostru scop, este rememorarea Trecutului M\u0103re\u0163.<\/p>\n<p>\u0162in s\u0103 reamintesc existen\u0163a <a href=\"http:\/\/www.facebook.com\/group.php?gid=141387601036&amp;v=info\" target=\"_blank\"><strong>Principiilor \u015fi Obiectivelor<\/strong><\/a>, ce au un puternic caracter&#8230; <span style=\"text-decoration: underline;\"><strong>politic<\/strong><\/span> !<\/p>\n<p>Leg\u0103tura cu<strong> DACIA<\/strong>, a fost explicat\u0103 pe larg.\u00a0 Pe l\u00e2ng\u0103 primul Obiectiv ( <em>redescoperirea Trecutului, a Tradi\u0163iilor \u015fi Obiceiurilor<\/em> ), combaterea<strong> manipul\u0103rii prin deformare, a Istoriei \u015fi a Limbii noastre,<\/strong> trebuie privit\u0103 tot prin prisma&#8230; <strong>politicii<\/strong>, ce-\u015fi propune eliminarea<em> auto-lezionismului cona\u0163ionalilor \u015fi a denigr\u0103rilor neprietenilor<\/em>.<\/p>\n<p>Ata\u015famentul nostru ferm, fa\u0163\u0103 de <strong>problemele celor de acela\u015fi s\u00e2nge cu noi de pretutindeni<\/strong>, are de asemenea un caracter politic. Nu \u00eent\u00e2mpl\u0103tor, dorim unirea celor dou\u0103 state rom\u00e2ne\u015fti sub numele de<strong> DACIA<\/strong>, o nou\u0103<strong> Politic\u0103 Regional\u0103<\/strong>, \u00eentoarcerea<strong> Competen\u0163elor emigrate<\/strong> \u015fi ap\u0103rarea <strong>demnit\u0103\u0163ii Diasporei<\/strong>.<\/p>\n<p>Leg\u0103tura cu DACIA, se g\u0103se\u015fte \u015fi \u00een alte <a href=\"http:\/\/www.facebook.com\/group.php?gid=141387601036&amp;v=info\" target=\"_blank\"><strong>Obiective \u015fi Pincipii<\/strong><\/a>, cum ar fi : <em>Lupta \u00eempotriva Corup\u0163iei \u015fi Imoralit\u0103\u0163ii, acceptarea \u00een propriile r\u00e2nduri a tuturor celor ce au la suflet soarta DACIEI, indiferent de etnie, na\u0163ionalitate, loca\u0163ie, etc., dar mai ales, necesitatea unei armonii Om &#8211; Ambient, pierdut\u0103 \u00een 2000 de ani.<\/em> Tot de la daci, vrem s\u0103 deprindem o <strong>organizare statal\u0103, juridic\u0103\u00a0 \u015fi social\u0103 simpl\u0103 \u015fi eficient\u0103,<\/strong> \u00een evident contrast cu <strong>Haosul generalizat \u015fi Imoralitatea Sistemic\u0103 din zilele noastre<\/strong> (<em>Educa\u0163ie, S\u0103n\u0103tate, Competen\u0163e, Activit\u0103\u0163i futile, Cultur\u0103, etc<\/em>.).<\/p>\n<p>Leg\u0103tura cu DACIA, se g\u0103se\u015fte \u015fi \u00eentr-o nou\u0103 politic\u0103 de<strong> Pace \u015fi Prietenie<\/strong>, cu toate \u0163\u0103rile, dar mai ales cu <strong>vecinii<\/strong> no\u015ftri, pun\u00e2nd bazele unei noi <strong>Politici Regionale<\/strong>,\u00a0 \u00een evident contrast cu actualele abord\u0103ri.<\/p>\n<p>Cert este c\u0103 noi suntem contari actualei <strong>Globaliz\u0103ri<\/strong>, \u00eempotriva <em>dilu\u0103rii<\/em> <strong>Identit\u0103\u0163ii Na\u0163ionale<\/strong>, \u00eempotriva <strong>Rememor\u0103rilor Istorice <\/strong>contrastante<a href=\"http:\/\/www.facebook.com\/group.php?gid=141387601036&amp;v=info\" target=\"_blank\"> <strong>Principiilor \u015fi Obiectivelor<\/strong><\/a> noastre, \u00eempotriva actualului<strong> Sistem Partitic<\/strong>, \u00eempotriva <strong>(NON) Valorilor<\/strong> actual acceptate.<\/p>\n<p>Noi vrem s\u0103 devenim o <strong>For\u0163\u0103 Nou\u0103<\/strong>, de mare<strong> Spiritualitate<\/strong>, capabil\u0103 s\u0103 pun\u0103 noi baze Evolu\u0163iei \u00een <strong>Spa\u0163iul Carpato &#8211; Dun\u0103reano &#8211; Pontic !<\/strong><\/p>\n<p><strong>Dacia de m\u00e2ine<\/strong>, va fi un <em>Spa\u0163iu al BUNULUI &#8211; SIM\u0162<\/em>, <em>f\u0103r\u0103 partide, ci cu Administratori Competen\u0163i, capabili s\u0103 asigure INTERESUL COMUNIT\u0102\u0162II.<\/em><\/p>\n<p>Desigur, acestea sunt ideile mele<em> personale<\/em>, pe care sunte\u0163i invita\u0163i s\u0103 le <strong>dezbate\u0163i <\/strong>\u015fi s\u0103 le<strong> completa\u0163i<\/strong>.\u00a0 Eu nu sunt altceva dec\u00e2t un <em>Administrator<\/em>, ce vegheaz\u0103 s\u0103 nu se devieze de la <a href=\"http:\/\/www.facebook.com\/group.php?gid=141387601036&amp;v=info\" target=\"_blank\"><strong>Principii \u015fi Obiective<\/strong><\/a>, p\u00e2n\u0103 \u00een momentul trecerii la<strong> Ac\u0163iune<\/strong>. Pot avea \u015fi lipsuri \u015fi pot gre\u015fi uneori, dar este normal, deoarece un astfel de Proiect, nu poate fi opera unui <strong>grup restr\u00e2ns<\/strong> de persoane \u015fi cu at\u00e2t mai pu\u0163in a uneia singure ! Eu nu am f\u0103cut altceva, dec\u00e2t s\u0103 \u201dadopt\u201d idei ce mi-au pl\u0103cut, alc\u0103tuind <em>baza\u00a0 de plecare<\/em> pentru <strong>Marea Schimbare<\/strong>. <em>Acum este r\u00e2ndul vostru !<\/em><\/p>\n<p>Haide\u0163i s\u0103 discut\u0103m de &#8230;<strong> POLITIC\u0102<\/strong>, dar nu de cea <em>actual\u0103<\/em>, deoarece este deja <em>\u201dcondamnat\u0103<\/em>\u201d !<\/p>\n<p><span style=\"text-decoration: underline;\"><strong>G\u00e2ndi\u0163i-v\u0103 la CE LUME VRE\u0162I S\u0102 L\u0102SA\u0162I COPIILOR VO\u015eTRI !<\/strong><\/span><\/p>\n","protected":false},"excerpt":{"rendered":"<p>Cine activeaz\u0103 constant la grupul Facebook, poate fi indus \u00een eroare citind multele link-uri propuse, ce se refer\u0103 la DACIA. Se poate crede c\u0103 unicul nostru scop, este rememorarea Trecutului M\u0103re\u0163. \u0162in s\u0103 reamintesc existen\u0163a Principiilor \u015fi Obiectivelor, ce au un puternic caracter&#8230; politic ! Leg\u0103tura cu DACIA, a fost explicat\u0103 pe larg.\u00a0 Pe l\u00e2ng\u0103 [&hellip;]<\/p>\n","protected":false},"author":2,"featured_media":0,"comment_status":"open","ping_status":"open","sticky":false,"template":"","format":"standard","meta":{"footnotes":""},"categories":[73],"tags":[419,45,420,421,422,210,390,70,295,41],"jetpack_featured_media_url":"","_links":{"self":[{"href":"https:\/\/bassdu.mine.bz\/index.php?rest_route=\/wp\/v2\/posts\/1236"}],"collection":[{"href":"https:\/\/bassdu.mine.bz\/index.php?rest_route=\/wp\/v2\/posts"}],"about":[{"href":"https:\/\/bassdu.mine.bz\/index.php?rest_route=\/wp\/v2\/types\/post"}],"author":[{"embeddable":true,"href":"https:\/\/bassdu.mine.bz\/index.php?rest_route=\/wp\/v2\/users\/2"}],"replies":[{"embeddable":true,"href":"https:\/\/bassdu.mine.bz\/index.php?rest_route=%2Fwp%2Fv2%2Fcomments&post=1236"}],"version-history":[{"count":6,"href":"https:\/\/bassdu.mine.bz\/index.php?rest_route=\/wp\/v2\/posts\/1236\/revisions"}],"predecessor-version":[{"id":1240,"href":"https:\/\/bassdu.mine.bz\/index.php?rest_route=\/wp\/v2\/posts\/1236\/revisions\/1240"}],"wp:attachment":[{"href":"https:\/\/bassdu.mine.bz\/index.php?rest_route=%2Fwp%2Fv2%2Fmedia&parent=1236"}],"wp:term":[{"taxonomy":"category","embeddable":true,"href":"https:\/\/bassdu.mine.bz\/index.php?rest_route=%2Fwp%2Fv2%2Fcategories&post=1236"},{"taxonomy":"post_tag","embeddable":true,"href":"https:\/\/bassdu.mine.bz\/index.php?rest_route=%2Fwp%2Fv2%2Ftags&post=1236"}],"curies":[{"name":"wp","href":"https:\/\/api.w.org\/{rel}","templated":true}]}}