{"id":1324,"date":"2010-11-21T12:06:50","date_gmt":"2010-11-21T11:06:50","guid":{"rendered":"http:\/\/bassdu.mine.nu\/?p=1324"},"modified":"2010-11-21T13:11:33","modified_gmt":"2010-11-21T12:11:33","slug":"monarhia","status":"publish","type":"post","link":"https:\/\/bassdu.mine.bz\/?p=1324","title":{"rendered":"Monarhia"},"content":{"rendered":"<p><!-- p { margin-bottom: 0.21cm; } --><span style=\"font-size: medium;\"><strong>Monarhia<\/strong><\/span><\/p>\n<p>Pornesc de la premiza c\u0103, personal sunt \u00eempotriva oric\u0103rei <strong>\u201drememor\u0103ri istorice\u201d<\/strong> \u00een ceea ce prive\u015fte forma de guvernare \u015fi o s\u0103 explic de ce:<\/p>\n<p>\u00cen primul r\u00e2nd, \u201dc\u0103utarea \u00een trecutul recent\u201d a formei de guvernare, demonstreaz\u0103&#8230; <strong>lipsa de imagina\u0163ie <\/strong>a unui popor, care disperat de <strong>falimentul actualei clase politice<\/strong>, nu este capabil s\u0103 se g\u00e2ndeasc\u0103 la altceva, adaptat timpurilor moderne, refugiindu-se \u00een<strong> \u201d\u015fabloane\u201d<\/strong>, care deja \u015fi-au demonstrat &#8230; <strong>ineficien\u0163a<\/strong>. Din p\u0103cate, pu\u0163ini realizeaz\u0103 c\u0103 o <strong>Mare Schimbare<\/strong>, nu poate veni \u00een cadrul actualului <strong>Sistem.<\/strong><\/p>\n<p>Exist\u0103 o vorb\u0103 de duh, care spune c\u0103 : <strong>\u201efiecare popor, are liderii pe care \u015fi-i <\/strong><strong>merit\u0103!\u201d<\/strong><\/p>\n<p>Ast\u0103zi, majoritatea rom\u00e2nilor sunt nemul\u0163umi\u0163i de <strong>B\u0103sescu<\/strong>, ieri erau nemul\u0163umi\u0163i de <strong>Iliescu<\/strong> \u015fi <strong>Constantinescu<\/strong>, iar m\u00e2ine vor fi nemul\u0163umi\u0163i de viitorul Pre\u015fedinte, pentru c\u0103 Sistemul <strong>\u201dprogrameaz\u0103 victimele sacrificale\u201d<\/strong>, ce asigur\u0103&#8230; <strong>continuitatea <\/strong>sa !<\/p>\n<p>Dac\u0103 de B\u0103sescu putem s\u0103 ne descotorosim, datorit\u0103 prevederilor constitu\u0163ionale, de o familie regal\u0103, nu o s\u0103 putem, dec\u00e2t printr-o form\u0103 violent\u0103, ceea ce este &#8230;<strong> \u201dun pas \u00eenapoi\u201d<\/strong>. Cine ne garanteaz\u0103 c\u0103 <strong>monarhia<\/strong> este r\u0103spunsul la problemele actuale ? To\u0163i suntem revolta\u0163i de <strong>imixtiunea grupurilor de putere masonice, bilderbergice, etc.<\/strong> , dar suntem gata s\u0103 ne arunc\u0103m \u00een bra\u0163ele unei <strong>monarhii ereditare<\/strong> !? Cine ne garanteaz\u0103 c\u0103 nu sunt ni\u015fte \u201ddegenera\u0163i\u201d ?<\/p>\n<p>Mul\u0163i se g\u00e2ndesc la economiile rezultate din eliminarea urnelor, dar o solu\u0163ie mai bun\u0103 poate fi alegerea de c\u0103tre <strong>SFATUL \u0162\u0102RII<\/strong>, a unui <em>lider expresie a acestuia<\/em>, cu <strong>puteri limitate temporal<\/strong> \u015fi cu <strong>prerogative strict delimitate constitu\u0163ional<\/strong>. Am scris <strong>SFATUL \u0162\u0102RII<\/strong>, pentru c\u0103 nu \u00een\u0163eleg de ce trebuie s\u0103 folosim <strong>PARLAMENT<\/strong>, un cuv\u00e2nt str\u0103in nou\u0103, care m\u0103 duce cu g\u00e2ndul la zic\u0103toarea :<strong>\u201evorb\u0103 lung\u0103, s\u0103r\u0103cia omului\u201d<\/strong>. Tot a\u015fa, va trebui s\u0103 revenim la <strong>DREG\u0102TORII, SFETNICI, VIST<\/strong><strong>ERIE, etc.<\/strong><\/p>\n<p>Mul\u0163i v\u0103d \u00een <strong>Monarhie<\/strong>, calea spre <strong>integrarea european\u0103<\/strong>, f\u0103r\u0103 s\u0103 \u0163in\u0103 cont ca aceasta nu ne-a adus de-a lungul timpuri, dec\u00e2t <strong>deposed\u0103ri \u015fi aservirea<\/strong> la scopurile pu\u0163in ortodoxe ale unui Occident imperialist.<\/p>\n<p>Domnitorul p\u0103m\u00e2ntean <strong>Alexandru Ioan Cuza<\/strong>, a fost \u00eenl\u0103turat de marile puteri ale timpului, \u00een acest scop !<\/p>\n<p>Este adev\u0103rat c\u0103 monarhia a reprezentat o pagin\u0103 important\u0103 \u00een <strong>Istoria Neamului<\/strong>, l\u0103s\u00e2nd \u00eens\u0103, amprente nu mereu conforme <strong>Interesului Na\u0163ional.<\/strong><\/p>\n<p>Aducerea unui <strong>domn str\u0103in<\/strong>, reprezint\u0103 <strong>incapacitatea de Autodeterminare<\/strong> \u015fi nu poate fi motiv de <strong>m\u00e2ndrie na\u0163ional\u0103<\/strong>.<\/p>\n<p>Nu o s\u0103 pricep niciodat\u0103 de ce <strong>Rom\u00e2nia<\/strong> a renun\u0163at f\u0103r\u0103 lupt\u0103 la o parte din <strong>Transilvania<\/strong> \u015fi la <strong>Basarabia \u015fi Bucovina<\/strong>, ac\u0163iuni ce sunt datorate <strong>Casei Regale \u015fi Legionarilor<\/strong>, ce au \u00eenl\u0103turat pe cel mai mare om politic al Neamului, care a fost<strong> Nicolae Titulescu<\/strong>. Acesta \u201eavea \u00een buzunar\u201d <em>Tratatul de Prietenie cu Rusia<\/em>, prin care ni se recuno\u015ftea<strong> apartenen\u0163a din veci \u015fi pentru veci a Basarabiei !<\/strong><\/p>\n<p>\u00cenl\u0103turarea sa, a dus la <strong>\u201durcarea \u0162\u0103rii \u00een c\u0103ru\u0163a german\u0103\u201d<\/strong> (s<em>\u00e2ngele regal ap\u0103 nu se face <\/em>!) \u015fi ne-a pus \u00een conflict cu \u201e<em>uria\u015ful cu picioare de lut<\/em>\u201dde la R\u0103s\u0103rit, dar \u015fi cu <em>Fran\u0163a \u015fi Anglia<\/em>. Urmarea a fost <strong>pierdera Basarabiei, a unei p\u0103r\u0163i a Bucovinei \u015fi a unei p\u0103r\u0163i a Transilvaniei <\/strong>! Mul\u0163i istorici, consider\u0103 c\u0103 dac\u0103 la <strong>Yalta<\/strong>, ru\u015fii s-ar fi prezentat ca alia\u0163i ai no\u015ftri, <strong>Tragedia Na\u0163ional\u0103 <\/strong>nu s-ar fi petrecut !<\/p>\n<p>Mul\u0163i or s\u0103 spun\u0103 : <em>\u201edac\u0103 baba avea roate, era tramvai !\u201d<\/em> , ceea ce m\u0103 face s\u0103 accept c\u0103 acestea sunt&#8230; <strong>supozi\u0163ii<\/strong>.<\/p>\n<p><strong>Regele<\/strong> este binevenit \u00een s\u00e2nul Neamului, \u00een concordan\u0163\u0103 cu <strong>Spiritul<\/strong> acestui popor, dar nu trebuie s\u0103 cad\u0103 victim\u0103 zicalei .<strong> \u201ei se d\u0103 un deget \u015fi el ia toat\u0103 m\u00e2na !\u201d<\/strong> Mai ales c\u0103 \u015fi-a redob\u00e2ndit propriet\u0103\u0163i imense, \u00een timp ce mul\u0163i <strong>mo\u015fneni p\u0103m\u00e2nteni<\/strong>, \u00eenc\u0103 mai lupt\u0103 prin Tribunale, pentru a-\u015fi  redob\u00e2ndi <strong>p\u0103durile str\u0103mo\u015fe\u015fti<\/strong> !<\/p>\n<p>Observ c\u0103 mul\u0163i aderen\u0163i sunt simpatizan\u0163i<em> monarhi\u015fti<\/em>, a\u015fa cum al\u0163ii sunt simpatizan\u0163i ai <em>legionarismului, social-democra\u0163iei, liberalismului, etc.<\/em> Cu toate astea,<strong> nu o s\u0103 menajez pe nimeni<\/strong>, deoarece <strong>\u201eMi\u015fcarea DACIA\u201d<\/strong>, are o alt\u0103 <strong>Ideologie, Tactic\u0103 \u015fi Strategie<\/strong> pentru <strong>Rena\u015fterea Neamului<\/strong> \u015fi scopul nostru este acela de a aduna <strong>toate for\u0163ele responsabile<\/strong>, pentru c\u0103 a trecut vremea diviziunilor impuse de vechiul Sistem \u015fi<strong> trebuie s\u0103 privim \u00eenainte, ci nu \u00eenapoi !<\/strong><\/p>\n","protected":false},"excerpt":{"rendered":"<p>Monarhia Pornesc de la premiza c\u0103, personal sunt \u00eempotriva oric\u0103rei \u201drememor\u0103ri istorice\u201d \u00een ceea ce prive\u015fte forma de guvernare \u015fi o s\u0103 explic de ce: \u00cen primul r\u00e2nd, \u201dc\u0103utarea \u00een trecutul recent\u201d a formei de guvernare, demonstreaz\u0103&#8230; lipsa de imagina\u0163ie a unui popor, care disperat de falimentul actualei clase politice, nu este capabil s\u0103 se [&hellip;]<\/p>\n","protected":false},"author":2,"featured_media":0,"comment_status":"open","ping_status":"open","sticky":false,"template":"","format":"standard","meta":{"footnotes":""},"categories":[73],"tags":[460,461,45,446,448,210,458,41,459,447,462],"jetpack_featured_media_url":"","_links":{"self":[{"href":"https:\/\/bassdu.mine.bz\/index.php?rest_route=\/wp\/v2\/posts\/1324"}],"collection":[{"href":"https:\/\/bassdu.mine.bz\/index.php?rest_route=\/wp\/v2\/posts"}],"about":[{"href":"https:\/\/bassdu.mine.bz\/index.php?rest_route=\/wp\/v2\/types\/post"}],"author":[{"embeddable":true,"href":"https:\/\/bassdu.mine.bz\/index.php?rest_route=\/wp\/v2\/users\/2"}],"replies":[{"embeddable":true,"href":"https:\/\/bassdu.mine.bz\/index.php?rest_route=%2Fwp%2Fv2%2Fcomments&post=1324"}],"version-history":[{"count":5,"href":"https:\/\/bassdu.mine.bz\/index.php?rest_route=\/wp\/v2\/posts\/1324\/revisions"}],"predecessor-version":[{"id":1327,"href":"https:\/\/bassdu.mine.bz\/index.php?rest_route=\/wp\/v2\/posts\/1324\/revisions\/1327"}],"wp:attachment":[{"href":"https:\/\/bassdu.mine.bz\/index.php?rest_route=%2Fwp%2Fv2%2Fmedia&parent=1324"}],"wp:term":[{"taxonomy":"category","embeddable":true,"href":"https:\/\/bassdu.mine.bz\/index.php?rest_route=%2Fwp%2Fv2%2Fcategories&post=1324"},{"taxonomy":"post_tag","embeddable":true,"href":"https:\/\/bassdu.mine.bz\/index.php?rest_route=%2Fwp%2Fv2%2Ftags&post=1324"}],"curies":[{"name":"wp","href":"https:\/\/api.w.org\/{rel}","templated":true}]}}