{"id":1351,"date":"2010-12-02T23:56:01","date_gmt":"2010-12-02T22:56:01","guid":{"rendered":"http:\/\/bassdu.mine.nu\/?p=1351"},"modified":"2010-12-03T17:20:43","modified_gmt":"2010-12-03T16:20:43","slug":"san-marino-san-leo-si-rimini-sub-semnul-daciei","status":"publish","type":"post","link":"https:\/\/bassdu.mine.bz\/?p=1351","title":{"rendered":"San Marino, San Leo \u015fi Rimini sub semnul &#8230; DACIEI !"},"content":{"rendered":"<p><!-- p { margin-bottom: 0.21cm; }a:link {  } -->Fiind eu rezident \u00een <strong>RIMINI<\/strong> (\u00een dialect <strong>REMIN<\/strong>) \u015fi lucr\u00e2nd \u00een <strong>SAN MARINO<\/strong>, am c\u0103utat s\u0103 pricep <em>\u201eunde am nimerit\u201d<\/em>. Am \u00eenceput s\u0103 m\u0103 informez \u015fi am descoperit c\u0103 &#8230; <em>AM NIMERIT BINE, <\/em>a\u015fa cum se \u00eent\u00e2mplase cu ani \u00een urm\u0103 \u015fi unei surori a bunicului matern \u015fi unei surori a mamei mele.<em> <\/em><em>M\u0103 bate g\u00e2ndul, c\u0103 nimic nu este \u00eent\u00e2mpl\u0103tor \u00een via\u0163a unui om !!!<\/em><\/p>\n<p><strong>San Marino<\/strong> a fost fondat \u00een anul <strong>301<\/strong> de un\u00a0<em> <\/em><em>cioplitor de piatr\u0103, devenit ulterior sihastru,<\/em> pe nume <strong>MARIN<\/strong>O  (<a href=\"http:\/\/it.wikipedia.org\/wiki\/San_Marino_diacono\">http:\/\/it.wikipedia.org\/wiki\/San_Marino_diacono<\/a>), n\u0103scut in <em>insula<\/em> <strong>ARB<\/strong><strong>A<\/strong> (<a href=\"http:\/\/it.wikipedia.org\/wiki\/Arbe\">http:\/\/it.wikipedia.org\/wiki\/Arbe<\/a>) din <strong>zona istrian\u0103<\/strong> ( oare o leg\u0103tur\u0103 cu &#8230; <strong>ISTRUL ?<\/strong>), locuit\u0103 \u00een acele timpuri, dar \u015fi azi,de <strong>morlaci, <\/strong>sau<strong> valacchi<\/strong> (<a href=\"http:\/\/it.wikipedia.org\/wiki\/Morlacchi\">http:\/\/it.wikipedia.org\/wiki\/Morlacchi<\/a>).  Acesta fugise \u00een anul <strong>257<\/strong>, \u00eempreun\u0103 cu un alt sihastru, pe nume <strong>LEO<\/strong> (fondator al <em>ora\u015fului<\/em><em>&#8211;<\/em><em>cetate <\/em><strong>SAN LEO<\/strong> la nord de <em>San Marino<\/em>), din fa\u0163a <em>persecu\u0163iilor anti-cre\u015ftine<\/em> ale \u00eemp\u0103ratului roman <em>Diocle\u0163ian<\/em>. M\u0103 distreaz\u0103 \u00een prezent, acapararea de c\u0103tre <strong>Croa\u0163ia<\/strong> (<em>apropo de San Marino<\/em>), a unei istorii care este &#8230; <strong>dacorom\u00e2neasc\u0103, <\/strong>\u0163in\u00e2nd cont c\u0103 serbo-croa\u0163ii au ajuns \u201e\u00een zon\u0103\u201d, c\u00e2teva secole &#8230; mai t\u00e2rziu !!!<\/p>\n<p>Men\u0163ionez c\u0103 \u00een prezent, regiunea \u00een care se g\u0103sesc <strong>San Marino, San Leo<\/strong><strong> <\/strong>\u015fi <strong>RIMINI,<\/strong> se chiam\u0103 &#8230; <strong>ROMAGNA. <\/strong>Tot \u00een aceast\u0103 regiune se g\u0103se\u015fte \u015fi <strong>RAVENNA, <\/strong>unde \u00een sec al V-lea, bisericile erau&#8230; bizantine, iar cei trei magi erau figura\u0163i cu <strong>ve\u015fminte &#8230; dacice<\/strong> !?<\/p>\n<p style=\"text-align: center;\"><a href=\"http:\/\/bassdu.mine.nu\/images\/2010\/12\/ravenna1.jpeg\"><img loading=\"lazy\" decoding=\"async\" class=\"aligncenter size-full wp-image-1353\" title=\"ravenna\" src=\"http:\/\/bassdu.mine.nu\/images\/2010\/12\/ravenna1.jpeg\" alt=\"\" width=\"274\" height=\"184\" \/><\/a><\/p>\n<p>Vechea denumire a <em>Rimini<\/em>ului este <strong>ARIMINUM<\/strong> ( v\u0103 aminti\u0163i de <strong>ARIMI<\/strong>, vechii locuitori ai  <strong>Spa\u0163iului &#8230; ISTRIAN <\/strong>?), este a\u015fezat pe malurile r\u00e2ului cu acela\u015fi nume (azi <em>Marecchia<\/em>), ce izvor\u0103\u015fte la pu\u0163in\u0103 distan\u0163\u0103 de &#8230; <strong>TIBRU<\/strong> (azi <em>TEVERE<\/em>), fluviul <strong>ROMEI<\/strong>.<\/p>\n<p>Sf\u00e2ntul protector al ora\u015fului RIMINI, este <strong>GAUDENZO<\/strong>, n\u0103scut \u00een <strong> <\/strong><strong>EFES <\/strong> (mare rezonan\u0163\u0103 pentru Lumea Tracic\u0103 \u015fi Cre\u015ftinism) (<a href=\"http:\/\/ro.wikipedia.org\/wiki\/Efes\">http:\/\/ro.wikipedia.org\/wiki\/Efes<\/a>), recunoscut azi ca &#8230; <strong>ORTODOX<\/strong>, de \u00eens\u0103\u015fi <em>Biserica Catolic\u0103<\/em>.<\/p>\n<p><em><strong>Cam multe coinciden\u0163e (?) !!!<\/strong><\/em><\/p>\n","protected":false},"excerpt":{"rendered":"<p>Fiind eu rezident \u00een RIMINI (\u00een dialect REMIN) \u015fi lucr\u00e2nd \u00een SAN MARINO, am c\u0103utat s\u0103 pricep \u201eunde am nimerit\u201d. Am \u00eenceput s\u0103 m\u0103 informez \u015fi am descoperit c\u0103 &#8230; AM NIMERIT BINE, a\u015fa cum se \u00eent\u00e2mplase cu ani \u00een urm\u0103 \u015fi unei surori a bunicului matern \u015fi unei surori a mamei mele. M\u0103 bate [&hellip;]<\/p>\n","protected":false},"author":2,"featured_media":0,"comment_status":"open","ping_status":"open","sticky":false,"template":"","format":"standard","meta":{"footnotes":""},"categories":[3],"tags":[337,473,470,415,340,471,472,469],"jetpack_featured_media_url":"","_links":{"self":[{"href":"https:\/\/bassdu.mine.bz\/index.php?rest_route=\/wp\/v2\/posts\/1351"}],"collection":[{"href":"https:\/\/bassdu.mine.bz\/index.php?rest_route=\/wp\/v2\/posts"}],"about":[{"href":"https:\/\/bassdu.mine.bz\/index.php?rest_route=\/wp\/v2\/types\/post"}],"author":[{"embeddable":true,"href":"https:\/\/bassdu.mine.bz\/index.php?rest_route=\/wp\/v2\/users\/2"}],"replies":[{"embeddable":true,"href":"https:\/\/bassdu.mine.bz\/index.php?rest_route=%2Fwp%2Fv2%2Fcomments&post=1351"}],"version-history":[{"count":5,"href":"https:\/\/bassdu.mine.bz\/index.php?rest_route=\/wp\/v2\/posts\/1351\/revisions"}],"predecessor-version":[{"id":1358,"href":"https:\/\/bassdu.mine.bz\/index.php?rest_route=\/wp\/v2\/posts\/1351\/revisions\/1358"}],"wp:attachment":[{"href":"https:\/\/bassdu.mine.bz\/index.php?rest_route=%2Fwp%2Fv2%2Fmedia&parent=1351"}],"wp:term":[{"taxonomy":"category","embeddable":true,"href":"https:\/\/bassdu.mine.bz\/index.php?rest_route=%2Fwp%2Fv2%2Fcategories&post=1351"},{"taxonomy":"post_tag","embeddable":true,"href":"https:\/\/bassdu.mine.bz\/index.php?rest_route=%2Fwp%2Fv2%2Ftags&post=1351"}],"curies":[{"name":"wp","href":"https:\/\/api.w.org\/{rel}","templated":true}]}}